{"id":67570,"date":"2025-05-01T19:09:10","date_gmt":"2025-05-01T19:09:10","guid":{"rendered":"https:\/\/www.europesays.com\/fr\/67570\/"},"modified":"2025-05-01T19:09:10","modified_gmt":"2025-05-01T19:09:10","slug":"lyon-francois-corteel-figure-de-la-lumiere-lyonnaise-et-ancien-delegue-regional-dedf-est-decede","status":"publish","type":"post","link":"https:\/\/www.europesays.com\/fr\/67570\/","title":{"rendered":"Lyon. Fran\u00e7ois Corteel, figure de la lumi\u00e8re lyonnaise et ancien d\u00e9l\u00e9gu\u00e9 r\u00e9gional d\u2019EDF, est d\u00e9c\u00e9d\u00e9"},"content":{"rendered":"<p>Natif de Douai, dans le nord de la France, Fran\u00e7ois Corteel a b\u00e2ti sa carri\u00e8re au sein d\u2019EDF, de Lille \u00e0 Cahors, avant de s\u2019installer \u00e0 Lyon en 1997. D\u2019abord \u00e0 la direction commerciale, il devient d\u00e9l\u00e9gu\u00e9 r\u00e9gional d\u2019EDF Rh\u00f4ne-Alpes puis pr\u00e9sident du Cluster Lumi\u00e8re, f\u00e9d\u00e9rant entreprises et chercheurs autour de l\u2019innovation dans l\u2019\u00e9clairage.<\/p>\n<p>  Une empreinte humaine et professionnelle<\/p>\n<p>Parrain\u00e9 \u00e0 Lyon par <a href=\"https:\/\/www.leprogres.fr\/economie\/2024\/06\/26\/disparition-de-roger-monnami-ancien-dirigeant-de-sonepar-sud-est\" target=\"_blank\" rel=\"noopener\">Roger Monnami<\/a>, une figure incontournable des milieux \u00e9conomiques lyonnais, il s\u2019int\u00e8gre rapidement au tissu local, tissant des liens durables, notamment avec l\u2019artiste lumi\u00e8re <a href=\"https:\/\/www.leprogres.fr\/culture-loisirs\/2024\/11\/28\/derriere-les-nuits-du-parc-des-oiseaux-la-fete-des-lumieres-la-grotte-chauvet-peaugres-gilbert-coudene-le-lyonnais-allumeur-de-reves\" target=\"_blank\" rel=\"noopener\">Gilbert Coudene<\/a>.<\/p>\n<p>Fran\u00e7ois Corteel \u00e9tait reconnu pour sa chaleur humaine, son engagement aupr\u00e8s des non-voyants et sa capacit\u00e9 \u00e0 \u00ab\u00a0mettre en valeur ce qu\u2019il consid\u00e9rait comme beau et important\u00a0\u00bb, selon l\u2019hommage de <a href=\"https:\/\/www.leprogres.fr\/p\/bruno-bonnell\" target=\"_blank\" rel=\"noopener\">Bruno Bonnell<\/a>, multi-entrepreneur sp\u00e9cialis\u00e9 dans l\u2019industrie du num\u00e9rique et de la robotique, <a href=\"https:\/\/www.linkedin.com\/feed\/update\/urn:li:activity:7323405133562732545\/\" target=\"_blank\" rel=\"noopener\">sur LinkedIn<\/a> ce mercredi 30\u00a0avril. \u00ab\u00a0Il a toujours su diriger cette lumi\u00e8re l\u00e0 o\u00f9 ses convictions le dictaient.\u00a0\u00bb<\/p>\n<p>Chevalier de l\u2019Ordre national du M\u00e9rite <a href=\"https:\/\/www.leprogres.fr\/economie\/2013\/07\/11\/francois-corteel-nomme-chevalier-dans-l-ordre-du-merite\" target=\"_blank\" rel=\"noopener\">en 2013<\/a>, il laisse le souvenir d\u2019un homme fid\u00e8le \u00e0 ses convictions, soucieux de transmettre la lumi\u00e8re autant que l\u2019innovation.<\/p>\n","protected":false},"excerpt":{"rendered":"Natif de Douai, dans le nord de la France, Fran\u00e7ois Corteel a b\u00e2ti sa carri\u00e8re au sein d\u2019EDF,&hellip;\n","protected":false},"author":2,"featured_media":67571,"comment_status":"","ping_status":"","sticky":false,"template":"","format":"standard","meta":{"footnotes":""},"categories":[1889],"tags":[1111,11,2430,9223,2757,1777,674,1011,27,2428,2756,1391,12,25,2429,104],"class_list":{"0":"post-67570","1":"post","2":"type-post","3":"status-publish","4":"format-standard","5":"has-post-thumbnail","7":"category-lyon","8":"tag-actu","9":"tag-actualites","10":"tag-auvergne-rhone-alpes","11":"tag-carnet-du-jour","12":"tag-edition-lyon-villeurbanne","13":"tag-eu","14":"tag-europe","15":"tag-fr","16":"tag-france","17":"tag-lyon","18":"tag-lyon-bassin","19":"tag-necrologie","20":"tag-news","21":"tag-republique-francaise","22":"tag-rhone","23":"tag-societe"},"share_on_mastodon":{"url":"https:\/\/pubeurope.com\/@fr\/114434156972051201","error":""},"_links":{"self":[{"href":"https:\/\/www.europesays.com\/fr\/wp-json\/wp\/v2\/posts\/67570","targetHints":{"allow":["GET"]}}],"collection":[{"href":"https:\/\/www.europesays.com\/fr\/wp-json\/wp\/v2\/posts"}],"about":[{"href":"https:\/\/www.europesays.com\/fr\/wp-json\/wp\/v2\/types\/post"}],"author":[{"embeddable":true,"href":"https:\/\/www.europesays.com\/fr\/wp-json\/wp\/v2\/users\/2"}],"replies":[{"embeddable":true,"href":"https:\/\/www.europesays.com\/fr\/wp-json\/wp\/v2\/comments?post=67570"}],"version-history":[{"count":0,"href":"https:\/\/www.europesays.com\/fr\/wp-json\/wp\/v2\/posts\/67570\/revisions"}],"wp:featuredmedia":[{"embeddable":true,"href":"https:\/\/www.europesays.com\/fr\/wp-json\/wp\/v2\/media\/67571"}],"wp:attachment":[{"href":"https:\/\/www.europesays.com\/fr\/wp-json\/wp\/v2\/media?parent=67570"}],"wp:term":[{"taxonomy":"category","embeddable":true,"href":"https:\/\/www.europesays.com\/fr\/wp-json\/wp\/v2\/categories?post=67570"},{"taxonomy":"post_tag","embeddable":true,"href":"https:\/\/www.europesays.com\/fr\/wp-json\/wp\/v2\/tags?post=67570"}],"curies":[{"name":"wp","href":"https:\/\/api.w.org\/{rel}","templated":true}]}}