{"id":67572,"date":"2025-05-01T19:10:09","date_gmt":"2025-05-01T19:10:09","guid":{"rendered":"https:\/\/www.europesays.com\/fr\/67572\/"},"modified":"2025-05-01T19:10:09","modified_gmt":"2025-05-01T19:10:09","slug":"lile-de-france-veut-passer-la-seconde-sur-la-transition-ecologique","status":"publish","type":"post","link":"https:\/\/www.europesays.com\/fr\/67572\/","title":{"rendered":"L&rsquo;\u00cele-de-France veut passer la seconde sur la transition \u00e9cologique"},"content":{"rendered":"\n<p style=\"margin-bottom: 0cm;\">Pour l&rsquo;occasion, les collectivit\u00e9s s&rsquo;allient avec des associations, entreprises et citoyens. L&rsquo;accent est mis sur la r\u00e9novation \u00e9nerg\u00e9tique du b\u00e2ti, car ce secteur repr\u00e9sente pr\u00e8s de 40% des \u00e9missions r\u00e9gionales de CO2. Environ 38.000 r\u00e9novations \u00e9nerg\u00e9tiques globales par an sont vis\u00e9es d\u2019ici 2030. Les r\u00e9seaux li\u00e9s \u00e0 l&rsquo;\u00e9nergie g\u00e9othermique vont \u00eatre renforc\u00e9s. L&rsquo;\u00cele-de-France concentre pr\u00e8s de 9 % des \u00e9missions nationales de gaz \u00e0 effet de serre.<\/p>\n<p lang=\"fr-FR\" style=\"margin-bottom: 0cm;\">\u00a0<\/p>\n<p lang=\"fr-FR\" style=\"margin-bottom: 0cm;\">Nicolas Chacun<\/p>\n<p>!function(f,b,e,v,n,t,s){if(f.fbq)return;n=f.fbq=function(){n.callMethod?<br \/>\nn.callMethod.apply(n,arguments):n.queue.push(arguments)};if(!f._fbq)f._fbq=n;<br \/>\nn.push=n;n.loaded=!0;n.version=&rsquo;2.0&prime;;n.queue=[];t=b.createElement(e);t.async=!0;<br \/>\nt.src=v;s=b.getElementsByTagName(e)[0];s.parentNode.insertBefore(t,s)}(window,<br \/>\ndocument,&rsquo;script&rsquo;,&rsquo;https:\/\/connect.facebook.net\/en_US\/fbevents.js&rsquo;);<br \/>\nfbq(&lsquo;init&rsquo;, &lsquo;278974969201861&rsquo;); \/\/ Insert your pixel ID here.<br \/>\nfbq(&lsquo;track&rsquo;, &lsquo;PageView&rsquo;);<\/p>\n","protected":false},"excerpt":{"rendered":"Pour l&rsquo;occasion, les collectivit\u00e9s s&rsquo;allient avec des associations, entreprises et citoyens. L&rsquo;accent est mis sur la r\u00e9novation \u00e9nerg\u00e9tique&hellip;\n","protected":false},"author":2,"featured_media":67573,"comment_status":"","ping_status":"","sticky":false,"template":"","format":"standard","meta":{"footnotes":""},"categories":[1592],"tags":[1111,11,1933,1936,1777,1939,674,1011,27,662,1934,12,1940,626,1935,25,1937,1941,1938],"class_list":{"0":"post-67572","1":"post","2":"type-post","3":"status-publish","4":"format-standard","5":"has-post-thumbnail","7":"category-ile-de-france","8":"tag-actu","9":"tag-actualites","10":"tag-actualites-locales","11":"tag-essonne","12":"tag-eu","13":"tag-eure-et-loir","14":"tag-europe","15":"tag-fr","16":"tag-france","17":"tag-ile-de-france","18":"tag-infos-locales","19":"tag-news","20":"tag-oise","21":"tag-paris","22":"tag-pres-de-chez-vous","23":"tag-republique-francaise","24":"tag-seine-et-marne","25":"tag-somme","26":"tag-yvelines"},"share_on_mastodon":{"url":"https:\/\/pubeurope.com\/@fr\/114434160928867613","error":""},"_links":{"self":[{"href":"https:\/\/www.europesays.com\/fr\/wp-json\/wp\/v2\/posts\/67572","targetHints":{"allow":["GET"]}}],"collection":[{"href":"https:\/\/www.europesays.com\/fr\/wp-json\/wp\/v2\/posts"}],"about":[{"href":"https:\/\/www.europesays.com\/fr\/wp-json\/wp\/v2\/types\/post"}],"author":[{"embeddable":true,"href":"https:\/\/www.europesays.com\/fr\/wp-json\/wp\/v2\/users\/2"}],"replies":[{"embeddable":true,"href":"https:\/\/www.europesays.com\/fr\/wp-json\/wp\/v2\/comments?post=67572"}],"version-history":[{"count":0,"href":"https:\/\/www.europesays.com\/fr\/wp-json\/wp\/v2\/posts\/67572\/revisions"}],"wp:featuredmedia":[{"embeddable":true,"href":"https:\/\/www.europesays.com\/fr\/wp-json\/wp\/v2\/media\/67573"}],"wp:attachment":[{"href":"https:\/\/www.europesays.com\/fr\/wp-json\/wp\/v2\/media?parent=67572"}],"wp:term":[{"taxonomy":"category","embeddable":true,"href":"https:\/\/www.europesays.com\/fr\/wp-json\/wp\/v2\/categories?post=67572"},{"taxonomy":"post_tag","embeddable":true,"href":"https:\/\/www.europesays.com\/fr\/wp-json\/wp\/v2\/tags?post=67572"}],"curies":[{"name":"wp","href":"https:\/\/api.w.org\/{rel}","templated":true}]}}