{"id":675731,"date":"2026-01-20T02:16:12","date_gmt":"2026-01-20T02:16:12","guid":{"rendered":"https:\/\/www.europesays.com\/fr\/675731\/"},"modified":"2026-01-20T02:16:12","modified_gmt":"2026-01-20T02:16:12","slug":"sur-la7-la50-ou-la51-quelles-fermetures-du-19-au-23-janvier","status":"publish","type":"post","link":"https:\/\/www.europesays.com\/fr\/675731\/","title":{"rendered":"sur l&rsquo;A7, l&rsquo;A50 ou l&rsquo;A51, quelles fermetures du 19 au 23 janvier ?"},"content":{"rendered":"<p>De l&rsquo;A7 \u00e0 l&rsquo;A50 en passant par l&rsquo;A51, l&rsquo;A55 et la rocade L2, les principaux axes autoroutiers des Bouches-du-Rh\u00f4ne vont, une nouvelle fois, conna\u00eetre des <a href=\"https:\/\/www.laprovence.com\/article\/societe\/94997283483687\/fermetures-d-autoroutes-dans-les-bouches-du-rhone-pourquoi-les-applications-gps-ne-les-indiquent-pas-toujours\" target=\"_blank\" rel=\"noopener\">fermetures nocturnes<\/a>, du lundi 19 au vendredi 23 janvier.<\/p>\n<p>Ces restrictions vont \u00eatre mises en place par la Direction interd\u00e9partementale des routes M\u00e9diterran\u00e9e (<a href=\"https:\/\/www.laprovence.com\/article\/region\/2295799866146215\/video-autoroutes-a-marseille-des-oeuvres-pour-limiter-la-profusion-des-tags-et-promouvoir-les-artistes-locaux\" target=\"_blank\" rel=\"noopener\">Dirmed<\/a>) comme par <a href=\"https:\/\/www.laprovence.com\/article\/faits-divers-justice\/2805807018613115\/un-fourgon-de-vinci-autoroutes-avec-deux-patrouilleurs-a-bord-violemment-percute-par-un-camion\" target=\"_blank\" rel=\"noopener\">Vinci Autoroutes<\/a>, principalement pour r\u00e9aliser des travaux d&rsquo;entretien ou pour avancer sur des chantiers, comme c&rsquo;est le cas <a href=\"https:\/\/www.laprovence.com\/article\/region\/1275909485811914\/bientot-moins-d-embouteillages-a-salon-la-bifurcation-a7-a54-operationnelle\" target=\"_blank\" rel=\"noopener\">\u00e0 hauteur de Salon-de-Provence sur l&rsquo;A7<\/a>.<\/p>\n<p>Voici<strong> le d\u00e9tail des fermetures d&rsquo;autoroutes dans les Bouches-du-Rh\u00f4ne<\/strong>, pour la semaine du 19 au 23 janvier.<\/p>\n<p>Autoroutes<\/p>\n<p><strong>Nuit du lundi 19 au mardi 20 janvier<\/strong><\/p>\n<ul>&#13;<\/p>\n<li><strong>A7 : <\/strong>fermeture de la bretelle d&rsquo;entr\u00e9e n\u00b0 31 (Les Pennes-Mirabeau) et de la bretelle A551 en direction de l&rsquo;A7, dans le sens Marseille-Lyon, de 21 h \u00e0 6 h<\/li>\n<p>&#13;<\/p>\n<li><strong>A7 :<\/strong> fermeture de la bretelle d&rsquo;entr\u00e9e n\u00b0 27 (Salon nord), dans le sens Lyon-Marseille, de 21 h \u00e0 6 h<\/li>\n<p>&#13;<\/p>\n<li><strong>A50 : <\/strong>coupure totale de la circulation entre l&rsquo;\u00e9changeur n\u00b0 9 (La Ciotat) et l&rsquo;\u00e9changeur n\u00b0 7 (La B\u00e9doule), en direction de Marseille, de 21 h \u00e0 5 h<\/li>\n<p>&#13;<\/p>\n<li><strong>A50 : <\/strong>fermeture de la bretelle d&rsquo;entr\u00e9e n\u00b0 9 (La Ciotat), en direction de Toulon, de 21 h \u00e0 5 h<\/li>\n<p>&#13;<\/p>\n<li><strong>A51 : <\/strong>coupure totale de la circulation de la bretelle de sortie n\u00b0 7 (Jas de Bouffan) \u00e0 l&rsquo;entr\u00e9e de la RN 2516, dans le sens Aix-en-Provence-Marseille, de 21 h \u00e0 6 h<\/li>\n<p>&#13;<\/p>\n<li><strong>A52 :<\/strong> fermeture de la bretelle d&rsquo;entr\u00e9e n\u00b0 35 (Aubagne), en direction d&rsquo;Aix-en-Provence, Marseille ou Toulon, de 21 h \u00e0 5 h<\/li>\n<p>&#13;\n<\/ul>\n<p><strong>Nuit du mardi 20 au mercredi 21 janvier<\/strong><\/p>\n<ul>&#13;<\/p>\n<li><strong>A507 (rocade L2) : <\/strong>coupure totale de la circulation de la bretelle de sortie n\u00b0 3 (Centre Ville-La Rose) \u00e0 l&rsquo;A7, dans le sens Aubagne-Aix-en-Provence, de 21 h \u00e0 6 h<\/li>\n<p>&#13;<\/p>\n<li><strong>A7 : <\/strong>coupure totale de la circulation de Marseille \u00e0 la bretelle d&rsquo;entr\u00e9e n\u00b0 32 (Saint-Antoine), dans le sens Marseille-Lyon, de 21 h \u00e0 6 h<\/li>\n<p>&#13;<\/p>\n<li><strong>A7 :<\/strong> coupure totale de la circulation de la bretelle d&rsquo;entr\u00e9e n\u00b0 34 (Les Arnavaux) \u00e0 Marseille, dans le sens Lyon-Marseille, de 21 h \u00e0 6 h<\/li>\n<p>&#13;<\/p>\n<li><strong>A7 : <\/strong>coupure totale de la circulation de l&rsquo;\u00e9changeur avec l&rsquo;A51 \u00e0 la bretelle d&rsquo;entr\u00e9e n\u00b0 34 (Les Arnavaux), dans le sens Lyon-Marseille, de 21 h \u00e0 6 h<\/li>\n<p>&#13;<\/p>\n<li><strong>A7 : <\/strong>fermeture de la bretelle d&rsquo;entr\u00e9e n\u00b0 27 (Salon nord), dans le sens Lyon-Marseille, de 21 h \u00e0 6 h<\/li>\n<p>&#13;<\/p>\n<li><strong>A50 :<\/strong> coupure totale de la circulation entre l&rsquo;\u00e9changeur n\u00b0 9 (La Ciotat) et l&rsquo;\u00e9changeur n\u00b0 7 (La B\u00e9doule), en direction de Marseille, de 21 h \u00e0 5 h<\/li>\n<p>&#13;<\/p>\n<li><strong>A50 : <\/strong>fermeture de la bretelle d&rsquo;entr\u00e9e n\u00b0 9 (La Ciotat), en direction de Toulon, de 21 h \u00e0 5 h<\/li>\n<p>&#13;<\/p>\n<li><strong>A51 : <\/strong>coupure totale de la circulation de la bretelle de sortie n\u00b0 7 (Jas de Bouffan) \u00e0 l&rsquo;entr\u00e9e de la RN 2516, dans le sens Aix-en-Provence-Marseille, de 21 h \u00e0 6 h<\/li>\n<p>&#13;<\/p>\n<li><strong>A51 :<\/strong> fermeture de l&rsquo;\u00e9changeur avec l&rsquo;A7, dans le sens Aix-en-Provence-Marseille, de 21 h \u00e0 6 h<\/li>\n<p>&#13;<\/p>\n<li><strong>A52 :<\/strong> fermeture de la bretelle d&rsquo;entr\u00e9e n\u00b0 35 (Aubagne), en direction d&rsquo;Aix-en-Provence, Marseille ou Toulon, de 21 h \u00e0 5 h<\/li>\n<p>&#13;<\/p>\n<li><strong>A55 : <\/strong>fermeture de la bretelle d&rsquo;entr\u00e9e n\u00b0 8 (Pas de la Fosse), dans le sens Fos-sur-Mer-Marseille, de 21 h \u00e0 6 h<\/li>\n<p>&#13;\n<\/ul>\n<p><strong>Nuit du mercredi 21 au jeudi 22 janvier<\/strong><\/p>\n<ul>&#13;<\/p>\n<li><strong>A50 : <\/strong>coupure totale de la circulation entre l&rsquo;\u00e9changeur n\u00b0 9 (La Ciotat) et l&rsquo;\u00e9changeur n\u00b0 7 (La B\u00e9doule), en direction de Marseille, de 21 h \u00e0 5 h<\/li>\n<p>&#13;<\/p>\n<li><strong>A50 : <\/strong>fermeture de la bretelle d&rsquo;entr\u00e9e n\u00b0 9 (La Ciotat), en direction de Toulon, de 21 h \u00e0 5 h<\/li>\n<p>&#13;<\/p>\n<li><strong>A51 :<\/strong> coupure totale de la circulation de la bretelle de sortie n\u00b0 7 (Jas de Bouffan) \u00e0 l&rsquo;entr\u00e9e de la RN 2516, dans le sens Aix-en-Provence-Marseille, de 21 h \u00e0 6 h<\/li>\n<p>&#13;<\/p>\n<li><strong>A7 : <\/strong>fermeture des bretelles d&rsquo;entr\u00e9e et de sortie n\u00b0 31 (Les Pennes-Mirabeau), dans le sens Lyon-Marseille, de 21 h \u00e0 6 h<\/li>\n<p>&#13;\n<\/ul>\n<p><strong>Nuit du jeudi 22 au vendredi 23 janvier<\/strong><\/p>\n<ul>&#13;<\/p>\n<li><strong>A50 : <\/strong>coupure totale de la circulation entre l&rsquo;\u00e9changeur n\u00b0 9 (La Ciotat) et l&rsquo;\u00e9changeur n\u00b0 7 (La B\u00e9doule), en direction de Marseille, de 21 h \u00e0 5 h<\/li>\n<p>&#13;<\/p>\n<li><strong>A50 :<\/strong> fermeture de la bretelle d&rsquo;entr\u00e9e n\u00b0 9 (La Ciotat), en direction de Toulon, de 21 h \u00e0 5 h<\/li>\n<p>&#13;<\/p>\n<li><strong>A51 : <\/strong>coupure totale de la circulation de la bretelle de sortie n\u00b0 7 (Jas de Bouffan) \u00e0 l&rsquo;entr\u00e9e de la RN 2516, dans le sens Aix-en-Provence-Marseille, de 21 h \u00e0 6 h<\/li>\n<p>&#13;<\/p>\n<li><strong>A7 : <\/strong>fermeture de la bretelle d&rsquo;entr\u00e9e n\u00b0 35 (Le Canet), dans le sens Marseille-Lyon, de 21 h \u00e0 6 h<\/li>\n<p>&#13;<\/p>\n<li><strong>RN 296 :<\/strong> fermeture de la bretelle de sortie n\u00b0 8 (Aix Centre), dans le sens Sisteron-Aix-en-Provence, de 21 h \u00e0 6 h<\/li>\n<p>&#13;\n<\/ul>\n<p><img alt=\"\" loading=\"lazy\" width=\"18\" height=\"18\" decoding=\"async\" data-nimg=\"1\" class=\"mx-[8px]\" style=\"color:transparent\" src=\"https:\/\/www.laprovence.com\/_next\/static\/media\/comment.a97bda1a.svg\"\/>D\u00e9marrez la conversation<\/p>\n<p class=\"text-[1.8rem] mt-[32px]\">Votre opinion compte pour nous. Rejoignez la communaut\u00e9 laprovence.com en r\u00e9agissant sur l&rsquo;article Travaux de nuit dans les Bouches-du-Rh\u00f4ne : sur l&rsquo;A7, l&rsquo;A50 ou l&rsquo;A51, quelles fermetures du 19 au 23 janvier ?.<\/p>\n","protected":false},"excerpt":{"rendered":"De l&rsquo;A7 \u00e0 l&rsquo;A50 en passant par l&rsquo;A51, l&rsquo;A55 et la rocade L2, les principaux axes autoroutiers des&hellip;\n","protected":false},"author":2,"featured_media":675732,"comment_status":"","ping_status":"","sticky":false,"template":"","format":"standard","meta":{"footnotes":""},"categories":[2814],"tags":[5734,1111,11,885,1446,1777,674,1011,27,26158,151,884,12,293,882,25,104,3356,2086],"class_list":{"0":"post-675731","1":"post","2":"type-post","3":"status-publish","4":"format-standard","5":"has-post-thumbnail","7":"category-marseille","8":"tag-5734","9":"tag-actu","10":"tag-actualites","11":"tag-bouches-du-rhone","12":"tag-dans","13":"tag-eu","14":"tag-europe","15":"tag-fr","16":"tag-france","17":"tag-la7","18":"tag-les","19":"tag-marseille","20":"tag-news","21":"tag-nuit","22":"tag-provence-alpes-cote-dazur","23":"tag-republique-francaise","24":"tag-societe","25":"tag-sur","26":"tag-travaux"},"share_on_mastodon":{"url":"https:\/\/pubeurope.com\/@fr\/115925023772059555","error":""},"_links":{"self":[{"href":"https:\/\/www.europesays.com\/fr\/wp-json\/wp\/v2\/posts\/675731","targetHints":{"allow":["GET"]}}],"collection":[{"href":"https:\/\/www.europesays.com\/fr\/wp-json\/wp\/v2\/posts"}],"about":[{"href":"https:\/\/www.europesays.com\/fr\/wp-json\/wp\/v2\/types\/post"}],"author":[{"embeddable":true,"href":"https:\/\/www.europesays.com\/fr\/wp-json\/wp\/v2\/users\/2"}],"replies":[{"embeddable":true,"href":"https:\/\/www.europesays.com\/fr\/wp-json\/wp\/v2\/comments?post=675731"}],"version-history":[{"count":0,"href":"https:\/\/www.europesays.com\/fr\/wp-json\/wp\/v2\/posts\/675731\/revisions"}],"wp:featuredmedia":[{"embeddable":true,"href":"https:\/\/www.europesays.com\/fr\/wp-json\/wp\/v2\/media\/675732"}],"wp:attachment":[{"href":"https:\/\/www.europesays.com\/fr\/wp-json\/wp\/v2\/media?parent=675731"}],"wp:term":[{"taxonomy":"category","embeddable":true,"href":"https:\/\/www.europesays.com\/fr\/wp-json\/wp\/v2\/categories?post=675731"},{"taxonomy":"post_tag","embeddable":true,"href":"https:\/\/www.europesays.com\/fr\/wp-json\/wp\/v2\/tags?post=675731"}],"curies":[{"name":"wp","href":"https:\/\/api.w.org\/{rel}","templated":true}]}}