{"id":675765,"date":"2026-01-20T02:38:11","date_gmt":"2026-01-20T02:38:11","guid":{"rendered":"https:\/\/www.europesays.com\/fr\/675765\/"},"modified":"2026-01-20T02:38:11","modified_gmt":"2026-01-20T02:38:11","slug":"lubb-va-rester-a-chaban-delmas-pour-son-huitieme-et-son-quart-eventuel-contre-toulouse","status":"publish","type":"post","link":"https:\/\/www.europesays.com\/fr\/675765\/","title":{"rendered":"l\u2019UBB va rester \u00e0 Chaban-Delmas pour son huiti\u00e8me et son quart \u00e9ventuel contre Toulouse"},"content":{"rendered":"<p>\n    Comme l\u2019an dernier, le club girondin a choisi de rester dans son enceinte habituelle, plut\u00f4t que d\u2019aller au Stade Atlantique, pour ses deux premiers matches de la phase finale.<\/p>\n<p class=\"fig-paragraph\"><a href=\"http:\/\/www.lefigaro.fr\/sports\/rugby\/coupe-d-europe\/bristol-ubb-bielle-biarrey-toujours-aussi-tueur-un-deuxieme-acte-poussif-genge-disperse-les-tops-et-les-flops-20260118\" data-fig-type=\"NewsFlash\" data-gtm-custom-categorie=\"navigation\" data-gtm-custom-action=\"crossclick\" data-gtm-custom-label=\"Contextuel\" data-gtm-event=\"customEventSPE\" data-fig-domain=\"LEFIGARO\" target=\"_blank\" rel=\"noopener\">Bordeaux-B\u00e8gles<\/a>\u00a0s\u2019est comport\u00e9 en roi d\u2019Europe dimanche \u00e0 Bristol, en s\u2019imposant (27-15) avec un tripl\u00e9 de\u00a0<a href=\"http:\/\/www.lefigaro.fr\/sports\/rugby\/top-14\/rugby-louis-bielle-biarrey-continue-d-affoler-les-compteurs-ubb-20260119\" data-fig-type=\"NewsFlash\" data-gtm-custom-categorie=\"navigation\" data-gtm-custom-action=\"crossclick\" data-gtm-custom-label=\"Contextuel\" data-gtm-event=\"customEventSPE\" data-fig-domain=\"LEFIGARO\" target=\"_blank\" rel=\"noopener\">la fus\u00e9e Louis Bielle-Biarrey<\/a>\u00a0qui permet aux Girondins de baliser leur parcours \u00e0 domicile jusqu\u2019en demi-finale au printemps prochain. Avec\u00a0<a href=\"http:\/\/www.lefigaro.fr\/sports\/rugby\/coupe-d-europe\/rugby-champions-cup-l-ubb-recevra-leicester-toulouse-face-a-bristol-toulon-contre-les-stormers-le-programme-complet-des-huitiemes-de-finale-20260118\" data-fig-type=\"NewsFlash\" data-gtm-custom-categorie=\"navigation\" data-gtm-custom-action=\"crossclick\" data-gtm-custom-label=\"Contextuel\" data-gtm-event=\"customEventSPE\" data-fig-domain=\"LEFIGARO\" target=\"_blank\" rel=\"noopener\">20 points inscrits sur 20 possibles<\/a>, l\u2019UBB se positionne id\u00e9alement pour d\u00e9fendre son bien acquis \u00e0 Cardiff en mai dernier et qu\u2019elle esp\u00e8re bien conserver dans quatre mois \u00e0 Bilbao, presque \u00e0 domicile.<\/p>\n<p class=\"fig-paragraph\">Avec ce carton plein, le club girondin aura l\u2019avantage du terrain jusqu\u2019\u00e0 une \u00e9ventuelle demi-finale europ\u00e9enne. La question \u00e9tait de savoir si le pr\u00e9sident\u00a0<a href=\"http:\/\/www.lefigaro.fr\/sports\/rugby\/top-14\/top-14-laurent-marti-espere-qu-un-jour-les-girondins-et-l-ubb-seront-capables-de-remplir-le-stade-20230323\" data-fig-type=\"NewsFlash\" data-gtm-custom-categorie=\"navigation\" data-gtm-custom-action=\"crossclick\" data-gtm-custom-label=\"Contextuel\" data-gtm-event=\"customEventSPE\" data-fig-domain=\"LEFIGARO\" target=\"_blank\" rel=\"noopener\">Laurent Marti<\/a>\u00a0allait choisir de rester \u00e0 Chaban-Delmas (32.930 places) ou de d\u00e9localiser au Stade Atlantique, plus grand (42.115 personnes). Selon\u00a0<a href=\"https:\/\/www.sudouest.fr\/sport\/rugby\/bordeaux-begles\/union-bordeaux-begles-ubb-le-stade-chaban-delmas-ou-le-stade-atlantique-pour-les-phases-finales-de-champions-cup-27481525.php\" target=\"_blank\" rel=\"sponsored noopener\" data-gtm-custom-categorie=\"navigation\" data-gtm-custom-action=\"crossclick\" data-gtm-custom-label=\"Contextuel\" data-gtm-event=\"customEventSPE\">les informations de Sud Ouest<\/a>, l\u2019UBB aura choisi de rester \u00e0 Chaban-Delmas, dans le centre-ville, pour le huiti\u00e8me de finale face aux Anglais de Leicester et, \u00e9ventuellement, le quart explosif face \u00e0 Toulouse, oppos\u00e9 \u00e0 Bristol.<\/p>\n<p>                                            <a class=\"fig-a11y-skip\" href=\"#fig-a11y-skip-main-inarticle\" data-module=\"a11y-skip\" data-context=\"was @visible\"><br \/>\n    Passer la publicit\u00e9<br \/>\n<\/a>            <\/p>\n<p class=\"fig-paragraph\">En cas de demi-finale, l\u2019EPCR, qui organise la comp\u00e9tition, devrait en revanche choisir le Stade Atlantique, plus en conformit\u00e9 avec les normes internationales. C\u2019est dans cette enceinte, \u00e0 ce stade de la comp\u00e9tition, que Bordeaux-B\u00e8gles avait battu Toulouse (35-18) l\u2019an dernier. Apr\u00e8s avoir battu l\u2019Ulster (43-31) en huiti\u00e8me et le Munster (47-29) en quart, \u00e0 Chaban-Delmas.<\/p>\n","protected":false},"excerpt":{"rendered":"Comme l\u2019an dernier, le club girondin a choisi de rester dans son enceinte habituelle, plut\u00f4t que d\u2019aller au&hellip;\n","protected":false},"author":2,"featured_media":675766,"comment_status":"","ping_status":"","sticky":false,"template":"","format":"standard","meta":{"footnotes":""},"categories":[1416],"tags":[3460,1011,27,479,1468,60,476,4364,7974],"class_list":{"0":"post-675765","1":"post","2":"type-post","3":"status-publish","4":"format-standard","5":"has-post-thumbnail","7":"category-rugby","8":"tag-champions-cup","9":"tag-fr","10":"tag-france","11":"tag-rugby","12":"tag-rugby-football","13":"tag-sports","14":"tag-stade-toulousain","15":"tag-ubb","16":"tag-union-bordeaux-begles"},"share_on_mastodon":{"url":"https:\/\/pubeurope.com\/@fr\/115925110164733105","error":""},"_links":{"self":[{"href":"https:\/\/www.europesays.com\/fr\/wp-json\/wp\/v2\/posts\/675765","targetHints":{"allow":["GET"]}}],"collection":[{"href":"https:\/\/www.europesays.com\/fr\/wp-json\/wp\/v2\/posts"}],"about":[{"href":"https:\/\/www.europesays.com\/fr\/wp-json\/wp\/v2\/types\/post"}],"author":[{"embeddable":true,"href":"https:\/\/www.europesays.com\/fr\/wp-json\/wp\/v2\/users\/2"}],"replies":[{"embeddable":true,"href":"https:\/\/www.europesays.com\/fr\/wp-json\/wp\/v2\/comments?post=675765"}],"version-history":[{"count":0,"href":"https:\/\/www.europesays.com\/fr\/wp-json\/wp\/v2\/posts\/675765\/revisions"}],"wp:featuredmedia":[{"embeddable":true,"href":"https:\/\/www.europesays.com\/fr\/wp-json\/wp\/v2\/media\/675766"}],"wp:attachment":[{"href":"https:\/\/www.europesays.com\/fr\/wp-json\/wp\/v2\/media?parent=675765"}],"wp:term":[{"taxonomy":"category","embeddable":true,"href":"https:\/\/www.europesays.com\/fr\/wp-json\/wp\/v2\/categories?post=675765"},{"taxonomy":"post_tag","embeddable":true,"href":"https:\/\/www.europesays.com\/fr\/wp-json\/wp\/v2\/tags?post=675765"}],"curies":[{"name":"wp","href":"https:\/\/api.w.org\/{rel}","templated":true}]}}