{"id":67582,"date":"2025-05-01T19:16:11","date_gmt":"2025-05-01T19:16:11","guid":{"rendered":"https:\/\/www.europesays.com\/fr\/67582\/"},"modified":"2025-05-01T19:16:11","modified_gmt":"2025-05-01T19:16:11","slug":"les-europeens-preparent-de-nouvelles-sanctions-contre-la-russie-annonce-jean-noel-barrot","status":"publish","type":"post","link":"https:\/\/www.europesays.com\/fr\/67582\/","title":{"rendered":"Les Europ\u00e9ens pr\u00e9parent de nouvelles sanctions contre la Russie, annonce Jean-No\u00ebl Barrot"},"content":{"rendered":"<p>Selon le ministre, le pr\u00e9sident russe, Vladimir Poutine, est le \u00abseul obstacle\u00bb \u00e0 la paix en Ukraine.<\/p>\n<p class=\"fig-paragraph\">Le chef de la diplomatie fran\u00e7aise Jean-No\u00ebl Barrot a d\u00e9clar\u00e9 jeudi \u00e0 l\u2019AFP que les Europ\u00e9ens pr\u00e9paraient une nouvelle s\u00e9rie de sanctions contre la Russie, qu\u2019ils souhaitent coordonner avec les Etats-Unis, en cas de refus continu de Moscou de tout\u00a0<a href=\"http:\/\/www.lefigaro.fr\/international\/guerre-en-ukraine-la-treve-de-paques-etait-une-operation-marketing-de-moscou-estime-paris-20250422\" data-fig-type=\"NewsFlash\" data-gtm-custom-categorie=\"navigation\" data-gtm-custom-action=\"crossclick\" data-gtm-custom-label=\"Contextuel\" data-gtm-event=\"customEventSPE\" data-fig-domain=\"LEFIGARO\" rel=\"nofollow noopener\" target=\"_blank\">cessez-le-feu<\/a>\u00a0en Ukraine. \u00abNous allons, nous, Europ\u00e9ens, accompagner cette initiative am\u00e9ricaine avec un 17e paquet de sanctions et je me suis engag\u00e9 hier (mercredi) aupr\u00e8s de Lindsey Graham \u00e0 ce que nous tentions de coordonner, \u00e0 la fois sur la substance mais aussi sur le calendrier, ces deux paquets de sanctions\u00bb, a d\u00e9clar\u00e9 le ministre fran\u00e7ais en r\u00e9f\u00e9rence au s\u00e9nateur r\u00e9publicain qui a propos\u00e9 cette semaine de durcir les sanctions am\u00e9ricaines contre Moscou.<\/p>\n<p class=\"fig-paragraph\">Selon le ministre, le pr\u00e9sident russe,\u00a0<a href=\"http:\/\/www.lefigaro.fr\/international\/ukraine-la-fausse-treve-de-vladimir-poutine-pour-paques-20250420\" data-fig-type=\"Article\" data-gtm-custom-categorie=\"navigation\" data-gtm-custom-action=\"crossclick\" data-gtm-custom-label=\"Contextuel\" data-gtm-event=\"customEventSPE\" data-fig-domain=\"LEFIGARO\" rel=\"nofollow noopener\" target=\"_blank\">Vladimir Poutine<\/a>, est le \u00abseul obstacle\u00bb \u00e0 la paix en Ukraine, a-t-il \u00e9galement pr\u00e9cis\u00e9, en soulignant que Kiev avait \u00abtenu sa part du march\u00e9\u00bb.<\/p>\n<p class=\"fig-paragraph\">Apr\u00e8s avoir rencontr\u00e9 dans la matin\u00e9e le secr\u00e9taire d\u2019\u00c9tat am\u00e9ricain Marco Rubio, Barrot a salu\u00e9 une discussion \u00absans filtre\u00bb, actant la \u00abconvergence\u00bb des objectifs entre Europ\u00e9ens et Am\u00e9ricains. \u00abNous avons eu un \u00e9change sans filtre qui nous a permis de nous coordonner \u00e9troitement, mais aussi d\u2019acter la convergence de nos objectifs sur les crises r\u00e9gionales et internationales, puisque nous voulons agir de concert\u00bb, a-t-il poursuivi.<\/p>\n","protected":false},"excerpt":{"rendered":"Selon le ministre, le pr\u00e9sident russe, Vladimir Poutine, est le \u00abseul obstacle\u00bb \u00e0 la paix en Ukraine. Le&hellip;\n","protected":false},"author":2,"featured_media":67583,"comment_status":"","ping_status":"","sticky":false,"template":"","format":"standard","meta":{"footnotes":""},"categories":[1591],"tags":[259,11,260,1887,131,14,261,12,262,1885,1886,132],"class_list":{"0":"post-67582","1":"post","2":"type-post","3":"status-publish","4":"format-standard","5":"has-post-thumbnail","7":"category-russie","8":"tag-actualite-internationale","9":"tag-actualites","10":"tag-affaires-etrangeres","11":"tag-federation-de-russie","12":"tag-guerre-en-ukraine","13":"tag-international","14":"tag-ministere-des-affaires-etrangeres","15":"tag-news","16":"tag-politique-etrangere","17":"tag-russia","18":"tag-russian-federation","19":"tag-russie"},"share_on_mastodon":{"url":"https:\/\/pubeurope.com\/@fr\/114434184508071500","error":""},"_links":{"self":[{"href":"https:\/\/www.europesays.com\/fr\/wp-json\/wp\/v2\/posts\/67582","targetHints":{"allow":["GET"]}}],"collection":[{"href":"https:\/\/www.europesays.com\/fr\/wp-json\/wp\/v2\/posts"}],"about":[{"href":"https:\/\/www.europesays.com\/fr\/wp-json\/wp\/v2\/types\/post"}],"author":[{"embeddable":true,"href":"https:\/\/www.europesays.com\/fr\/wp-json\/wp\/v2\/users\/2"}],"replies":[{"embeddable":true,"href":"https:\/\/www.europesays.com\/fr\/wp-json\/wp\/v2\/comments?post=67582"}],"version-history":[{"count":0,"href":"https:\/\/www.europesays.com\/fr\/wp-json\/wp\/v2\/posts\/67582\/revisions"}],"wp:featuredmedia":[{"embeddable":true,"href":"https:\/\/www.europesays.com\/fr\/wp-json\/wp\/v2\/media\/67583"}],"wp:attachment":[{"href":"https:\/\/www.europesays.com\/fr\/wp-json\/wp\/v2\/media?parent=67582"}],"wp:term":[{"taxonomy":"category","embeddable":true,"href":"https:\/\/www.europesays.com\/fr\/wp-json\/wp\/v2\/categories?post=67582"},{"taxonomy":"post_tag","embeddable":true,"href":"https:\/\/www.europesays.com\/fr\/wp-json\/wp\/v2\/tags?post=67582"}],"curies":[{"name":"wp","href":"https:\/\/api.w.org\/{rel}","templated":true}]}}