{"id":675858,"date":"2026-01-20T03:39:30","date_gmt":"2026-01-20T03:39:30","guid":{"rendered":"https:\/\/www.europesays.com\/fr\/675858\/"},"modified":"2026-01-20T03:39:30","modified_gmt":"2026-01-20T03:39:30","slug":"les-relations-suisse-usa-sont-en-tres-bonne-voie-selon-le-secretaire-americain-au-tresor-scott-bessent","status":"publish","type":"post","link":"https:\/\/www.europesays.com\/fr\/675858\/","title":{"rendered":"\u00ab\u00a0Les relations Suisse-USA sont en tr\u00e8s bonne voie\u00a0\u00bb, selon le secr\u00e9taire am\u00e9ricain au Tr\u00e9sor Scott Bessent"},"content":{"rendered":"<p>La pr\u00e9sence du pr\u00e9sident am\u00e9ricain Donald Trump attire un nombre record de VIP au WEF et va entra\u00eener des manifestations. Jamais les forces de s\u00e9curit\u00e9 n&rsquo;auront eu \u00e0 y prot\u00e9ger autant de personnalit\u00e9s, a d\u00e9clar\u00e9 le chef des troupes d&rsquo;intervention Walter Schlegel vendredi devant les m\u00e9dias r\u00e9unis \u00e0 Davos.<\/p>\n<p>Au total, 123 personnalit\u00e9s n\u00e9cessitent un degr\u00e9 de protection particuli\u00e8rement \u00e9lev\u00e9. En outre, 400 invit\u00e9s dont 64 chefs d&rsquo;Etat sont prot\u00e9g\u00e9s par le droit international.<\/p>\n<p> &gt;&gt; Voir les pr\u00e9cisions du 19h30\u00a0:   <img decoding=\"async\" class=\"embed-responsive-item\" loading=\"lazy\" src=\"https:\/\/www.europesays.com\/fr\/wp-content\/uploads\/2026\/01\/cndmqr-29122152.image.jpeg\" alt=\"Donald Trump est attendu en Suisse mercredi, \u00e0 Davos, pour le WEF\"\/>    Donald Trump est attendu en Suisse mercredi, \u00e0 Davos, pour le WEF \/ 19h30 \/ 2 min. \/ dimanche \u00e0 19:30 <\/p>\n<p><strong class=\"inline-title\">&gt;&gt; Lire aussi\u00a0: <\/strong><a href=\"https:\/\/www.rts.ch\/info\/suisse\/2026\/article\/securite-renforcee-au-wef-2026-trump-et-123-vip-sous-haute-protection-29120334.html\" data-item-id=\"richtext_link\" target=\"_blank\" rel=\"noopener\">Le WEF 2026 mobilise un dispositif de s\u00e9curit\u00e9 sans pr\u00e9c\u00e9dent pour la venue de Donald Trump<\/a><\/p>\n<p><b>Des manifestations attendues<\/b><\/p>\n<p>De plus, la pr\u00e9sence du pr\u00e9sident am\u00e9ricain devrait entra\u00eener des manifestations de protestation dans toute la Suisse. Ces derni\u00e8res n\u00e9cessiteront un important travail de s\u00e9curisation suppl\u00e9mentaire. A Berne, une manifestation non autoris\u00e9e, intitul\u00e9e \u00ab\u00a0Smash WEF\u00a0\u00bb, est pr\u00e9vue samedi. Lundi soir, ce sera aussi le cas \u00e0 Zurich.<\/p>\n<p>Dans les Grisons, la randonn\u00e9e de protestation pour le climat a d\u00e9marr\u00e9 samedi \u00e0 K\u00fcblis (GR) \u00e0 destination de Davos, o\u00f9 un rassemblement autoris\u00e9 de protestation est organis\u00e9 dimanche par les Jeunes socialistes. L&rsquo;an dernier, plusieurs manifestants ont \u00e9t\u00e9 interpell\u00e9s, car ils bloquaient des routes. Par ailleurs, plusieurs petites manifs sont pr\u00e9vues dans la r\u00e9gion de Davos, ce qui alourdit le travail des forces de s\u00e9curit\u00e9, estime Walter Schlegel.<\/p>\n<p><b>Toutes les polices cantonales mobilis\u00e9es<\/b><\/p>\n<p>Toutes les polices cantonales sont mobilis\u00e9es ainsi que celles des grandes villes et du Liechtenstein. Jusqu&rsquo;au 29 janvier, l&rsquo;arm\u00e9e soutient la police avec la pr\u00e9sence de 5000 militaires qui surveillent l&rsquo;espace a\u00e9rien partiellement boucl\u00e9, transportent des personnes prot\u00e9g\u00e9es et soutiennent les effectifs policiers au sol et en ligne. Le Service du renseignement de la Conf\u00e9d\u00e9ration et le service f\u00e9d\u00e9ral de la s\u00e9curit\u00e9 sont aussi \u00e0 pied d&rsquo;\u0153uvre.<\/p>\n<p>Selon Walter Schlegel, ce dispositif devrait permettre de faire face \u00e0 la menace terroriste dont le risque est \u00ab\u00a0\u00e9lev\u00e9 dans le monde entier\u00a0\u00bb, y compris en Suisse, rappelle-t-il. \u00ab\u00a0Divers conflits dans le monde favorisent la radicalisation ainsi que l&rsquo;extr\u00e9misme de gauche violent. Le risque de cyberattaques contre les infrastructures et les risques d&rsquo;espionnage sont tr\u00e8s \u00e9lev\u00e9s dans le monde entier\u00a0\u00bb, a-t-il insist\u00e9 au micro du 12h30.<\/p>\n<p>Le budget du dispositif de s\u00e9curit\u00e9 se monte \u00e0 9 millions de francs, comme l&rsquo;an dernier. Les co\u00fbts de s\u00e9curit\u00e9 sont couverts par le WEF \u00e0 50%, par la Conf\u00e9d\u00e9ration \u00e0 25%, par le canton des Grisons \u00e0 21,7% et par la commune de Davos \u00e0 3,3%. En cas de d\u00e9passement du budget, la Conf\u00e9d\u00e9ration prend la diff\u00e9rence \u00e0 sa charge.<\/p>\n<p> &gt;&gt; Ecouter le sujet du 12h30 sur le dispositif de s\u00e9curit\u00e9\u00a0:    Davos met en place un important dispositif de s\u00e9curit\u00e9 pour accueillir Donald Trump au WEF \/ Le 12h30 \/ 1 min. \/ vendredi \u00e0 12:35 <\/p>\n","protected":false},"excerpt":{"rendered":"La pr\u00e9sence du pr\u00e9sident am\u00e9ricain Donald Trump attire un nombre record de VIP au WEF et va entra\u00eener&hellip;\n","protected":false},"author":2,"featured_media":675859,"comment_status":"","ping_status":"","sticky":false,"template":"","format":"standard","meta":{"footnotes":""},"categories":[1589],"tags":[11,215,2951,32440,312,19348,75,8616,2092,33,73,1866,590,1006,418,77327,2088,77450,33527,12,316,1325,49527,2543,4510,656,3067,1864,1865,1863,308,77451],"class_list":{"0":"post-675858","1":"post","2":"type-post","3":"status-publish","4":"format-standard","5":"has-post-thumbnail","7":"category-etats-unis","8":"tag-actualites","9":"tag-commerce","10":"tag-criminalite","11":"tag-davos","12":"tag-diplomatie","13":"tag-discussion","14":"tag-donald-trump","15":"tag-droit-et-justice","16":"tag-droit-de-douane","17":"tag-economie","18":"tag-etats-unis","19":"tag-etats-unis-damerique","20":"tag-finance","21":"tag-fraude","22":"tag-gouvernement","23":"tag-klaus-schwab","24":"tag-manifestation","25":"tag-ministre-des-affaires-etrangeres-q733007026","26":"tag-negociation","27":"tag-news","28":"tag-politique","29":"tag-president-des-etats-unis","30":"tag-protestation","31":"tag-relations-internationales","32":"tag-risque","33":"tag-securite","34":"tag-suisse","35":"tag-united-states","36":"tag-united-states-of-america","37":"tag-us","38":"tag-usa","39":"tag-wef"},"share_on_mastodon":{"url":"","error":"Validation failed: Text character limit of 500 exceeded"},"_links":{"self":[{"href":"https:\/\/www.europesays.com\/fr\/wp-json\/wp\/v2\/posts\/675858","targetHints":{"allow":["GET"]}}],"collection":[{"href":"https:\/\/www.europesays.com\/fr\/wp-json\/wp\/v2\/posts"}],"about":[{"href":"https:\/\/www.europesays.com\/fr\/wp-json\/wp\/v2\/types\/post"}],"author":[{"embeddable":true,"href":"https:\/\/www.europesays.com\/fr\/wp-json\/wp\/v2\/users\/2"}],"replies":[{"embeddable":true,"href":"https:\/\/www.europesays.com\/fr\/wp-json\/wp\/v2\/comments?post=675858"}],"version-history":[{"count":0,"href":"https:\/\/www.europesays.com\/fr\/wp-json\/wp\/v2\/posts\/675858\/revisions"}],"wp:featuredmedia":[{"embeddable":true,"href":"https:\/\/www.europesays.com\/fr\/wp-json\/wp\/v2\/media\/675859"}],"wp:attachment":[{"href":"https:\/\/www.europesays.com\/fr\/wp-json\/wp\/v2\/media?parent=675858"}],"wp:term":[{"taxonomy":"category","embeddable":true,"href":"https:\/\/www.europesays.com\/fr\/wp-json\/wp\/v2\/categories?post=675858"},{"taxonomy":"post_tag","embeddable":true,"href":"https:\/\/www.europesays.com\/fr\/wp-json\/wp\/v2\/tags?post=675858"}],"curies":[{"name":"wp","href":"https:\/\/api.w.org\/{rel}","templated":true}]}}