{"id":67586,"date":"2025-05-01T19:18:09","date_gmt":"2025-05-01T19:18:09","guid":{"rendered":"https:\/\/www.europesays.com\/fr\/67586\/"},"modified":"2025-05-01T19:18:09","modified_gmt":"2025-05-01T19:18:09","slug":"elon-musk-reconnait-ne-pas-avoir-atteint-les-objectifs-de-baisse-des-depenses-federales","status":"publish","type":"post","link":"https:\/\/www.europesays.com\/fr\/67586\/","title":{"rendered":"Elon Musk reconna\u00eet ne pas avoir atteint les objectifs de baisse des d\u00e9penses f\u00e9d\u00e9rales"},"content":{"rendered":"<p>Elon Musk a reconnu que sa vaste campagne de r\u00e9duction des d\u00e9penses f\u00e9d\u00e9rales am\u00e9ricaines, initi\u00e9e par sa <a href=\"https:\/\/www.ledauphine.com\/politique\/2025\/02\/26\/elon-musk-et-son-doge-ce-qu-il-faut-savoir-sur-cette-commission-tres-controversee\" target=\"_blank\" rel=\"nofollow noopener\">Commission pour l&rsquo;efficacit\u00e9 gouvernementale (Doge)<\/a>, n&rsquo;avait pas compl\u00e8tement atteint ses objectifs initiaux apr\u00e8s avoir \u00e9t\u00e9 la cible de critiques, y compris de l&rsquo;administration Trump. \u00ab Il s&rsquo;agit, en quelque sorte, de savoir jusqu&rsquo;\u00e0 quel point l&rsquo;administration et le Congr\u00e8s sont pr\u00eats \u00e0 souffrir. Parce que c&rsquo;est possible de le faire, mais cela n\u00e9cessite de traiter de nombreuses plaintes \u00bb, a-t-il dit mercredi \u00e0 des m\u00e9dias am\u00e9ricains.<\/p>\n<p>160 milliards \u00e9conomis\u00e9s au lieu de 2 000 milliards annonc\u00e9s<\/p>\n<p>L&rsquo;interview, effectu\u00e9e apr\u00e8s un Conseil des ministres auquel Elon Musk a assist\u00e9, et qui pourrait \u00eatre l&rsquo;un de ses derniers, a \u00e9t\u00e9 publi\u00e9e jeudi par plusieurs journaux. Plac\u00e9 \u00e0 la t\u00eate de Doge en janvier par Donald Trump, Elon Musk a reconnu que, jusqu&rsquo;\u00e0 pr\u00e9sent, la commission avait r\u00e9duit les d\u00e9penses f\u00e9d\u00e9rales de 160 milliards de dollars, un chiffre bien inf\u00e9rieur \u00e0 l&rsquo;objectif initial, fix\u00e9 \u00e0 2 000 milliards de dollars.<\/p>\n<p>Des coupes plus importantes n\u00e9cessiteraient de r\u00e9duire les principaux postes de d\u00e9penses de l&rsquo;\u00c9tat, comme les retraites et les soins de sant\u00e9 pour les personnes \u00e2g\u00e9es, ainsi que le budget de la d\u00e9fense.<\/p>\n<p>Une exp\u00e9rience pas \u00ab tr\u00e8s amusante\u00a0\u00bb<\/p>\n<p>En trois mois, le Doge a supprim\u00e9 des emplois de fonctionnaires f\u00e9d\u00e9raux par milliers et taill\u00e9 dans les subventions f\u00e9d\u00e9rales. Elon Musk, <a href=\"https:\/\/www.ledauphine.com\/economie\/2025\/04\/24\/plombes-par-la-reputation-d-elon-musk-les-resultats-de-tesla-chutent-en-europe\" target=\"_blank\" rel=\"nofollow noopener\">dont l&rsquo;image publique s&rsquo;est d\u00e9t\u00e9rior\u00e9e<\/a>, a pr\u00e9venu qu&rsquo;il allait \u00e0 pr\u00e9sent <a href=\"https:\/\/www.ledauphine.com\/politique\/2025\/04\/23\/elon-musk-prend-ses-distances-avec-la-politique-et-donald-trump\" target=\"_blank\" rel=\"nofollow noopener\">se concentrer davantage sur son entreprise automobile en difficult\u00e9,<\/a> Tesla. Les ventes ont baiss\u00e9 et des concessions Tesla ont \u00e9t\u00e9 vandalis\u00e9es et cibles de manifestations, aux Etats-Unis et ailleurs. L&rsquo;exp\u00e9rience Doge n&rsquo;a pas \u00e9t\u00e9 \u00ab tr\u00e8s amusante \u00bb, a conc\u00e9d\u00e9 le multimilliardaire.<\/p>\n<p>Sa commission devait initialement fonctionner jusqu&rsquo;au 4 juillet 2026, mais il a affirm\u00e9 que l&rsquo;effort pourrait se poursuivre tout au long des quatre ann\u00e9es du mandat de Donald Trump. \u00ab Cela d\u00e9pendra du pr\u00e9sident \u00bb, a-t-il dit, pr\u00e9cisant toutefois qu&rsquo;il ne dispara\u00eetra pas compl\u00e8tement, et qu&rsquo;il souhaitait conserver son petit bureau \u00e0 la Maison Blanche pour ses s\u00e9jours hebdomadaires \u00e0 Washington.<\/p>\n<p>Elon Musk a expliqu\u00e9 que, avec ou sans lui, \u00ab Doge est un art de vivre, c&rsquo;est comme le Bouddhisme \u00bb. \u00ab Bouddha n&rsquo;est plus en vie. Mais on ne se pose pas la question de savoir qui peut diriger le Bouddhisme \u00bb, a-t-il pr\u00e9cis\u00e9.<\/p>\n","protected":false},"excerpt":{"rendered":"Elon Musk a reconnu que sa vaste campagne de r\u00e9duction des d\u00e9penses f\u00e9d\u00e9rales am\u00e9ricaines, initi\u00e9e par sa Commission&hellip;\n","protected":false},"author":2,"featured_media":67587,"comment_status":"","ping_status":"","sticky":false,"template":"","format":"standard","meta":{"footnotes":""},"categories":[1589],"tags":[11,73,1866,107,329,12,316,801,1864,1865,1863,308],"class_list":{"0":"post-67586","1":"post","2":"type-post","3":"status-publish","4":"format-standard","5":"has-post-thumbnail","7":"category-etats-unis","8":"tag-actualites","9":"tag-etats-unis","10":"tag-etats-unis-damerique","11":"tag-fil-info","12":"tag-france-monde","13":"tag-news","14":"tag-politique","15":"tag-social","16":"tag-united-states","17":"tag-united-states-of-america","18":"tag-us","19":"tag-usa"},"share_on_mastodon":{"url":"https:\/\/pubeurope.com\/@fr\/114434192379848527","error":""},"_links":{"self":[{"href":"https:\/\/www.europesays.com\/fr\/wp-json\/wp\/v2\/posts\/67586","targetHints":{"allow":["GET"]}}],"collection":[{"href":"https:\/\/www.europesays.com\/fr\/wp-json\/wp\/v2\/posts"}],"about":[{"href":"https:\/\/www.europesays.com\/fr\/wp-json\/wp\/v2\/types\/post"}],"author":[{"embeddable":true,"href":"https:\/\/www.europesays.com\/fr\/wp-json\/wp\/v2\/users\/2"}],"replies":[{"embeddable":true,"href":"https:\/\/www.europesays.com\/fr\/wp-json\/wp\/v2\/comments?post=67586"}],"version-history":[{"count":0,"href":"https:\/\/www.europesays.com\/fr\/wp-json\/wp\/v2\/posts\/67586\/revisions"}],"wp:featuredmedia":[{"embeddable":true,"href":"https:\/\/www.europesays.com\/fr\/wp-json\/wp\/v2\/media\/67587"}],"wp:attachment":[{"href":"https:\/\/www.europesays.com\/fr\/wp-json\/wp\/v2\/media?parent=67586"}],"wp:term":[{"taxonomy":"category","embeddable":true,"href":"https:\/\/www.europesays.com\/fr\/wp-json\/wp\/v2\/categories?post=67586"},{"taxonomy":"post_tag","embeddable":true,"href":"https:\/\/www.europesays.com\/fr\/wp-json\/wp\/v2\/tags?post=67586"}],"curies":[{"name":"wp","href":"https:\/\/api.w.org\/{rel}","templated":true}]}}