{"id":675885,"date":"2026-01-20T03:59:16","date_gmt":"2026-01-20T03:59:16","guid":{"rendered":"https:\/\/www.europesays.com\/fr\/675885\/"},"modified":"2026-01-20T03:59:16","modified_gmt":"2026-01-20T03:59:16","slug":"outlander-cette-interdiction-faite-a-lauren-lyle-marsali-et-cesar-domboy-fergus-sur-le-tournage-de-la-serie","status":"publish","type":"post","link":"https:\/\/www.europesays.com\/fr\/675885\/","title":{"rendered":"Outlander : Cette interdiction faite \u00e0 Lauren Lyle (Marsali) et Cesar Domboy (Fergus) sur le tournage de la s\u00e9rie"},"content":{"rendered":"<p>\u00ab\u00a0Je me rappelle de la premi\u00e8re fois o\u00f9 je t\u2019ai vue, je me souviens de chaque moment, chaque seconde, je n\u2019oublierai jamais.\u00a0\u00bb Ces quelques mots de Jamie Fraser dans le teaser de la <a href=\"https:\/\/www.programme-tv.net\/news\/series-tv\/348817-outlander-saison-8-netflix-casting-intrigues-toutes-les-infos-sur-la-nouvelle-saison\/\" data-api-deeplink=\"teleloisirs:\/\/news\/348817\" target=\"_blank\" rel=\"noopener\">saison 8 d\u2019Outlander <\/a>illustrent le sentiment des fans \u00e0 l\u2019approche des adieux de la s\u00e9rie. Une saison 8 finale qui promet d\u2019\u00eatre \u00e9pique et \u00e0 propos de laquelle <a href=\"https:\/\/www.programme-tv.net\/news\/series-tv\/394447-outlander-saison-8-tous-les-indices-et-theories-sur-la-saison-finale-caches-dans-le-nouveau-generique-de-la-serie\/\" data-api-deeplink=\"teleloisirs:\/\/news\/394447\" target=\"_blank\" rel=\"noopener\">les spectateurs \u00e9laborent d\u00e9j\u00e0 de nombreuses th\u00e9ories<\/a>, inquiets \u00e0 l\u2019id\u00e9e que<a href=\"https:\/\/www.programme-tv.net\/news\/series-tv\/394825-outlander-saison-8-jamie-va-t-il-mourir-pour-qui-est-ce-cercueil-le-nouveau-teaser-ultra-sombre-pour-la-fin-de-la-serie-video\/\" data-api-deeplink=\"teleloisirs:\/\/news\/394825\" target=\"_blank\" rel=\"noopener\"> Jamie pourrait mourir<\/a> dans ces ultimes \u00e9pisodes. Mais ils ne sont pas les seuls \u00e0 sentir monter l\u2019\u00e9motion. Pour les acteurs aussi, de nombreux sentiments se m\u00ealent \u00e0 quelques mois de la fin d\u2019Outlander, comme l\u2019a rappel\u00e9 l\u2019actrice <a href=\"https:\/\/www.programme-tv.net\/news\/series-tv\/394700-outlander-caitriona-balfe-explique-comment-la-maternite-a-change-son-regard-sur-la-serie\/\" data-api-deeplink=\"teleloisirs:\/\/news\/394700\" target=\"_blank\" rel=\"noopener\">Caitriona Balfe. <\/a><\/p>\n<p>Celle qui a \u00e9t\u00e9 r\u00e9v\u00e9l\u00e9e au grand public dans le r\u00f4le de Claire Fraser et dont la carri\u00e8re a depuis explos\u00e9 \u00e9tait invit\u00e9e du podcast She\u2019s a Rec anim\u00e9 par<a href=\"https:\/\/www.programme-tv.net\/news\/series-tv\/372883-exclu-outlander-saison-7-la-vraie-raison-de-labsence-de-fergus-cesar-domboy-et-marsali-lauren-lyle\/\" data-api-deeplink=\"teleloisirs:\/\/news\/372883\" target=\"_blank\" rel=\"noopener\"> Lauren Lyle, l\u2019interpr\u00e8te de Marsali dans Outlander<\/a>. Les deux actrices se connaissent donc bien, depuis l\u2019arriv\u00e9e de Lauren Lyle au casting de la saison 3 d\u2019Outlander pour jouer Marsali, la fille de Laoghaire et belle-fille de Jamie, qui \u00e9pouse ensuite Fergus, son fils adoptif. Lors de ce podcast, elles sont notamment revenues sur Outlander, mesurant \u00e0 quel point leurs vies avaient \u00ab\u00a0\u00e9norm\u00e9ment chang\u00e9\u00a0\u00bb depuis leur premi\u00e8re rencontre.<\/p>\n<p>                        Outlander : ce jour o\u00f9 Caitriona Balfe s\u2019est \u00e9nerv\u00e9e pour d\u00e9fendre Marsali et Fergus sur le tournage<\/p>\n<p>\u00ab\u00a0Mon premier jour de tournage, en 2016, j\u2019ai d\u00fb t\u2019appeler \u2018une putain\u2019 \u00e0 l\u2019\u00e9cran. J\u2019avais tellement peur\u00a0\u00bb, s\u2019est souvenue en riant Lauren Lyle. \u00ab\u00a0C\u2019est g\u00e9nial de voir comment ta carri\u00e8re a fleuri apr\u00e8s cela et, dans ta vie, comment tu es devenue une v\u00e9ritable force\u00a0\u00bb, a comment\u00e9 Caitriona Balfe. L\u2019interpr\u00e8te de Marsali, qui sera de retour avec <a href=\"https:\/\/www.programme-tv.net\/news\/series-tv\/379606-outlander-saison-8-j-avais-25-ans-cesar-domboy-fergus-se-livre-sur-son-meilleur-souvenir-avec-sam-heughan\/\" data-api-deeplink=\"teleloisirs:\/\/news\/379606\" target=\"_blank\" rel=\"noopener\">C\u00e9sar Domboy, alias Fergus,<\/a> pour cette saison 8 d\u2019Outlander, a ensuite partag\u00e9 son impression de Caitriona Balfe. \u00ab\u00a0Je t\u2019ai toujours trouv\u00e9e tr\u00e8s imposante sur le tournage, mais dans le bon sens du terme. Tous les jours, tu remerciais les gens d\u2019\u00eatre l\u00e0. Tu disais toujours bonjour le matin, au-revoir le soir, et tu t\u2019\u00e9nervais seulement pour les choses importantes, pas les petits trucs idiots\u00a0\u00bb, a confi\u00e9 Lauren Lyle. Caitriona Balfe a d\u2019ailleurs vol\u00e9 au secours d\u2019elle et C\u00e9sar Domboy \u00e0 propos d\u2019une interdiction qui leur avait \u00e9t\u00e9 faite sur le tournage de la s\u00e9rie, comme elle l\u2019a racont\u00e9.<\/p>\n<p>\u00ab\u00a0Si tu t\u2019\u00e9nervais, c\u2019\u00e9tait toujours pour soutenir quelqu\u2019un. Je me souviens que tu as p\u00e9t\u00e9 un plomb \u00e0 propos de quelque chose pour moi et C\u00e9sar. Nous n\u2019avions pas le droit de nous embrasser et Caitriona et Sam s\u2019embrassaient \u00e9norm\u00e9ment dans la s\u00e9rie, et C\u00e9sar, qui joue Fergus, et moi, on nous avait dit que nous n\u2019avions pas le droit de nous embrasser\u00a0\u00bb, a ainsi d\u00e9voil\u00e9 Lauren Lyle.<\/p>\n<p>Une interdiction clarifi\u00e9e par Caitriona Balfe : \u00ab\u00a0Je pense que ce qu\u2019on vous a dit, c\u2019est qu\u2019\u00e0 cette \u00e9poque, les gens ne s\u2019embrassaient pas en public, et nous on a r\u00e9pondu \u2018hum, nous sommes presque s\u00fbrs que si, \u00e7a et bien plus\u2019.\u00a0\u00bb Caitriona Balfe n\u2019est pas la seule \u00e0 \u00eatre mont\u00e9e au cr\u00e9neau : \u00ab\u00a0C\u00e9sar aussi s\u2019est \u00e9nerv\u00e9 et, \u00e0 la fin, ils ont fini par nous dire \u2018ok, c\u2019est un peu injuste, allez-y\u2019.\u00a0\u00bb <a href=\"https:\/\/www.programme-tv.net\/news\/series-tv\/350396-outlander-saison-8-on-sait-enfin-si-ces-deux-anciens-personnages-seront-de-retour-pour-la-fin\/\" data-api-deeplink=\"teleloisirs:\/\/news\/350396\" target=\"_blank\" rel=\"noopener\">Marsali, Fergus et leur famille nombreuse reviendront donc pour cette ultime saison 8 d&rsquo;Outlander.<\/a><\/p>\n","protected":false},"excerpt":{"rendered":"\u00ab\u00a0Je me rappelle de la premi\u00e8re fois o\u00f9 je t\u2019ai vue, je me souviens de chaque moment, chaque&hellip;\n","protected":false},"author":2,"featured_media":675886,"comment_status":"","ping_status":"","sticky":false,"template":"","format":"standard","meta":{"footnotes":""},"categories":[1356],"tags":[4274,244,22597,58,59,1011,27,77453,127,4276,1722,129,252,1364],"class_list":{"0":"post-675885","1":"post","2":"type-post","3":"status-publish","4":"format-standard","5":"has-post-thumbnail","7":"category-television","8":"tag-caitriona-balfe","9":"tag-commentaire","10":"tag-cu00e9sar-domboy","11":"tag-divertissement","12":"tag-entertainment","13":"tag-fr","14":"tag-france","15":"tag-lauren-lyle","16":"tag-netflix","17":"tag-outlander","18":"tag-pub-streaming-netflix","19":"tag-svod","20":"tag-television","21":"tag-tv"},"share_on_mastodon":{"url":"https:\/\/pubeurope.com\/@fr\/115925428734931752","error":""},"_links":{"self":[{"href":"https:\/\/www.europesays.com\/fr\/wp-json\/wp\/v2\/posts\/675885","targetHints":{"allow":["GET"]}}],"collection":[{"href":"https:\/\/www.europesays.com\/fr\/wp-json\/wp\/v2\/posts"}],"about":[{"href":"https:\/\/www.europesays.com\/fr\/wp-json\/wp\/v2\/types\/post"}],"author":[{"embeddable":true,"href":"https:\/\/www.europesays.com\/fr\/wp-json\/wp\/v2\/users\/2"}],"replies":[{"embeddable":true,"href":"https:\/\/www.europesays.com\/fr\/wp-json\/wp\/v2\/comments?post=675885"}],"version-history":[{"count":0,"href":"https:\/\/www.europesays.com\/fr\/wp-json\/wp\/v2\/posts\/675885\/revisions"}],"wp:featuredmedia":[{"embeddable":true,"href":"https:\/\/www.europesays.com\/fr\/wp-json\/wp\/v2\/media\/675886"}],"wp:attachment":[{"href":"https:\/\/www.europesays.com\/fr\/wp-json\/wp\/v2\/media?parent=675885"}],"wp:term":[{"taxonomy":"category","embeddable":true,"href":"https:\/\/www.europesays.com\/fr\/wp-json\/wp\/v2\/categories?post=675885"},{"taxonomy":"post_tag","embeddable":true,"href":"https:\/\/www.europesays.com\/fr\/wp-json\/wp\/v2\/tags?post=675885"}],"curies":[{"name":"wp","href":"https:\/\/api.w.org\/{rel}","templated":true}]}}