{"id":675887,"date":"2026-01-20T04:00:17","date_gmt":"2026-01-20T04:00:17","guid":{"rendered":"https:\/\/www.europesays.com\/fr\/675887\/"},"modified":"2026-01-20T04:00:17","modified_gmt":"2026-01-20T04:00:17","slug":"les-victoires-de-la-musique-classique-auront-lieu-pour-la-premiere-fois-en-bretagne-ce-sera-a-brest-le-20-mars","status":"publish","type":"post","link":"https:\/\/www.europesays.com\/fr\/675887\/","title":{"rendered":"Les Victoires de la Musique classique auront lieu pour la premi\u00e8re fois en Bretagne\u00a0: ce sera \u00e0 Brest le 20\u00a0mars"},"content":{"rendered":"<p>C\u2019est une premi\u00e8re\u00a0: la 33e c\u00e9r\u00e9monie des Victoires de la Musique classique aura lieu pour la premi\u00e8re fois en Bretagne le vendredi 20 mars 2026. <a href=\"https:\/\/www.letelegramme.fr\/finistere\/brest-29200\/a-brest-le-quartz-nouveau-se-devoile-avant-sa-reouverture-en-janvier-2024-en-images-6455817.php\" title=\"www.letelegramme.fr\" target=\"_blank\" rel=\"noopener\">C\u2019est le Quartz, \u00e0 Brest<\/a>, qui accueillera les musiciens les plus en vue de la musique classique fran\u00e7aise actuelle. L\u2019Orchestre national de Bretagne, plac\u00e9 sous la direction de son chef Nicolas Ellis, accompagnera les nomm\u00e9s et invit\u00e9s. L\u2019Ensemble Matheus, de Jean-Christophe Spinosi, bas\u00e9 \u00e0 Brest, participera \u00e9galement \u00e0 cette c\u00e9r\u00e9monie, qui sera pr\u00e9sent\u00e9e par l\u2019humoriste et chroniqueur radio Alex Vizorek et le producteur \u00e0 France Musique Cl\u00e9ment Rochefort.<\/p>\n<p>En direct \u00e0 la t\u00e9l\u00e9 et la radio<\/p>\n<p>Comme chaque ann\u00e9e, les Victoires de la Musique classique r\u00e9compenseront l\u2019un des nomm\u00e9s des sept cat\u00e9gories en lice (soliste instrumental, artiste lyrique, r\u00e9v\u00e9lation soliste instrumental, r\u00e9v\u00e9lation artiste lyrique, r\u00e9v\u00e9lation chef d\u2019orchestre, compositeur et enregistrement). Il n\u2019y a plus de billet en ligne mais la c\u00e9r\u00e9monie sera diffus\u00e9e en direct et en simultan\u00e9 sur France 3 et France Musique.<\/p>\n<p>La liste des nomm\u00e9s<\/p>\n<p>Les nomm\u00e9s ont \u00e9t\u00e9 d\u00e9voil\u00e9s ce lundi 19 janvier.<\/p>\n<p>Soliste Instrumentale\u00a0: Ad\u00e9la\u00efde Ferri\u00e8re (Percussions)\u00a0; Astrig Siranossian, (violoncelle)\u00a0; Vanessa Wagner (piano).<\/p>\n<p>Artiste lyrique\u00a0: Stanislas De Barbeyrac (t\u00e9nor)\u00a0; Sabine Devieilhe (soprano)\u00a0; Julie Fuchs (soprano).<\/p>\n<p>R\u00e9v\u00e9lation soliste instrumental(e)\u00a0: Julien Beautemps (accord\u00e9on)\u00a0; Arielle Beck (piano)\u00a0; L\u00e9o Ispir (violoncelle).<\/p>\n<p>Artiste Artistique Lyrique\u00a0: Tamara Bounazou (soprano)\u00a0; L\u00e9ontine Maridat-Zimmerlin (mezzo-soprano)\u00a0; Lucie Peymaraure (soprano).<\/p>\n<p>R\u00e9v\u00e9lation Chef d\u2019Orchestre\u00a0: Aliz\u00e9 L\u00e9hon.<\/p>\n<p>Compositeur\u00a0: \u00c9dith Canat de Chizy (\u00ab\u00a0L\u2019ombre\u00a0\u00bb)\u00a0; Francesco Filidei (\u00ab\u00a0Il nome de la rose\u00a0\u00bb)\u00a0; Clara Ianotta (\u00ab\u00a0Strange bird, no longer navigating by a star\u00a0\u00bb).<\/p>\n<p>Enregistrement\u00a0: \u00ab\u00a0Ein Deutsches Requiem\u00a0\u00bb, Johannes Brahms (Harmonia Mundi Musique)\u00a0; \u00ab\u00a0Te Deum Pour Notre-Dame\u00a0\u00bb, Thierry Escaich (Alpha Classics)\u00a0; \u00ab\u00a0Une Qu\u00eate d\u2019infini\u00a0\u00bb, Marie Ja\u00ebl (La Bo\u00eete \u00e0 P\u00e9pites).<\/p>\n","protected":false},"excerpt":{"rendered":"C\u2019est une premi\u00e8re\u00a0: la 33e c\u00e9r\u00e9monie des Victoires de la Musique classique aura lieu pour la premi\u00e8re fois&hellip;\n","protected":false},"author":2,"featured_media":675888,"comment_status":"","ping_status":"","sticky":false,"template":"","format":"standard","meta":{"footnotes":""},"categories":[1355],"tags":[3450,58,59,3321,1011,27,4555,1361,873],"class_list":{"0":"post-675887","1":"post","2":"type-post","3":"status-publish","4":"format-standard","5":"has-post-thumbnail","7":"category-musique","8":"tag-brest","9":"tag-divertissement","10":"tag-entertainment","11":"tag-finistere","12":"tag-fr","13":"tag-france","14":"tag-local","15":"tag-music","16":"tag-musique"},"share_on_mastodon":{"url":"https:\/\/pubeurope.com\/@fr\/115925432677702324","error":""},"_links":{"self":[{"href":"https:\/\/www.europesays.com\/fr\/wp-json\/wp\/v2\/posts\/675887","targetHints":{"allow":["GET"]}}],"collection":[{"href":"https:\/\/www.europesays.com\/fr\/wp-json\/wp\/v2\/posts"}],"about":[{"href":"https:\/\/www.europesays.com\/fr\/wp-json\/wp\/v2\/types\/post"}],"author":[{"embeddable":true,"href":"https:\/\/www.europesays.com\/fr\/wp-json\/wp\/v2\/users\/2"}],"replies":[{"embeddable":true,"href":"https:\/\/www.europesays.com\/fr\/wp-json\/wp\/v2\/comments?post=675887"}],"version-history":[{"count":0,"href":"https:\/\/www.europesays.com\/fr\/wp-json\/wp\/v2\/posts\/675887\/revisions"}],"wp:featuredmedia":[{"embeddable":true,"href":"https:\/\/www.europesays.com\/fr\/wp-json\/wp\/v2\/media\/675888"}],"wp:attachment":[{"href":"https:\/\/www.europesays.com\/fr\/wp-json\/wp\/v2\/media?parent=675887"}],"wp:term":[{"taxonomy":"category","embeddable":true,"href":"https:\/\/www.europesays.com\/fr\/wp-json\/wp\/v2\/categories?post=675887"},{"taxonomy":"post_tag","embeddable":true,"href":"https:\/\/www.europesays.com\/fr\/wp-json\/wp\/v2\/tags?post=675887"}],"curies":[{"name":"wp","href":"https:\/\/api.w.org\/{rel}","templated":true}]}}