{"id":675921,"date":"2026-01-20T04:21:49","date_gmt":"2026-01-20T04:21:49","guid":{"rendered":"https:\/\/www.europesays.com\/fr\/675921\/"},"modified":"2026-01-20T04:21:49","modified_gmt":"2026-01-20T04:21:49","slug":"grenoble-gresivaudan-voironnais-abaissement-de-la-vitesse-chauffage-au-bois-quelles-recommandations-pour-limiter-lepisode-de-pollution-de-lair-en-cours","status":"publish","type":"post","link":"https:\/\/www.europesays.com\/fr\/675921\/","title":{"rendered":"Grenoble &#8211; Gr\u00e9sivaudan &#8211; Voironnais. Abaissement de la vitesse, chauffage au bois&#8230; quelles recommandations pour limiter l\u2019\u00e9pisode de pollution de l\u2019air en cours"},"content":{"rendered":"<p>Compte tenu des pr\u00e9visions \u00e9mises par Atmo Auvergne Rh\u00f4ne-Alpes, la proc\u00e9dure pr\u00e9fectorale d\u2019alerte d\u2019information-recommandation est activ\u00e9e <a href=\"https:\/\/www.ledauphine.com\/environnement\/2025\/10\/22\/il-est-jusqu-a-3-fois-plus-dangereux-de-respirer-en-ville-qu-a-la-campagne-revele-une-etude-menee-par-des-scientifiques-grenoblois\" target=\"_blank\" rel=\"noopener\">pour le bassin d\u2019air Grenoblois<\/a>, qui inclut la m\u00e9tropole de Grenoble mais \u00e9galement la vall\u00e9e du Gr\u00e9sivaudan et le Voironnais.<\/p>\n<p>Les mesures d\u00e9taill\u00e9es ci-dessous, qui visent \u00e0\u00a0prot\u00e9ger la population et r\u00e9duire les sources d\u2019\u00e9missions polluantes, prennent effet \u00e0 compter du mardi 20 janvier, au matin.<\/p>\n<p><strong>Recommandations aux personnes sensibles et vuln\u00e9rables :<\/strong><\/p>\n<ul>\n<li>\u00e9loignez-vous des grands axes routiers aux p\u00e9riodes de pointes ;<\/li>\n<li>limitez les sorties durant l\u2019apr\u00e8s-midi (13h-20h) ;<\/li>\n<li>limitez les activit\u00e9s physiques et sportives intenses en plein air.<\/li>\n<\/ul>\n<p>\u00a0<\/p>\n<p><strong>Recommandations aux usagers de la route :<\/strong><\/p>\n<ul>\n<li>utiliser les modes de transport permettant de limiter le plus possible les \u00e9missions de polluants : v\u00e9lo, transports en commun, covoiturage, etc ;<\/li>\n<li>s\u2019abstenir de circuler avec un v\u00e9hicule disposant un certificat de qualit\u00e9 de l\u2019air Crit\u2019air de classe 3, ou de classe 4, ou de classe 5 et\/ou dont la date d\u2019immatriculation est ant\u00e9rieure au 1er janvier 2006 ;<\/li>\n<li>\u00e9viter la conduite agressive ;<\/li>\n<li>abaisser sa vitesse de 20 km\/h sur les voies pour lesquelles la vitesse maximale autoris\u00e9e est sup\u00e9rieure ou \u00e9gale \u00e0 90 km\/h ;<\/li>\n<li>abaisser sa vitesse \u00e0 70 km\/h sur les voies pour lesquelles la vitesse maximale autoris\u00e9e est \u00e9gale \u00e0 80 km\/h.<\/li>\n<\/ul>\n<p>\u00a0<\/p>\n<p>Il est \u00e9galement rappel\u00e9 de ne pas utiliser les foyers ouverts d\u2019appoint, <a href=\"https:\/\/www.ledauphine.com\/environnement\/2025\/07\/28\/chauffage-au-bois-des-janvier-les-foyers-ouverts-seront-interdits-dans-pres-de-300-communes-en-isere\" target=\"_blank\" rel=\"noopener\">les appareils de chauffage au bois<\/a> d\u2019appoint de type inserts, po\u00eales, chaudi\u00e8res install\u00e9s avant 2000 et les groupes \u00e9lectrog\u00e8nes. Il est \u00e9galement recommand\u00e9 de ma\u00eetriser la temp\u00e9rature de son logement en chauffant sans exc\u00e9der 19\u00b0C.<\/p>\n<p>Enfin, un rappel <strong>: <\/strong>il est interdit de br\u00fbler des d\u00e9chets.<\/p>\n","protected":false},"excerpt":{"rendered":"Compte tenu des pr\u00e9visions \u00e9mises par Atmo Auvergne Rh\u00f4ne-Alpes, la proc\u00e9dure pr\u00e9fectorale d\u2019alerte d\u2019information-recommandation est activ\u00e9e pour le&hellip;\n","protected":false},"author":2,"featured_media":675922,"comment_status":"","ping_status":"","sticky":false,"template":"","format":"standard","meta":{"footnotes":""},"categories":[9566],"tags":[1111,11,646,2430,21175,9852,112,113,114,436,1777,674,12390,107,9592,1011,27,2731,12204,108,17480,12297,3294,9597,21292,12,1800,15556,25,28456,275,26980,9448,9612,71,16668,16735,12277,2803,800,38021,7831,19641],"class_list":{"0":"post-675921","1":"post","2":"type-post","3":"status-publish","4":"format-standard","5":"has-post-thumbnail","7":"category-grenoble","8":"tag-actu","9":"tag-actualites","10":"tag-automobile","11":"tag-auvergne-rhone-alpes","12":"tag-crolles","13":"tag-echirolles","14":"tag-edition-grenoble-agglomeration","15":"tag-edition-gresivaudan-oisans","16":"tag-edition-voiron-saint-marcellin","17":"tag-environnement","18":"tag-eu","19":"tag-europe","20":"tag-eybens","21":"tag-fil-info","22":"tag-fontaine","23":"tag-fr","24":"tag-france","25":"tag-grenoble","26":"tag-gresivaudan","27":"tag-isere","28":"tag-jarrie","29":"tag-la-tronche","30":"tag-le-pont-de-claix","31":"tag-meylan","32":"tag-moirans","33":"tag-news","34":"tag-pollution","35":"tag-pontcharra","36":"tag-republique-francaise","37":"tag-rives","38":"tag-saint-egreve","39":"tag-saint-ismier","40":"tag-saint-martin-dheres","41":"tag-saint-martin-le-vinoux","42":"tag-sante","43":"tag-sassenage","44":"tag-seyssinet-pariset","45":"tag-seyssins","46":"tag-transport","47":"tag-transports","48":"tag-tullins","49":"tag-voiron","50":"tag-voreppe"},"share_on_mastodon":{"url":"","error":"Validation failed: Text character limit of 500 exceeded"},"_links":{"self":[{"href":"https:\/\/www.europesays.com\/fr\/wp-json\/wp\/v2\/posts\/675921","targetHints":{"allow":["GET"]}}],"collection":[{"href":"https:\/\/www.europesays.com\/fr\/wp-json\/wp\/v2\/posts"}],"about":[{"href":"https:\/\/www.europesays.com\/fr\/wp-json\/wp\/v2\/types\/post"}],"author":[{"embeddable":true,"href":"https:\/\/www.europesays.com\/fr\/wp-json\/wp\/v2\/users\/2"}],"replies":[{"embeddable":true,"href":"https:\/\/www.europesays.com\/fr\/wp-json\/wp\/v2\/comments?post=675921"}],"version-history":[{"count":0,"href":"https:\/\/www.europesays.com\/fr\/wp-json\/wp\/v2\/posts\/675921\/revisions"}],"wp:featuredmedia":[{"embeddable":true,"href":"https:\/\/www.europesays.com\/fr\/wp-json\/wp\/v2\/media\/675922"}],"wp:attachment":[{"href":"https:\/\/www.europesays.com\/fr\/wp-json\/wp\/v2\/media?parent=675921"}],"wp:term":[{"taxonomy":"category","embeddable":true,"href":"https:\/\/www.europesays.com\/fr\/wp-json\/wp\/v2\/categories?post=675921"},{"taxonomy":"post_tag","embeddable":true,"href":"https:\/\/www.europesays.com\/fr\/wp-json\/wp\/v2\/tags?post=675921"}],"curies":[{"name":"wp","href":"https:\/\/api.w.org\/{rel}","templated":true}]}}