{"id":675932,"date":"2026-01-20T04:28:29","date_gmt":"2026-01-20T04:28:29","guid":{"rendered":"https:\/\/www.europesays.com\/fr\/675932\/"},"modified":"2026-01-20T04:28:29","modified_gmt":"2026-01-20T04:28:29","slug":"ou-dormir-pour-le-carnaval-de-nice-lun-des-plus-reputes-au-monde","status":"publish","type":"post","link":"https:\/\/www.europesays.com\/fr\/675932\/","title":{"rendered":"O\u00f9 dormir pour le Carnaval de Nice, l&rsquo;un des plus r\u00e9put\u00e9s au monde ?"},"content":{"rendered":"<p>Saviez-vous que le <strong>Carnaval de Nice <\/strong>occupe la troisi\u00e8me place des carnavals du monde, apr\u00e8s celui de Rio, au Br\u00e9sil et de Venise, en Italie ?<\/p>\n<p> <img decoding=\"async\" alt=\"\" class=\"img-align-center\" data-zoomable=\"\" height=\"1333\" loading=\"lazy\" src=\"https:\/\/www.europesays.com\/fr\/wp-content\/uploads\/2026\/01\/carnaval-nice.jpg\" width=\"2000\"\/> \u00a9Philippe Viglietti &#8211; Le Carnaval de Nice attire chaque ann\u00e9e plus de 400 000 visiteurs. <\/p>\n<p>Ce sont deux semaines (du 11 f\u00e9vrier au 1er mars) de festivit\u00e9s folles qui attendent des milliers de Ni\u00e7ois, de Proven\u00e7aux et de touristes <strong>venus du monde entier <\/strong>dans les rues de Nice. Chars d\u00e9cor\u00e9s, d\u00e9fil\u00e9s, fanfares, groupes venus des quatre continents, le Carnaval de Nice se vit de jour, comme de nuit.\u00a0 <\/p>\n<p>Bon \u00e0 savoir : si vous \u00eates <strong>d\u00e9guis\u00e9s <\/strong>de la t\u00eate aux pieds, vous entrez <strong>gratuitement <\/strong>(en zone pi\u00e9tonne) dans le sacro-saint <strong>p\u00e9rim\u00e8tre boucl\u00e9 du carnaval<\/strong>. Si vous comptez s\u00e9journer dans la ville pour profiter pleinement des festivit\u00e9s, voici notre s\u00e9lection de quatre adresses, aux profils tr\u00e8s diff\u00e9rents et pour tous les budgets. <\/p>\n<ul>\n<li>Ozz hostel Nice, le plus routard <\/li>\n<\/ul>\n<p> <img decoding=\"async\" alt=\"\" class=\"img-size-full\" data-zoomable=\"\" height=\"622\" loading=\"lazy\" src=\"https:\/\/www.europesays.com\/fr\/wp-content\/uploads\/2026\/01\/ozz-hostel.jpg\" width=\"1052\"\/> \u00a9D.R. &#8211; Situ\u00e9 \u00e0 5 mn de la gare de Nice, hostel Ozz Nice est parfait pour les r\u00e9servations de groupe puisqu&rsquo;il propose notamment des dortoirs, dont certains avec terrasse. <\/p>\n<p>D\u00e9sormais, on parle d\u2019<strong>hostel <\/strong>et non plus d\u2019auberge de jeunesse. Le concept d\u2019hostel \u00e9tant bien plus travaill\u00e9 que celui de l\u2019auberge. Chez <a href=\"https:\/\/www.facebook.com\/Hotelozznice\" rel=\"noopener\" target=\"_blank\">hostel Ozz Nice<\/a>, l\u2019emplacement est id\u00e9al, <strong>proche de la place Mass\u00e9na<\/strong>, c\u0153ur du Carnaval de Nice. Espace lounge, table de ping pong, babyfoot, jeux de fl\u00e9chettes, les espaces communs ne manquent pas pour s&rsquo;amuser et \u00e9changer avec les autres r\u00e9sidents. Le bar de cette adresse est ouvert du mercredi au dimanche.<\/p>\n<p>\u200bChambre double avec salle de bains priv\u00e9e \u00e0 partir de 50 \u20ac. <\/p>\n<ul>\n<li>Ammi Nice Mass\u00e9na, le plus ind\u00e9pendant <\/li>\n<\/ul>\n<p> <img decoding=\"async\" alt=\"\" class=\"img-align-center\" data-zoomable=\"\" height=\"416\" loading=\"lazy\" src=\"https:\/\/www.europesays.com\/fr\/wp-content\/uploads\/2026\/01\/apart-hotel-ammi.jpg\" width=\"600\"\/> \u00a9Ammi Nice Mass\u00e9na &#8211; Choisir la formule de l&rsquo;apart-h\u00f4tel est une bonne solution<br \/>pour limiter ses extras en pr\u00e9parant ses repas dans la location.\u00a0 <\/p>\n<p>Forc\u00e9ment, dans un <strong>appart&rsquo;hotel<\/strong>, le client se sent comme chez lui. <a href=\"https:\/\/www.facebook.com\/amminicemassena\" rel=\"noopener\" target=\"_blank\">Ammi Nice Mass\u00e9na<\/a> vous permettra lui aussi d\u2019\u00eatre au c\u0153ur de l\u2019\u00e9v\u00e9nement. L&rsquo;enseigne Ammi poss\u00e8de \u00e9galement deux autres adresses ni\u00e7oises. L\u2019une juste derri\u00e8re les Galeries Lafayette (r\u00e9nov\u00e9e en 2023 dans un esprit vintage branch\u00e9), l\u2019autre dans le Vieux Nice, dans un clo\u00eetre du XVIIe, ancien couvent des Franciscains, au d\u00e9cor baroque rappelant les pensions de famille du XIXe si\u00e8cle. <\/p>\n<p>\u200bStudio de 20 m2 \u00e0 partir de 141 \u20ac. <\/p>\n<ul>\n<li>Anantara Plaza Nice, le plus exceptionnel <\/li>\n<\/ul>\n<p>Class\u00e9 <strong>cinq \u00e9toiles<\/strong>, l\u2019<a href=\"https:\/\/www.facebook.com\/AnantaraPlazaNiceHotel\" rel=\"noopener\" target=\"_blank\">Anantara Plaza <\/a>est situ\u00e9 \u00e0 Nice au c\u0153ur du \u00ab\u00a0<strong>Carr\u00e9 d\u2019or<\/strong>\u00ab\u00a0, \u00e0 deux pas des boutiques de luxe (Chanel, YSL, Gucci), des jardins Albert 1er et de la mer juste en face. D\u00e8s votre arriv\u00e9e, vous serez accueilli comme un h\u00f4te privil\u00e9gi\u00e9, avec mocktail de bienvenue et serviette chaude pour les mains.<\/p>\n<p> <img decoding=\"async\" alt=\"\" class=\"img-align-center\" data-zoomable=\"\" height=\"1333\" loading=\"lazy\" src=\"https:\/\/www.europesays.com\/fr\/wp-content\/uploads\/2026\/01\/anantara-plaza.jpg\" width=\"2000\"\/> \u00a9Anantara Plaza Nice &#8211; Suite Deluxe avec vue sur la Baie des anges de Nice.\u00a0 <\/p>\n<p>Connue des Ni\u00e7ois comme \u00ab\u00a0le Plaza\u00a0\u00bb, l\u2019adresse a \u00e9t\u00e9 r\u00e9nov\u00e9e dans les r\u00e8gles de l\u2019art, pour respecter le pass\u00e9 XIXe des lieux. Un <strong>spa <\/strong>y a \u00e9t\u00e9 cr\u00e9\u00e9. Si le rooftop est pour l\u2019instant ferm\u00e9, vous serez subjugu\u00e9 par la <strong>vue panoramique de son restaurant<\/strong> \u00ab\u00a0<a href=\"https:\/\/www.facebook.com\/seenbyoliviernice\" rel=\"noopener\" target=\"_blank\">Seen by Olivier Nice<\/a>\u00ab\u00a0. Le buffet du petit-d\u00e9jeuner chouchoute sa <strong>client\u00e8le internationale <\/strong>avec des mets incroyables. <\/p>\n<p> <img decoding=\"async\" alt=\"\" class=\"img-align-center\" data-zoomable=\"\" height=\"1333\" loading=\"lazy\" src=\"https:\/\/www.europesays.com\/fr\/wp-content\/uploads\/2026\/01\/carnaval-nice-nuit.jpg\" width=\"2000\"\/> \u00a9David Nouy &#8211; Vue incroyable \u00e0 Nice durant le Carnaval, \u00e0 deux pas de l&rsquo;Anantara Plaza H\u00f4tel, dont les chambres vue mer donnent aussi sur la place et la Grande roue. <\/p>\n<p>Le midi, le restaurant propose une formule \u00e0 38 \u20ac, qui vous donnera un aper\u00e7u du talent du <strong>chef portugais Olivier Da Costa<\/strong>. C\u2019est lui qui imagine les cartes de toutes les adresse Anantara dans le monde. Celle de Nice est la seule adresse de France du <a href=\"https:\/\/mesinfos.fr\/92800-puteaux\/veil-jourde-conseille-covivio-224900.html\" rel=\"noopener\" target=\"_blank\">groupe Covivio<\/a>. Elle vous fera tutoyer les sommets de l\u2019\u00e9l\u00e9gance et du bon go\u00fbt durant votre s\u00e9jour. Et si la place Mass\u00e9na est \u00e0 dix minutes de l\u2019h\u00f4tel, la balade vous fera passer par un quartier pi\u00e9tonnis\u00e9 des plus agr\u00e9ables.<\/p>\n<p>\u200bChambre Grand deluxe \u00e0 partir de 424 \u20ac. <\/p>\n<ul>\n<li>Mama Shelter Nice, le plus connect\u00e9 <\/li>\n<\/ul>\n<p> <img decoding=\"async\" alt=\"\" class=\"img-align-center\" data-zoomable=\"\" height=\"1333\" loading=\"lazy\" src=\"https:\/\/www.europesays.com\/fr\/wp-content\/uploads\/2026\/01\/chambre-mama-shelter.jpg\" width=\"2000\"\/> \u00a9Mama Shelter Nice &#8211; Chambre Small Mama double. <\/p>\n<p>Ouvert il y a deux ans \u00e0 Nice, l\u2019adresse ni\u00e7oise du Mama a fait de ce quartier tranquille du secteur Garibaldi un spot branch\u00e9, \u00e0 7\/8 minutes du tram (et donc tout proche de l\u2019\u00e9picentre du Carnaval de Nice). Au <a href=\"https:\/\/www.facebook.com\/profile.php?id=61555696395973\" rel=\"noopener\" target=\"_blank\">Mama Shelter<\/a>, le tutoiement est de rigueur, l\u2019accueil personnalis\u00e9 avec vos pr\u00e9noms. Les chambres sont fun et d\u00e9cal\u00e9es, avec un \u00e9cran qui centralise toutes les infos dont vous aurez besoin pendant votre s\u00e9jour. <\/p>\n<p>Si, apr\u00e8s votre exp\u00e9rience carnavalesque, vous voulez poursuivre les festivit\u00e9s, du jeudi au samedi, le Mama Shelter Nice propose des <strong>sessions de musique live<\/strong>, suivies d\u00e8s 22 h 30 de set DJ. Le dimanche, le <strong>brunch <\/strong>attire les foules (42 \u20ac). Il sera prudent de<strong> r\u00e9server<\/strong>, m\u00eame si vous s\u00e9journez \u00e0 l\u2019h\u00f4tel. Ouverture du<strong> rooftop (avec piscine) d\u00e8s le printemps<\/strong>. <\/p>\n<p><strong>Offre sp\u00e9ciale Carnaval de Nice au Mama Shelter<\/strong> : chambre + petit d\u00e9jeuner + cocktail + places de carnaval, \u00e0 partir de 200 \u20ac. Le Mama Shelter dispose de places pour la Bataille des Fleurs, le corso illumin\u00e9 et le corso carnavalesque dans diff\u00e9rents espaces de l\u2019\u00e9v\u00e9nement. <\/p>\n","protected":false},"excerpt":{"rendered":"Saviez-vous que le Carnaval de Nice occupe la troisi\u00e8me place des carnavals du monde, apr\u00e8s celui de Rio,&hellip;\n","protected":false},"author":2,"featured_media":675933,"comment_status":"","ping_status":"","sticky":false,"template":"","format":"standard","meta":{"footnotes":""},"categories":[2819],"tags":[1111,11,1063,7237,71665,1777,674,1011,27,49687,12,2401,882,25],"class_list":{"0":"post-675932","1":"post","2":"type-post","3":"status-publish","4":"format-standard","5":"has-post-thumbnail","7":"category-nice","8":"tag-actu","9":"tag-actualites","10":"tag-animations","11":"tag-carnaval","12":"tag-carnaval-de-nice","13":"tag-eu","14":"tag-europe","15":"tag-fr","16":"tag-france","17":"tag-fu00eate","18":"tag-news","19":"tag-nice","20":"tag-provence-alpes-cote-dazur","21":"tag-republique-francaise"},"share_on_mastodon":{"url":"https:\/\/pubeurope.com\/@fr\/115925542972485009","error":""},"_links":{"self":[{"href":"https:\/\/www.europesays.com\/fr\/wp-json\/wp\/v2\/posts\/675932","targetHints":{"allow":["GET"]}}],"collection":[{"href":"https:\/\/www.europesays.com\/fr\/wp-json\/wp\/v2\/posts"}],"about":[{"href":"https:\/\/www.europesays.com\/fr\/wp-json\/wp\/v2\/types\/post"}],"author":[{"embeddable":true,"href":"https:\/\/www.europesays.com\/fr\/wp-json\/wp\/v2\/users\/2"}],"replies":[{"embeddable":true,"href":"https:\/\/www.europesays.com\/fr\/wp-json\/wp\/v2\/comments?post=675932"}],"version-history":[{"count":0,"href":"https:\/\/www.europesays.com\/fr\/wp-json\/wp\/v2\/posts\/675932\/revisions"}],"wp:featuredmedia":[{"embeddable":true,"href":"https:\/\/www.europesays.com\/fr\/wp-json\/wp\/v2\/media\/675933"}],"wp:attachment":[{"href":"https:\/\/www.europesays.com\/fr\/wp-json\/wp\/v2\/media?parent=675932"}],"wp:term":[{"taxonomy":"category","embeddable":true,"href":"https:\/\/www.europesays.com\/fr\/wp-json\/wp\/v2\/categories?post=675932"},{"taxonomy":"post_tag","embeddable":true,"href":"https:\/\/www.europesays.com\/fr\/wp-json\/wp\/v2\/tags?post=675932"}],"curies":[{"name":"wp","href":"https:\/\/api.w.org\/{rel}","templated":true}]}}