{"id":67595,"date":"2025-05-01T19:23:08","date_gmt":"2025-05-01T19:23:08","guid":{"rendered":"https:\/\/www.europesays.com\/fr\/67595\/"},"modified":"2025-05-01T19:23:08","modified_gmt":"2025-05-01T19:23:08","slug":"melenchon-sen-prend-a-macron-venu-commemorer-la-bataille-de-camerone-emblematique-de-la-legion","status":"publish","type":"post","link":"https:\/\/www.europesays.com\/fr\/67595\/","title":{"rendered":"M\u00e9lenchon s\u2019en prend \u00e0 Macron, venu comm\u00e9morer la bataille de Camerone, embl\u00e9matique de la L\u00e9gion"},"content":{"rendered":"<p>Le chef de l\u2019\u00c9tat s\u2019est rendu pour la premi\u00e8re fois \u00e0 Aubagne, mercredi, pour pr\u00e9sider les comm\u00e9morations de cette bataille historique survenue au Mexique en 1863.<\/p>\n<p class=\"fig-paragraph\">Une erreur historique\u00a0? Lors d\u2019un meeting organis\u00e9 \u00e0 Auxerre (Yonne) devant quelques centaines de militants insoumis,\u00a0<a href=\"http:\/\/www.lefigaro.fr\/politique\/marine-le-pen-ineligible-pourquoi-jean-luc-melenchon-ne-se-rejouit-pas-de-la-condamnation-20250331\" data-fig-type=\"Article\" data-gtm-custom-categorie=\"navigation\" data-gtm-custom-action=\"crossclick\" data-gtm-custom-label=\"Contextuel\" data-gtm-event=\"customEventSPE\" data-fig-domain=\"LEFIGARO\" target=\"_blank\" rel=\"noopener\">Jean-Luc M\u00e9lenchon<\/a>\u00a0a vivement attaqu\u00e9\u00a0<a href=\"https:\/\/video.lefigaro.fr\/figaro\/video\/ni-par-le-sang-ni-par-une-race-ni-par-une-religion-ni-par-une-identite-figee-les-images-demmanuel-macron-en-deplacement-a-aubagne\/\" target=\"_blank\" data-fig-type=\"Video\" rel=\"noopener\" data-gtm-custom-categorie=\"navigation\" data-gtm-custom-action=\"crossclick\" data-gtm-custom-label=\"Contextuel\" data-gtm-event=\"customEventSPE\" data-fig-domain=\"VIDEO\">Emmanuel Macron<\/a>, mercredi soir. Le multiple candidat \u00e0 la pr\u00e9sidentielle a s\u00e9v\u00e8rement critiqu\u00e9 la venue, pour la premi\u00e8re fois, du chef de l\u2019\u00c9tat \u00e0 Aubagne (Bouches-du-Rh\u00f4ne), fief historique de la L\u00e9gion \u00e9trang\u00e8re, pour pr\u00e9sider la c\u00e9r\u00e9monie de la bataille de Camerone. Le 30 avril 1863, 62 l\u00e9gionnaires fran\u00e7ais, command\u00e9s par le capitaine Jean Danjou, avaient tenu t\u00eate pendant pr\u00e8s de 10 heures \u00e0 plus de 2000 soldats mexicains. Charg\u00e9s de prot\u00e9ger le passage d\u2019un convoi de ravitaillement des troupes fran\u00e7aises qui assi\u00e9geaient la ville proche de Puebla, les l\u00e9gionnaires retranch\u00e9s dans une hacienda du village de Camaron de Tejeda avaient fait le serment de se battre jusqu\u2019\u00e0 la mort. Ils ont tenu pr\u00e8s de 11 heures avant de p\u00e9rir, ba\u00efonnette \u00e0 la main.<\/p>\n<p class=\"fig-paragraph\">\u00abNous c\u00e9l\u00e9brons une bataille que nous avons perdue, contre le peuple, par l\u2019Empire\u00bb, a fustig\u00e9 le leader insoumis, affirmant que\u00a0<a href=\"https:\/\/www.lefigaro.fr\/histoire\/napoleon-iii-plus-dure-sera-la-chute-20230225\" data-fig-type=\"Article\" data-gtm-custom-categorie=\"navigation\" data-gtm-custom-action=\"crossclick\" data-gtm-custom-label=\"Contextuel\" data-gtm-event=\"customEventSPE\" data-fig-domain=\"LEFIGARO\" target=\"_blank\" rel=\"noopener\">Napol\u00e9on III<\/a>, alors au pouvoir, avait \u00abl\u2019intention de faire accepter par les Mexicains un empereur autrichien\u00bb. \u00abIls sont tomb\u00e9s sur l\u2019arm\u00e9e mexicaine de Puebla. Tout le monde s\u2019est dit\u00a0: \u201cFacile, ce sont des conservateurs, ils vont \u00eatre avec nous\u00a0!\u201d. Ce n\u2019est pas ce qu\u2019il s\u2019est pass\u00e9\u00bb, a d\u00e9clar\u00e9 Jean-Luc M\u00e9lenchon, avant de lire un texte de Victor Hugo,\u00a0<a href=\"https:\/\/www.lefigaro.fr\/livres\/hugo-le-confine-de-guernesey-20200514\" data-fig-type=\"Article\" data-gtm-custom-categorie=\"navigation\" data-gtm-custom-action=\"crossclick\" data-gtm-custom-label=\"Contextuel\" data-gtm-event=\"customEventSPE\" data-fig-domain=\"LEFIGARO\" target=\"_blank\" rel=\"noopener\">alors en exil \u00e0 Guernesey<\/a>, en soutien aux habitants de Puebla. \u00abMonsieur le pr\u00e9sident, r\u00e9fl\u00e9chissez bien \u00e0 ce que vous \u00eates en train de c\u00e9l\u00e9brer, a sermonn\u00e9 l\u2019Insoumis. Non, toutes les batailles ne sont pas de notre go\u00fbt, m\u00eame si nous reconnaissons le d\u00e9vouement de ceux qui, ob\u00e9issant, font ce qu\u2019on leur a dit de faire.\u00bb<\/p>\n<p>L\u2019esprit du \u00abcode d\u2019honneur\u00bb<\/p>\n<p class=\"fig-paragraph\">Si la bataille de Camerone est effectivement une d\u00e9faite militaire fran\u00e7aise, elle incarne l\u2019esprit du \u00abcode d\u2019honneur\u00bb de la L\u00e9gion \u00e9trang\u00e8re, compos\u00e9e aujourd\u2019hui de 9500 hommes de pr\u00e8s de 150 nationalit\u00e9s diff\u00e9rentes\u00a0: fid\u00e9lit\u00e9 \u00e0 la mission, discipline, h\u00e9ro\u00efsme, abn\u00e9gation et solidarit\u00e9. C\u2019est la raison pour laquelle tous les 30 avril, ce moment fondateur est c\u00e9l\u00e9br\u00e9 dans le quartier Vi\u00e9not \u00e0 Aubagne, si\u00e8ge historique de la force combattante de l\u2019Arm\u00e9e de Terre.<\/p>\n<p class=\"fig-paragraph\">Apr\u00e8s avoir pass\u00e9 en revue les troupes mercredi, Emmanuel Macron a ainsi d\u00e9clar\u00e9 que la France \u00abest une patrie de volont\u00e9 et de bravoure, qui ne se d\u00e9finit ni par le sang, ni par une race, ni par une religion, ni par une identit\u00e9 fig\u00e9e\u00bb. La France se d\u00e9finit par \u00abune volont\u00e9 chaque jour recommenc\u00e9e d\u2019accomplir de grandes choses avec une poign\u00e9e de notre terre dans la main. Un r\u00eave d\u2019universel, un id\u00e9al, cette solidarit\u00e9, cette fid\u00e9lit\u00e9 \u00e0 la patrie\u00bb, a-t-il ajout\u00e9. Des d\u00e9clarations qui font \u00e9cho \u00e0 la devise de la L\u00e9gion, Legio Patria Nostra (la L\u00e9gion est notre patrie), et l\u2019embl\u00e9matique formule \u00abFran\u00e7ais par le sang vers\u00e9\u00bb. Bien loin des accusations de l\u2019opposant insoumis.<\/p>\n","protected":false},"excerpt":{"rendered":"Le chef de l\u2019\u00c9tat s\u2019est rendu pour la premi\u00e8re fois \u00e0 Aubagne, mercredi, pour pr\u00e9sider les comm\u00e9morations de&hellip;\n","protected":false},"author":2,"featured_media":67596,"comment_status":"","ping_status":"","sticky":false,"template":"","format":"standard","meta":{"footnotes":""},"categories":[2],"tags":[1111,47,11,1109,1112,118,1108,107,1106,1107,1011,27,1110,1114,14,12,1113,316,25],"class_list":{"0":"post-67595","1":"post","2":"type-post","3":"status-publish","4":"format-standard","5":"has-post-thumbnail","7":"category-actualites","8":"tag-actu","9":"tag-actualite","10":"tag-actualites","11":"tag-breves","12":"tag-depeches","13":"tag-faits-divers","14":"tag-fil","15":"tag-fil-info","16":"tag-flash","17":"tag-flash-actu","18":"tag-fr","19":"tag-france","20":"tag-informations","21":"tag-infos","22":"tag-international","23":"tag-news","24":"tag-nouvelles","25":"tag-politique","26":"tag-republique-francaise"},"share_on_mastodon":{"url":"https:\/\/pubeurope.com\/@fr\/114434212020965073","error":""},"_links":{"self":[{"href":"https:\/\/www.europesays.com\/fr\/wp-json\/wp\/v2\/posts\/67595","targetHints":{"allow":["GET"]}}],"collection":[{"href":"https:\/\/www.europesays.com\/fr\/wp-json\/wp\/v2\/posts"}],"about":[{"href":"https:\/\/www.europesays.com\/fr\/wp-json\/wp\/v2\/types\/post"}],"author":[{"embeddable":true,"href":"https:\/\/www.europesays.com\/fr\/wp-json\/wp\/v2\/users\/2"}],"replies":[{"embeddable":true,"href":"https:\/\/www.europesays.com\/fr\/wp-json\/wp\/v2\/comments?post=67595"}],"version-history":[{"count":0,"href":"https:\/\/www.europesays.com\/fr\/wp-json\/wp\/v2\/posts\/67595\/revisions"}],"wp:featuredmedia":[{"embeddable":true,"href":"https:\/\/www.europesays.com\/fr\/wp-json\/wp\/v2\/media\/67596"}],"wp:attachment":[{"href":"https:\/\/www.europesays.com\/fr\/wp-json\/wp\/v2\/media?parent=67595"}],"wp:term":[{"taxonomy":"category","embeddable":true,"href":"https:\/\/www.europesays.com\/fr\/wp-json\/wp\/v2\/categories?post=67595"},{"taxonomy":"post_tag","embeddable":true,"href":"https:\/\/www.europesays.com\/fr\/wp-json\/wp\/v2\/tags?post=67595"}],"curies":[{"name":"wp","href":"https:\/\/api.w.org\/{rel}","templated":true}]}}