{"id":675952,"date":"2026-01-20T04:41:12","date_gmt":"2026-01-20T04:41:12","guid":{"rendered":"https:\/\/www.europesays.com\/fr\/675952\/"},"modified":"2026-01-20T04:41:12","modified_gmt":"2026-01-20T04:41:12","slug":"lunion-de-la-gauche-denonce-une-metropole-a-deux-vitesses","status":"publish","type":"post","link":"https:\/\/www.europesays.com\/fr\/675952\/","title":{"rendered":"L\u2019Union de la gauche d\u00e9nonce \u00abune m\u00e9tropole \u00e0 deux vitesses\u00bb"},"content":{"rendered":"<p><strong>L\u2019adjoint au maire de Lyon et candidat \u00e0 l\u2019\u00e9lection municipale, Valentin Lungenstrass, a, <strong>tout comme Vinciane Brunel<\/strong><\/strong>,<strong> r\u00e9agi au projet de transports pr\u00e9sent\u00e9 par V\u00e9ronique Sarselli et Jean-Michel Aulas.<\/strong><\/p>\n<p>Valentin Lungenstrass, adjoint au maire de Lyon et candidat \u00e0 l\u2019\u00e9lection municipale, et Vinciane Brunel, co-responsable du projet et candidate \u00e0 l\u2019\u00e9lection m\u00e9tropolitaine, ont rapidement r\u00e9agi au <strong><a href=\"http:\/\/www.lyonpoleimmo.com\/2026\/01\/19\/94178\/sarselli-veut-relancer-le-metro-e-et-abandonner-teol\/\" title=\"Sarselli veut relancer le m\u00e9tro E et abandonner TEOL\" target=\"_blank\" rel=\"noopener\">projet pr\u00e9sent\u00e9 par Jean-Michel Aulas et V\u00e9ronique Sarselli<\/a><\/strong>, confirmant l\u2019abandon du projet de Tramway Express de l\u2019Ouest Lyonnais (TEOL) au profit d\u2019un m\u00e9tro E hypoth\u00e9tique.<\/p>\n<p>Valentin Lungenstrass, candidat \u00e0 l\u2019\u00e9lection municipale, a d\u00e9nonc\u00e9 un projet hypoth\u00e9tique.<\/p>\n<blockquote class=\"wp-block-quote is-layout-flow wp-block-quote-is-layout-flow\">\n<p>\u00ab Apr\u00e8s le m\u00e9ga-tunnel, une impasse d\u00e9j\u00e0 d\u00e9nonc\u00e9e par de nombreux sp\u00e9cialistes, y compris par le ministre des Transports, la droite propose maintenant d\u2019abandonner TEOL : un tramway pr\u00eat \u00e0 \u00eatre lanc\u00e9, qui permettrait de relier Ala\u00ef \u00e0 Confluence en 15 minutes, pour ressortir un m\u00e9tro E hypoth\u00e9tique, sans calendrier cr\u00e9dible. C&rsquo;est une politique de l&rsquo;attente et du renoncement : aucune cr\u00e9ation de transport n&rsquo;aurait lieu au prochain mandat. Pourtant, les habitants ont besoin de solutions concr\u00e8tes, r\u00e9alisables ! \u00bb<\/p>\n<p>Valentin Lungenstrass<\/p><\/blockquote>\n<p>Vinciane Brunel, co-responsable du projet et candidate \u00e0 l\u2019\u00e9lection m\u00e9tropolitaine Avan\u00e7ons ensemble avec Bruno Bernard, a \u00e9galement critiqu\u00e9 le projet.<\/p>\n<blockquote class=\"wp-block-quote is-layout-flow wp-block-quote-is-layout-flow\">\n<p>\u00ab Pour un projet unique, on sacrifie le raccordement d\u2019autres territoires qui attendent depuis des ann\u00e9es des solutions de transport efficaces. Comme pour la gratuit\u00e9 r\u00e9serv\u00e9e aux seuls Lyonnais, c\u2019est la vision d\u2019une m\u00e9tropole \u00e0 deux vitesses, o\u00f9 quelques int\u00e9r\u00eats sont servis au d\u00e9triment des autres, au lieu de construire un r\u00e9seau \u00e9quilibr\u00e9 et utile \u00e0 tous. \u00bb<\/p>\n<p>Vinciane Brunel<\/p><\/blockquote>\n<p>                  <img loading=\"lazy\" decoding=\"async\" alt=\"\" src=\"https:\/\/www.europesays.com\/fr\/wp-content\/uploads\/2026\/01\/1768884072_250_aa80fbcec76b8e31baa828b9e8df762388c5950be21994636af3fb2f598021ac.jpeg\"  class=\"avatar avatar-96 photo\" height=\"96\" width=\"96\"\/>              <\/p>\n<p>\t\tNavigation d\u2019article<\/p>\n","protected":false},"excerpt":{"rendered":"L\u2019adjoint au maire de Lyon et candidat \u00e0 l\u2019\u00e9lection municipale, Valentin Lungenstrass, a, tout comme Vinciane Brunel, r\u00e9agi&hellip;\n","protected":false},"author":2,"featured_media":639746,"comment_status":"","ping_status":"","sticky":false,"template":"","format":"standard","meta":{"footnotes":""},"categories":[1889],"tags":[5265,1111,11,2430,1777,674,1011,27,2428,12,25],"class_list":{"0":"post-675952","1":"post","2":"type-post","3":"status-publish","4":"format-standard","5":"has-post-thumbnail","7":"category-lyon","8":"tag-abonnes","9":"tag-actu","10":"tag-actualites","11":"tag-auvergne-rhone-alpes","12":"tag-eu","13":"tag-europe","14":"tag-fr","15":"tag-france","16":"tag-lyon","17":"tag-news","18":"tag-republique-francaise"},"share_on_mastodon":{"url":"https:\/\/pubeurope.com\/@fr\/115925593843981425","error":""},"_links":{"self":[{"href":"https:\/\/www.europesays.com\/fr\/wp-json\/wp\/v2\/posts\/675952","targetHints":{"allow":["GET"]}}],"collection":[{"href":"https:\/\/www.europesays.com\/fr\/wp-json\/wp\/v2\/posts"}],"about":[{"href":"https:\/\/www.europesays.com\/fr\/wp-json\/wp\/v2\/types\/post"}],"author":[{"embeddable":true,"href":"https:\/\/www.europesays.com\/fr\/wp-json\/wp\/v2\/users\/2"}],"replies":[{"embeddable":true,"href":"https:\/\/www.europesays.com\/fr\/wp-json\/wp\/v2\/comments?post=675952"}],"version-history":[{"count":0,"href":"https:\/\/www.europesays.com\/fr\/wp-json\/wp\/v2\/posts\/675952\/revisions"}],"wp:featuredmedia":[{"embeddable":true,"href":"https:\/\/www.europesays.com\/fr\/wp-json\/wp\/v2\/media\/639746"}],"wp:attachment":[{"href":"https:\/\/www.europesays.com\/fr\/wp-json\/wp\/v2\/media?parent=675952"}],"wp:term":[{"taxonomy":"category","embeddable":true,"href":"https:\/\/www.europesays.com\/fr\/wp-json\/wp\/v2\/categories?post=675952"},{"taxonomy":"post_tag","embeddable":true,"href":"https:\/\/www.europesays.com\/fr\/wp-json\/wp\/v2\/tags?post=675952"}],"curies":[{"name":"wp","href":"https:\/\/api.w.org\/{rel}","templated":true}]}}