{"id":675955,"date":"2026-01-20T04:46:27","date_gmt":"2026-01-20T04:46:27","guid":{"rendered":"https:\/\/www.europesays.com\/fr\/675955\/"},"modified":"2026-01-20T04:46:27","modified_gmt":"2026-01-20T04:46:27","slug":"des-elus-ecologistes-appellent-a-de-fortes-regulations","status":"publish","type":"post","link":"https:\/\/www.europesays.com\/fr\/675955\/","title":{"rendered":"des \u00e9lus \u00e9cologistes appellent \u00e0 de fortes r\u00e9gulations"},"content":{"rendered":"<p>        Lire\u00a0plus\u00a0tard      <\/p>\n<p><a aria-label=\"Nous suivre sur Google News\" href=\"https:\/\/news.google.com\/publications\/CAAqBwgKMJe4nQkw3dFs?hl=fr&amp;gl=FR&amp;ceid=FR%3Afr\" target=\"_blank\" data-piano=\"Page_Article,Sous_date_publi,Nous_suivre_sur_google_news,1er_clic,action\" class=\"btn btn--small btn--tertiary btn--icon-only\" rel=\"noopener\"><\/p>\n<p>      Google Actualit\u00e9s<br \/>\n  <\/a><\/p>\n<p>  Partager<\/p>\n<p>        Facebook<\/p>\n<p>        Bluesky<\/p>\n<p>        E-mail<\/p>\n<p>        Copier le lien<\/p>\n<p>      Envoyer<\/p>\n<p>      S\u2019abonner    <\/p>\n<p class=\"node__paragraphe antonia-750r text-grey-800 pb-24 pb-md-32\">\nMontmartre et certains quartiers de Paris vont-ils devenir un grand Disneyland \u00e0 ciel ouvert\u00a0? Quand on voit la foule sans fin de touristes les arpenter ou quand on voit la capitale se hisser au premier rang mondial des march\u00e9s de Airbnb pour recevoir des touristes internationaux toujours plus nombreux, on peut l\u00e9gitimement entendre le sentiment de saturation des habitants. Et se dire que oui, \u00e7a suffit\u00a0!<\/p>\n<p class=\"node__paragraphe antonia-750r text-grey-800 pb-24 pb-md-32\">\nBien s\u00fbr, Paris attire par sa beaut\u00e9 et les Parisiennes et Parisiens sont fiers d\u2019accueillir les touristes. Mais cette pression qui p\u00e8se sur la capitale \u2013 qui fait monter les prix et encourage la sp\u00e9culation immobili\u00e8re tout en rar\u00e9fiant l\u2019offre de logements \u2013, c\u2019est d\u2019abord, et avant tout, le r\u00e9sultat d\u00e9l\u00e9t\u00e8re de gouvernements de droite et macronistes. Ceux-l\u00e0 m\u00eames qui ne pensent Paris que comme une pompe \u00e0 fric destin\u00e9e \u00e0 des touristes fortun\u00e9s, venus en avion long-courrier au bilan carbone \u00e9pouvantable. C\u2019est pour cela qu\u2019ils ont impos\u00e9 la construction de la ligne de m\u00e9tro r\u00e9serv\u00e9e aux touristes internationaux pour aller \u00e0 l\u2019a\u00e9roport Paris-Charles-de-Gaulle, <a href=\"https:\/\/www.nouvelobs.com\/societe\/20180124.OBS1165\/le-charles-de-gaulle-express-de-roissy-a-paris-prioritaire-sur-les-lignes-de-metro.html\" target=\"_blank\" rel=\"noopener\">la CDG Express<\/a>. C\u2019est pour cela qu\u2019ils veulent faire ce m\u00e9ga projet au Louvre pour relier le mus\u00e9e national \u00e0 <a href=\"https:\/\/www.nouvelobs.com\/social\/20251001.OBS108260\/attac-manifeste-devant-la-samaritaine-contre-les-privileges-fiscaux-des-ultrariches-et-se-moque-de-bernard-arnault.html\" target=\"_blank\" rel=\"noopener\">la Samaritaine<\/a>, grand magasin transform\u00e9 en duty-free de luxe par LVMH. C\u2019est pour cela aussi qu\u2019ils ont cr\u00e9\u00e9 les zones touristiques internationales (ZTI).<\/p>\n<p class=\"node__paragraphe antonia-750r text-grey-800 pb-24 pb-md-32\">\n<a href=\"https:\/\/www.nouvelobs.com\/societe\/social\/20150818.OBS4314\/travail-le-dimanche-a-paris-des-zones-touristiques-qui-font-tousser.html\" target=\"_blank\" rel=\"noopener\">Ces zones ont \u00e9t\u00e9 cr\u00e9\u00e9es en\u00a02015<\/a>\u00a0par Emmanuel Macron, alors ministre de l\u2019Economie. Elles permettent de d\u00e9roger \u00e0 un certain nombre de r\u00e8gles en mati\u00e8re de droit du commerce et de droit du travail \u2013 le travail jusqu\u2019\u00e0 minuit et tous les dimanches y est, par exemple, autoris\u00e9. Lib\u00e9raliser, r\u00e9duire les protections sociales, tout cela pour un seul objectif\u00a0: permettre une meilleure attractivit\u00e9 et une plus forte rentabilisation de ces zones. Il y en a 21\u00a0en France dont douze\u00a0\u00e0 Paris.<\/p>\n<p>Le risque est de g\u00e9n\u00e9rer un rejet complet<\/p>\n<p class=\"node__paragraphe antonia-750r text-grey-800 pb-24 pb-md-32\">\nOr, aujourd\u2019hui, ce sont en grande majorit\u00e9 ces quartiers qui subissent la pression du surtourisme\u00a0: concentration des meubl\u00e9s touristiques, qui expulse les habitants et fait exploser les prix des logements, saturation de l\u2019espace public, pression sur les transports, explosion des prix, monoactivit\u00e9 commerciale \u2013 les magasins de souvenirs avec des tour Eiffel s\u2019encha\u00eenent, sans charme. Face au surtourisme, Paris agit. Avec notamment un nouveau plan local d\u2019urbanisme dit bioclimatique\u00a0: il interdit de construire de nouveaux meubl\u00e9s touristiques dans des zones dites \u00ab\u00a0en tension touristique\u00a0\u00bb.<\/p>\n<p class=\"node__paragraphe antonia-750r text-grey-800 pb-24 pb-md-32\">\nMais pour aller plus loin, et faire baisser la pression du surtourisme, intenable dans certains quartiers, nous devons en finir avec ces fameuses ZTI. Montmartre, le Marais, le boulevard Haussmann, le champ de Mars, etc. Tous ces quartiers patrimoniaux n\u2019ont pas besoin d\u2019une l\u00e9gislation d\u00e9rogatoire au droit du travail et du commerce pour rester attractifs. Au contraire, si on continue comme aujourd\u2019hui, ils vont crever asphyxi\u00e9s.<\/p>\n<p class=\"node__paragraphe antonia-750r text-grey-800 pb-24 pb-md-32\">\nCe dont nous avons besoin en mati\u00e8re de tourisme, ce n\u2019est plus une politique du toujours plus au d\u00e9triment du cadre de vie des habitants qui vivent sur place. Nous avons besoin de r\u00e9gulations fortes et d\u2019une r\u00e9partition plus \u00e9quitable des flux sur le territoire m\u00e9tropolitain et national qui ne manquent pas d\u2019atouts\u00a0! Bien s\u00fbr, l\u2019industrie touristique repr\u00e9sente 15\u00a0% de l\u2019emploi de la capitale et il faut pr\u00e9server cela, mais Paris ne peut pas continuer \u00e0 accueillir toujours plus de visiteurs de mani\u00e8re ind\u00e9finie. Le risque est de g\u00e9n\u00e9rer un rejet complet des touristes, comme dans d\u2019autres capitales europ\u00e9ennes, comme Amsterdam ou Barcelone. La fin des ZTI \u00e0 Paris repr\u00e9senterait un premier pas vers cette politique de r\u00e9gulation pour un tourisme durable et acceptable pour celles et ceux qui vivent sur place. Paris doit conserver cette vocation d\u2019accueil mais elle doit aussi permettre \u00e0 celles et \u00e0 ceux qui y vivent, y travaillent, y logent ou y \u00e9tudient de le faire sereinement.<\/p>\n<p class=\"node__paragraphe antonia-750r text-grey-800 pb-24 pb-md-32\">\n<strong>Signataires<\/strong><\/p>\n<ul class=\"node__bulletedList antonia-750r text-grey-800 pb-24 pb-md-40\">\n<li>David Belliard, candidat \u00e9cologiste \u00e0 la mairie de Paris, adjoint \u00e0 la mairie en charge de la transformation de l\u2019espace public<\/li>\n<li>Fr\u00e9d\u00e9ric Hocquard, adjoint \u00e0 la mairie de Paris en charge du tourisme et de la vie nocturne<\/li>\n<li>Amina Bouri, d\u00e9l\u00e9gu\u00e9e de Paris Centre en charge de l\u2019Histoire de Paris et du suivi des plans climat, candidate \u00e9cologiste pour les municipales<\/li>\n<li>Anne-Claire Boux, adjointe \u00e0 la maire de Paris en charge de toutes les questions relatives \u00e0 la sant\u00e9 publique et aux relations avec l\u2019APHP, candidate \u00e9cologiste aux municipales<\/li>\n<li>Fr\u00e9d\u00e9rique Dutreuil, conseill\u00e8re du 9e arrondissement de Paris, candidate \u00e9cologiste aux municipales<\/li>\n<li>Emile Meunier, conseiller du 18\u1d49 arrondissement de Paris, pr\u00e9sident \u00e9cologiste de la commission urbanisme et logement<\/li>\n<\/ul>\n<p class=\"latino-600m text-green-500\">Cet article est une tribune, r\u00e9dig\u00e9e par un auteur ext\u00e9rieur<br \/>\n            au journal et dont le point de vue n\u2019engage pas la r\u00e9daction.<\/p>\n","protected":false},"excerpt":{"rendered":"Lire\u00a0plus\u00a0tard Google Actualit\u00e9s Partager Facebook Bluesky E-mail Copier le lien Envoyer S\u2019abonner Montmartre et certains quartiers de Paris&hellip;\n","protected":false},"author":2,"featured_media":675956,"comment_status":"","ping_status":"","sticky":false,"template":"","format":"standard","meta":{"footnotes":""},"categories":[1888],"tags":[5734,1111,1928,11,1927,14285,1433,2339,34756,10153,1777,674,1011,27,12,1926,1427,626,1925,316,25,20320],"class_list":{"0":"post-675955","1":"post","2":"type-post","3":"status-publish","4":"format-standard","5":"has-post-thumbnail","7":"category-paris","8":"tag-5734","9":"tag-actu","10":"tag-actu-paris","11":"tag-actualites","12":"tag-actualites-paris","13":"tag-appellent","14":"tag-ca","15":"tag-ecologistes","16":"tag-elections-municipales-a-paris","17":"tag-elus","18":"tag-eu","19":"tag-europe","20":"tag-fr","21":"tag-france","22":"tag-news","23":"tag-news-paris","24":"tag-opinions","25":"tag-paris","26":"tag-paris-news","27":"tag-politique","28":"tag-republique-francaise","29":"tag-surtourisme"},"share_on_mastodon":{"url":"https:\/\/pubeurope.com\/@fr\/115925613487906936","error":""},"_links":{"self":[{"href":"https:\/\/www.europesays.com\/fr\/wp-json\/wp\/v2\/posts\/675955","targetHints":{"allow":["GET"]}}],"collection":[{"href":"https:\/\/www.europesays.com\/fr\/wp-json\/wp\/v2\/posts"}],"about":[{"href":"https:\/\/www.europesays.com\/fr\/wp-json\/wp\/v2\/types\/post"}],"author":[{"embeddable":true,"href":"https:\/\/www.europesays.com\/fr\/wp-json\/wp\/v2\/users\/2"}],"replies":[{"embeddable":true,"href":"https:\/\/www.europesays.com\/fr\/wp-json\/wp\/v2\/comments?post=675955"}],"version-history":[{"count":0,"href":"https:\/\/www.europesays.com\/fr\/wp-json\/wp\/v2\/posts\/675955\/revisions"}],"wp:featuredmedia":[{"embeddable":true,"href":"https:\/\/www.europesays.com\/fr\/wp-json\/wp\/v2\/media\/675956"}],"wp:attachment":[{"href":"https:\/\/www.europesays.com\/fr\/wp-json\/wp\/v2\/media?parent=675955"}],"wp:term":[{"taxonomy":"category","embeddable":true,"href":"https:\/\/www.europesays.com\/fr\/wp-json\/wp\/v2\/categories?post=675955"},{"taxonomy":"post_tag","embeddable":true,"href":"https:\/\/www.europesays.com\/fr\/wp-json\/wp\/v2\/tags?post=675955"}],"curies":[{"name":"wp","href":"https:\/\/api.w.org\/{rel}","templated":true}]}}