{"id":67599,"date":"2025-05-01T19:25:20","date_gmt":"2025-05-01T19:25:20","guid":{"rendered":"https:\/\/www.europesays.com\/fr\/67599\/"},"modified":"2025-05-01T19:25:20","modified_gmt":"2025-05-01T19:25:20","slug":"la-france-face-au-defi-de-la-production-de-drones","status":"publish","type":"post","link":"https:\/\/www.europesays.com\/fr\/67599\/","title":{"rendered":"la France face au d\u00e9fi de la production de drones"},"content":{"rendered":"<p class=\"articleHead-lead\">\n            La Direction g\u00e9n\u00e9rale de l&rsquo;armement (DGA) souhaite le rapprochement des industries civiles et militaires pour assurer le secteur de la d\u00e9fense, notamment en privil\u00e9giant la production de drones. La France a acc\u00e9l\u00e9r\u00e9 la cadence, rattrap\u00e9e par la guerre en Ukraine.\n        <\/p>\n<p>            <img decoding=\"async\"  src=\"https:\/\/www.europesays.com\/fr\/wp-content\/uploads\/2025\/05\/1746127520_906_picture.jpg\"  class=\"apply-ratio\" alt=\"Recourir \u00e0 l'\u00e9cosyst\u00e8me civil permettrait de s'affranchir des contraintes de construction d'usine.\"\/><\/p>\n<p>\n                                            \u00a9 Getty_Images<\/p>\n<p>                                             &#8211; Recourir \u00e0 l&rsquo;\u00e9cosyst\u00e8me civil permettrait de s&rsquo;affranchir des contraintes de construction d&rsquo;usine.\n                                    <\/p>\n<ul class=\"articleMainFollow-list\">\n<li class=\"articleMainFollow-item\">\n<p>                        Sauvegarder<\/p>\n<p>                        Sauvegard\u00e9<\/p>\n<\/li>\n<li class=\"articleMainFollow-item\">\n<\/li>\n<\/ul>\n<p>\n                    Recevoir les alertes Arm\u00e9e\n                <\/p>\n<p>Produire davantage, plus rapidement. Telle est la volont\u00e9 du minist\u00e8re des Arm\u00e9es et de la Direction g\u00e9n\u00e9rale de l&rsquo;armement (DGA) pour renforcer <strong>le secteur de la d\u00e9fense<\/strong>. Ainsi, le recours \u00e0 l\u2019industrie civile est une alternative cr\u00e9dible\u00a0pour \u00e9pauler <a href=\"https:\/\/www.capital.fr\/economie-politique\/ecologie-industrielle-principe-et-caracteristiques-1424961\" rel=\"nofollow noopener\" target=\"_blank\">l&rsquo;industrie<\/a> de l\u2019armement et donc soutenir l\u2019\u00e9conomie de guerre, explique <a href=\"https:\/\/www.bfmtv.com\/economie\/entreprises\/defense\/production-de-drones-comment-la-dga-mise-sur-le-rapprochement-des-industries-militaire-et-civile_AV-202504300667.html\" target=\"_blank\" rel=\"nofollow noopener\">BFM TV<\/a>. Le patron de la DGA, Emmanuel Chiva, souhaite mettre l\u2019accent sur les petits drones, un domaine \u00abdans lequel la France avait pris du retard\u00bb.<\/p>\n<p>Pour rappel, le minist\u00e8re des Arm\u00e9es et la DGA ont redoubl\u00e9 d\u2019efforts pour inciter \u00e0 relocaliser <a href=\"https:\/\/www.capital.fr\/economie-politique\/rearmement-les-forges-de-tarbes-sauvees-grace-a-la-fabrication-dobus-1510599\" rel=\"nofollow noopener\" target=\"_blank\">la production<\/a> et proc\u00e9der \u00e0 la mont\u00e9e en cadence dans l\u2019industrie, depuis <strong>le d\u00e9but de la guerre en Ukraine en 2022<\/strong>. \u00abLe contexte est complexe, nous ne pouvons pas ignorer les contraintes. Nous devons \u00eatre un investisseur responsable\u00bb, assure Emmanuel Chiva. La France a alors lanc\u00e9 une feuille de route dans le but de soutenir<strong> l\u2019industrie du drone<\/strong>. Le \u00abpacte drones a\u00e9riens de d\u00e9fense\u00bb a \u00e9t\u00e9 sign\u00e9 au mois de juin dernier pour permettre la production en masse de drones civils comme les \u00abdrones kamikazes\u00bb qui poss\u00e8deront des charges explosives.<\/p>\n<p>        \u00c0 lire aussi :<br \/>\n        <a class=\"articleToRead-link\" href=\"https:\/\/www.capital.fr\/economie-politique\/rearmement-combien-coute-un-canon-caesar-1510552\" data-wide=\"\" rel=\"nofollow noopener\" target=\"_blank\"><br \/>\n            R\u00e9armement : combien co\u00fbte un canon Caesar ?<br \/>\n        <\/a><\/p>\n<p>Une fa\u00e7on de ma\u00eetriser les co\u00fbts<\/p>\n<p>En ce qui concerne les industriels, cela leur permettrait de faire exploser le carnet de commandes et ainsi <strong>d\u2019\u00e9tendre leur march\u00e9<\/strong>. L\u2019int\u00e9r\u00eat de recourir \u00e0 l&rsquo;\u00e9cosyst\u00e8me civil permettrait de s&rsquo;affranchir des contraintes de construction d&rsquo;usine et de ma\u00eetriser bien plus facilement les co\u00fbts. D\u00e8s 2026, l&rsquo;exercice militaire Orion 2026 int\u00e8grera<strong> une production de masse de drones low cost <\/strong>pour l&rsquo;arm\u00e9e de terre. Cette mise en pratique, \u00e0 l\u2019initiative de la DGA, permettra ou non de confirmer que les capacit\u00e9s industrielles civiles peuvent \u00eatre int\u00e9gr\u00e9es \u00e0 l&rsquo;outil de production de mat\u00e9riels militaires. \u00abNous souhaitons avoir la capacit\u00e9 de mettre une charge pyrotechnique sur un drone Delair ou Novadem, sans avoir besoin de faire un nouveau syst\u00e8me\u00bb, pr\u00e9cise l\u2019une des directions du minist\u00e8re fran\u00e7ais des Arm\u00e9es.<\/p>\n<p>        Recevez nos derni\u00e8res news<\/p>\n<p>        Chaque matin, les infos \u00e0 retenir sur les <b>march\u00e9s financiers<\/b>.<\/p>\n","protected":false},"excerpt":{"rendered":"La Direction g\u00e9n\u00e9rale de l&rsquo;armement (DGA) souhaite le rapprochement des industries civiles et militaires pour assurer le secteur&hellip;\n","protected":false},"author":2,"featured_media":67600,"comment_status":"","ping_status":"","sticky":false,"template":"","format":"standard","meta":{"footnotes":""},"categories":[4],"tags":[11,9930,564,9929,1011,27,12,25],"class_list":{"0":"post-67599","1":"post","2":"type-post","3":"status-publish","4":"format-standard","5":"has-post-thumbnail","7":"category-france","8":"tag-actualites","9":"tag-armu00e9e","10":"tag-drone","11":"tag-du00e9fense","12":"tag-fr","13":"tag-france","14":"tag-news","15":"tag-republique-francaise"},"share_on_mastodon":{"url":"https:\/\/pubeurope.com\/@fr\/114434219922692800","error":""},"_links":{"self":[{"href":"https:\/\/www.europesays.com\/fr\/wp-json\/wp\/v2\/posts\/67599","targetHints":{"allow":["GET"]}}],"collection":[{"href":"https:\/\/www.europesays.com\/fr\/wp-json\/wp\/v2\/posts"}],"about":[{"href":"https:\/\/www.europesays.com\/fr\/wp-json\/wp\/v2\/types\/post"}],"author":[{"embeddable":true,"href":"https:\/\/www.europesays.com\/fr\/wp-json\/wp\/v2\/users\/2"}],"replies":[{"embeddable":true,"href":"https:\/\/www.europesays.com\/fr\/wp-json\/wp\/v2\/comments?post=67599"}],"version-history":[{"count":0,"href":"https:\/\/www.europesays.com\/fr\/wp-json\/wp\/v2\/posts\/67599\/revisions"}],"wp:featuredmedia":[{"embeddable":true,"href":"https:\/\/www.europesays.com\/fr\/wp-json\/wp\/v2\/media\/67600"}],"wp:attachment":[{"href":"https:\/\/www.europesays.com\/fr\/wp-json\/wp\/v2\/media?parent=67599"}],"wp:term":[{"taxonomy":"category","embeddable":true,"href":"https:\/\/www.europesays.com\/fr\/wp-json\/wp\/v2\/categories?post=67599"},{"taxonomy":"post_tag","embeddable":true,"href":"https:\/\/www.europesays.com\/fr\/wp-json\/wp\/v2\/tags?post=67599"}],"curies":[{"name":"wp","href":"https:\/\/api.w.org\/{rel}","templated":true}]}}