{"id":67603,"date":"2025-05-01T19:28:11","date_gmt":"2025-05-01T19:28:11","guid":{"rendered":"https:\/\/www.europesays.com\/fr\/67603\/"},"modified":"2025-05-01T19:28:11","modified_gmt":"2025-05-01T19:28:11","slug":"dn2-alexandre-mickalezyk-je-suis-la-pour-mamuser-et-aider-des-mecs-geniaux-qui-en-valent-la-peine-rugby-a-xiii","status":"publish","type":"post","link":"https:\/\/www.europesays.com\/fr\/67603\/","title":{"rendered":"DN2 &#8211; Alexandre Mickalezyk : \u00ab\u00a0Je suis l\u00e0 pour m\u2019amuser et aider des mecs g\u00e9niaux qui en valent la peine\u00a0\u00bb &#8211; Rugby \u00e0 XIII"},"content":{"rendered":"<p style=\"text-align: justify;\"><strong>Alexandre Mickalezyk, avant de Gratentour rugby XIII, \u00e9voque son retour sur les terrains et revient sur sa saison dans son nouveau club.<\/strong><\/p>\n<p style=\"text-align: justify;\"><strong>Alex, je t\u2019ai laiss\u00e9 il y a deux ans apr\u00e8s une interview o\u00f9 tu arr\u00eatais le rugby et te voil\u00e0 \u00e0 Gratentour cette saison, que s\u2019est-il pass\u00e9 ?<\/strong><\/p>\n<p style=\"text-align: justify;\">Il fallait que je souffle\u202f! Le rythme de l\u2019Elite est soutenu, particuli\u00e8rement quand on fait beaucoup d\u2019heures au travail \u00e0 c\u00f4t\u00e9, les trajets plusieurs fois par semaine \u00e0 Limoux devenaient compliqu\u00e9s, j\u2019y laissais trop de temps\u2026 Si mon club d\u2019enfance avait \u00e9t\u00e9 plus proche, j\u2019y serais s\u00fbrement encore. Mais l\u2019\u00e2me de Gratentour m\u2019a s\u00e9duit, non seulement par sa proximit\u00e9 mais aussi par son humilit\u00e9 et ses valeurs. C\u2019\u00e9tait le bon endroit pour remettre le couvert.<\/p>\n<p style=\"text-align: justify;\"><strong>Que penses-tu de ta saison collectivement et individuellement ?<\/strong><\/p>\n<p style=\"text-align: justify;\">Collectivement, on a un groupe tr\u00e8s h\u00e9t\u00e9roclite, mais qui visiblement sait vivre ensemble. Chacun apporte ce qu\u2019il a \u00e0 apporter, il n\u2019y a personne mis de c\u00f4t\u00e9 et on se tire tous vers le haut, on essaie du moins\u202f!<\/p>\n<p style=\"text-align: justify;\">Plus individuellement, j\u2019essaie d\u2019apporter tout ce que je peux au groupe, on m\u2019a donn\u00e9 des responsabilit\u00e9s assez t\u00f4t que je prends plaisir \u00e0 assurer. D\u2019ailleurs plaisir est le ma\u00eetre mot de ma saison, je suis l\u00e0 pour m\u2019amuser et aider des mecs g\u00e9niaux qui en valent la peine.<\/p>\n<p style=\"text-align: justify;\"><strong>Vous faites une grosse saison en \u00e9tant en demi-finale, comment expliques-tu ces r\u00e9sultats ?<\/strong><\/p>\n<p style=\"text-align: justify;\">C\u2019est vrai que jusqu\u2019ici nos r\u00e9sultats sont tr\u00e8s satisfaisants, certains auront un malin plaisir \u00e0 mettre \u00e7a sur le fait qu\u2019on ait recrut\u00e9 \u00ab des mecs d\u2019\u00e9lite \u00bb, alors que 90\u2009% du groupe est le m\u00eame que l\u2019an dernier. Je pense simplement que l\u2019avanc\u00e9e dans le championnat est mieux cadr\u00e9e. On a des mecs qui aiment gagner, c\u2019est tout. Tout le monde veut \u00eatre meilleur, on a des anciens d\u2019\u00e9lite qui n\u2019ont pas touch\u00e9 un ballon depuis 5 ans, des joueurs qui n\u2019ont jamais quitt\u00e9 la DN2, voire Gratentour, qui sont ravis d\u2019accueillir des nouvelles t\u00eates, et cette ann\u00e9e, on a un cocktail qui r\u00e9ussit.<\/p>\n<p style=\"text-align: justify;\"><strong>Avec ton exp\u00e9rience, quelles diff\u00e9rences vois-tu avec les autres niveaux dans lesquelles tu as \u00e9volu\u00e9 ?<\/strong><\/p>\n<p style=\"text-align: justify;\">Le niveau diff\u00e8re beaucoup forc\u00e9ment, on a un championnat rempli de mecs valeureux qui d\u00e9fendent leur club avec passion sans trop avoir c\u00f4toy\u00e9 le plus haut niveau. Donc les diff\u00e9rences se remarquent surtout au niveau de la discipline, mais il y a des attitudes int\u00e9ressantes dans chacun des effectifs. C\u2019est agr\u00e9able de c\u00f4toyer des mecs qui ne se prennent pas pour un autre.<\/p>\n<p style=\"text-align: justify;\"><strong>Ce serait quoi une saison r\u00e9ussie pour toi ?<\/strong><\/p>\n<p style=\"text-align: justify;\">Notre saison est d\u00e9j\u00e0 r\u00e9ussie. Il nous manque juste la cerise sur le g\u00e2teau (rires).<\/p>\n<p style=\"text-align: justify;\"><strong>Treize Mondial<br \/><a href=\"https:\/\/www.facebook.com\/13Mondial\" target=\"_blank\" rel=\"noopener\"><img loading=\"lazy\" decoding=\"async\" class=\"alignnone wp-image-217097\" src=\"https:\/\/www.europesays.com\/fr\/wp-content\/uploads\/2025\/04\/logo-facebook.png\" alt=\"\" width=\"40\" height=\"40\"  \/><\/a> <a href=\"https:\/\/twitter.com\/XIIIMondial\" target=\"_blank\" rel=\"noopener\"><img loading=\"lazy\" decoding=\"async\" class=\"alignnone wp-image-217098\" src=\"https:\/\/www.europesays.com\/fr\/wp-content\/uploads\/2025\/04\/logo-twitter.png\" alt=\"\" width=\"39\" height=\"39\"  \/><\/a><\/strong><\/p>\n<p>        <script async src=\"https:\/\/platform.twitter.com\/widgets.js\" charset=\"utf-8\"><\/script><\/p>\n","protected":false},"excerpt":{"rendered":"Alexandre Mickalezyk, avant de Gratentour rugby XIII, \u00e9voque son retour sur les terrains et revient sur sa saison&hellip;\n","protected":false},"author":2,"featured_media":67604,"comment_status":"","ping_status":"","sticky":false,"template":"","format":"standard","meta":{"footnotes":""},"categories":[1416],"tags":[16886,16887,1011,27,16888,479,2228,1468,2229,60],"class_list":{"0":"post-67603","1":"post","2":"type-post","3":"status-publish","4":"format-standard","5":"has-post-thumbnail","7":"category-rugby","8":"tag-alexandre-mickalezyk","9":"tag-dn2","10":"tag-fr","11":"tag-france","12":"tag-gratentour","13":"tag-rugby","14":"tag-rugby-a-xiii","15":"tag-rugby-football","16":"tag-rugby-league","17":"tag-sports"},"share_on_mastodon":{"url":"https:\/\/pubeurope.com\/@fr\/114434232101125111","error":""},"_links":{"self":[{"href":"https:\/\/www.europesays.com\/fr\/wp-json\/wp\/v2\/posts\/67603","targetHints":{"allow":["GET"]}}],"collection":[{"href":"https:\/\/www.europesays.com\/fr\/wp-json\/wp\/v2\/posts"}],"about":[{"href":"https:\/\/www.europesays.com\/fr\/wp-json\/wp\/v2\/types\/post"}],"author":[{"embeddable":true,"href":"https:\/\/www.europesays.com\/fr\/wp-json\/wp\/v2\/users\/2"}],"replies":[{"embeddable":true,"href":"https:\/\/www.europesays.com\/fr\/wp-json\/wp\/v2\/comments?post=67603"}],"version-history":[{"count":0,"href":"https:\/\/www.europesays.com\/fr\/wp-json\/wp\/v2\/posts\/67603\/revisions"}],"wp:featuredmedia":[{"embeddable":true,"href":"https:\/\/www.europesays.com\/fr\/wp-json\/wp\/v2\/media\/67604"}],"wp:attachment":[{"href":"https:\/\/www.europesays.com\/fr\/wp-json\/wp\/v2\/media?parent=67603"}],"wp:term":[{"taxonomy":"category","embeddable":true,"href":"https:\/\/www.europesays.com\/fr\/wp-json\/wp\/v2\/categories?post=67603"},{"taxonomy":"post_tag","embeddable":true,"href":"https:\/\/www.europesays.com\/fr\/wp-json\/wp\/v2\/tags?post=67603"}],"curies":[{"name":"wp","href":"https:\/\/api.w.org\/{rel}","templated":true}]}}