{"id":67605,"date":"2025-05-01T19:29:10","date_gmt":"2025-05-01T19:29:10","guid":{"rendered":"https:\/\/www.europesays.com\/fr\/67605\/"},"modified":"2025-05-01T19:29:10","modified_gmt":"2025-05-01T19:29:10","slug":"atp-daniel-vallverdu-ancien-coach-de-murray-jai-toujours-dit-que-travailler-avec-andy-cetait-comme-aller-a-harvard","status":"publish","type":"post","link":"https:\/\/www.europesays.com\/fr\/67605\/","title":{"rendered":"ATP > Daniel Vallverdu (ancien coach de Murray) : \u00ab\u00a0J&rsquo;ai toujours dit que travailler avec Andy, c&rsquo;\u00e9tait comme aller \u00e0 Harvard\u00a0\u00bb"},"content":{"rendered":"<p>Aujourd\u2019hui dans la box de Grigor Dimitrov, Daniel Vallverdu a eu l\u2019oc\u00adca\u00adsion de super\u00adviser en tant qu\u2019en\u00adtra\u00ee\u00adneur adjoint, Andy Murray, de 2010 \u00e0 2014. Ensemble, ils ont notam\u00adment remport\u00e9 deux Grand Chelems et les Jeux olym\u00adpiques de Londres. Dans les colonnes de <a href=\"https:\/\/www.newsobserver.com\/sports\/article305458761.html\" data-wpel-link=\"external\" target=\"_blank\" rel=\"nofollow external noopener\">The News &amp; Observers<\/a>, le V\u00e9n\u00e9zu\u00e9lien est revenu sur la diffi\u00adcult\u00e9 de travailler sur la dur\u00e9e avec un tel champion.<\/p>\n<p><strong>\u00ab\u202fJ\u2019ai toujours dit que travailler avec Andy pour mon premier poste d\u2019en\u00adtra\u00ee\u00adneur, c\u2019\u00e9tait comme aller \u00e0 Harvard et y passer dix ans avec les meilleurs profes\u00adseurs du monde. Non seule\u00adment l\u2019ex\u00adp\u00e9\u00adrience, mais aussi l\u2019exi\u00adgence qui en d\u00e9coule chaque jour, vous devez \u00eatre \u00e0 100\u202f%. Nous sommes rest\u00e9s ensemble pendant cinq ans parce que si vous \u00eates si sinc\u00e8re et que vous comprenez la pres\u00adsion qui existe \u00e0 ce niveau au quoti\u00addien, et surtout si vous connaissez les ambi\u00adtions qu\u2019il avait de riva\u00adliser avec les trois grands et que chaque match \u00e9tait un drame, que vous gagniez ou que vous perdiez. Il n\u2019est pas possible d\u2019\u00eatre honn\u00eate avec un joueur pendant 10 ans tous les jours. Apr\u00e8s quatre ans et demi, la rela\u00adtion n\u2019\u00e9tait plus la m\u00eame. C\u2019est \u00e0 ce moment\u2010l\u00e0 que je me suis assis avec lui et que je lui ai dit\u00a0: \u00ab\u202fAndy, ces ann\u00e9es ont \u00e9t\u00e9 parmi les meilleures de ma vie et j\u2019ai ador\u00e9 \u00eatre avec toi sur la tourn\u00e9e, mais je pense que si nous conti\u00adnuons notre rela\u00adtion person\u00adnelle, elle ne sera plus la m\u00eame \u00e0 l\u2019avenir et cela me ferait beau\u00adcoup de mal juste \u00e0 cause de ces ann\u00e9es de colla\u00adbo\u00adra\u00adtion si \u00e9troite\u202f\u00bb. Cela m\u2019a fait tr\u00e8s mal, mais apr\u00e8s un an ou deux, la rela\u00adtion est rede\u00advenue ce qu\u2019elle \u00e9tait auparavant\u202f\u00bb.<\/strong><\/p>\n<p class=\"post-published-date\" style=\"color: silver; font-size: 75%; text-align: left;\">Publi\u00e9 le jeudi 1 mai 2025 \u00e0 18:24<\/p>\n","protected":false},"excerpt":{"rendered":"Aujourd\u2019hui dans la box de Grigor Dimitrov, Daniel Vallverdu a eu l\u2019oc\u00adca\u00adsion de super\u00adviser en tant qu\u2019en\u00adtra\u00ee\u00adneur adjoint,&hellip;\n","protected":false},"author":2,"featured_media":67606,"comment_status":"","ping_status":"","sticky":false,"template":"","format":"standard","meta":{"footnotes":""},"categories":[1415],"tags":[4737,6580,1011,27,60,1467],"class_list":{"0":"post-67605","1":"post","2":"type-post","3":"status-publish","4":"format-standard","5":"has-post-thumbnail","7":"category-tennis","8":"tag-andy-murray","9":"tag-dimitrov","10":"tag-fr","11":"tag-france","12":"tag-sports","13":"tag-tennis"},"share_on_mastodon":{"url":"https:\/\/pubeurope.com\/@fr\/114434235624890429","error":""},"_links":{"self":[{"href":"https:\/\/www.europesays.com\/fr\/wp-json\/wp\/v2\/posts\/67605","targetHints":{"allow":["GET"]}}],"collection":[{"href":"https:\/\/www.europesays.com\/fr\/wp-json\/wp\/v2\/posts"}],"about":[{"href":"https:\/\/www.europesays.com\/fr\/wp-json\/wp\/v2\/types\/post"}],"author":[{"embeddable":true,"href":"https:\/\/www.europesays.com\/fr\/wp-json\/wp\/v2\/users\/2"}],"replies":[{"embeddable":true,"href":"https:\/\/www.europesays.com\/fr\/wp-json\/wp\/v2\/comments?post=67605"}],"version-history":[{"count":0,"href":"https:\/\/www.europesays.com\/fr\/wp-json\/wp\/v2\/posts\/67605\/revisions"}],"wp:featuredmedia":[{"embeddable":true,"href":"https:\/\/www.europesays.com\/fr\/wp-json\/wp\/v2\/media\/67606"}],"wp:attachment":[{"href":"https:\/\/www.europesays.com\/fr\/wp-json\/wp\/v2\/media?parent=67605"}],"wp:term":[{"taxonomy":"category","embeddable":true,"href":"https:\/\/www.europesays.com\/fr\/wp-json\/wp\/v2\/categories?post=67605"},{"taxonomy":"post_tag","embeddable":true,"href":"https:\/\/www.europesays.com\/fr\/wp-json\/wp\/v2\/tags?post=67605"}],"curies":[{"name":"wp","href":"https:\/\/api.w.org\/{rel}","templated":true}]}}