{"id":676058,"date":"2026-01-20T05:55:10","date_gmt":"2026-01-20T05:55:10","guid":{"rendered":"https:\/\/www.europesays.com\/fr\/676058\/"},"modified":"2026-01-20T05:55:10","modified_gmt":"2026-01-20T05:55:10","slug":"redouane-bougheraba-julien-vinh-portrait-des-cinq-humoristes-marseillais-attendus-en-2026","status":"publish","type":"post","link":"https:\/\/www.europesays.com\/fr\/676058\/","title":{"rendered":"Redouane Bougheraba, Julien Vinh\u2026 portrait des cinq humoristes marseillais attendus en 2026"},"content":{"rendered":"<p>Cinq humoristes marseillais pour autant de soir\u00e9es dans les grandes salles de leur ville, l\u2019ann\u00e9e\u00a02026 est in\u00e9dite pour le stand-up. Outre Redouane Bougheraba qui ouvrira le bal ce mercredi 21\u00a0janvier, Julien Vinh, Laurent Febvay et Titoff sont attendus au Cepac Silo. Une salle qu\u2019avait remplie Greg Petras l\u2019an dernier, avant de viser en mai prochain son premier D\u00f4me. Pr\u00e9sentation de ces cinq com\u00e9diens aux profils diff\u00e9rents.<\/p>\n<p>Redouane Bougheraba, la star<\/p>\n<p>Premier humoriste \u00e0 se produire \u00e0 l\u2019Orange V\u00e9lodrome en juillet\u00a02024, l\u2019enfant du Panier avait alors d\u00e9crit le stade comme \u00ab\u00a0le boss final\u00a0\u00bb. Mais \u00e0 47\u00a0ans, il n\u2019en a pas fini avec sa carri\u00e8re artistique, qui se poursuit au cin\u00e9ma et sur sc\u00e8ne. Outre quelques passages m\u00e9morables en com\u00e9die club l\u2019an dernier, dont <a href=\"https:\/\/www.laprovence.com\/article\/culture-loisirs\/51004573260802\/a-marseille-le-duo-en-or-gad-elmaleh-et-redouane-bougheraba-a-retourne-le-vigs\" target=\"_blank\" rel=\"noopener\">un 2&#215;30 minutes d\u2019anthologie avec Gad\u00a0Elmaleh<\/a> au Vig\u2019s, Redouane Bougheraba a lanc\u00e9 son nouveau show \u00c0\u00a0jamais mon premier spectacle, dont il est le sujet central. Anecdotes sur sa vie personnelle et sa carri\u00e8re, ses rencontres marquantes et situations improbables accompagnent ses interactions avec le public. La belle histoire continue pour celui qui \u00ab\u00a0traversait le Vieux-Port en ferry-boat \u00e0 l\u2019\u00e9poque de ses premi\u00e8res sc\u00e8nes\u00a0\u00bb au&#8230;<\/p>\n","protected":false},"excerpt":{"rendered":"Cinq humoristes marseillais pour autant de soir\u00e9es dans les grandes salles de leur ville, l\u2019ann\u00e9e\u00a02026 est in\u00e9dite pour&hellip;\n","protected":false},"author":2,"featured_media":676059,"comment_status":"","ping_status":"","sticky":false,"template":"","format":"standard","meta":{"footnotes":""},"categories":[2814],"tags":[5734,1111,11,21758,3216,251,154,1777,674,1011,27,28935,884,12,9026,882,21757,25,77467],"class_list":{"0":"post-676058","1":"post","2":"type-post","3":"status-publish","4":"format-standard","5":"has-post-thumbnail","7":"category-marseille","8":"tag-5734","9":"tag-actu","10":"tag-actualites","11":"tag-bougheraba","12":"tag-cinq","13":"tag-culture","14":"tag-des","15":"tag-eu","16":"tag-europe","17":"tag-fr","18":"tag-france","19":"tag-julien","20":"tag-marseille","21":"tag-news","22":"tag-portrait","23":"tag-provence-alpes-cote-dazur","24":"tag-redouane","25":"tag-republique-francaise","26":"tag-vinh"},"share_on_mastodon":{"url":"https:\/\/pubeurope.com\/@fr\/115925884821510452","error":""},"_links":{"self":[{"href":"https:\/\/www.europesays.com\/fr\/wp-json\/wp\/v2\/posts\/676058","targetHints":{"allow":["GET"]}}],"collection":[{"href":"https:\/\/www.europesays.com\/fr\/wp-json\/wp\/v2\/posts"}],"about":[{"href":"https:\/\/www.europesays.com\/fr\/wp-json\/wp\/v2\/types\/post"}],"author":[{"embeddable":true,"href":"https:\/\/www.europesays.com\/fr\/wp-json\/wp\/v2\/users\/2"}],"replies":[{"embeddable":true,"href":"https:\/\/www.europesays.com\/fr\/wp-json\/wp\/v2\/comments?post=676058"}],"version-history":[{"count":0,"href":"https:\/\/www.europesays.com\/fr\/wp-json\/wp\/v2\/posts\/676058\/revisions"}],"wp:featuredmedia":[{"embeddable":true,"href":"https:\/\/www.europesays.com\/fr\/wp-json\/wp\/v2\/media\/676059"}],"wp:attachment":[{"href":"https:\/\/www.europesays.com\/fr\/wp-json\/wp\/v2\/media?parent=676058"}],"wp:term":[{"taxonomy":"category","embeddable":true,"href":"https:\/\/www.europesays.com\/fr\/wp-json\/wp\/v2\/categories?post=676058"},{"taxonomy":"post_tag","embeddable":true,"href":"https:\/\/www.europesays.com\/fr\/wp-json\/wp\/v2\/tags?post=676058"}],"curies":[{"name":"wp","href":"https:\/\/api.w.org\/{rel}","templated":true}]}}