{"id":676078,"date":"2026-01-20T06:06:12","date_gmt":"2026-01-20T06:06:12","guid":{"rendered":"https:\/\/www.europesays.com\/fr\/676078\/"},"modified":"2026-01-20T06:06:12","modified_gmt":"2026-01-20T06:06:12","slug":"trump-confirme-avoir-invite-poutine-a-rejoindre-le-conseil-de-paix","status":"publish","type":"post","link":"https:\/\/www.europesays.com\/fr\/676078\/","title":{"rendered":"Trump confirme avoir invit\u00e9 Poutine \u00e0 rejoindre le \u00ab\u00a0Conseil de paix\u00a0\u00bb\u2026"},"content":{"rendered":"<p>Trump confirme avoir invit\u00e9 Poutine \u00e0 rejoindre le \u00ab\u00a0Conseil de paix\u00a0\u00bb<\/p>\n<p>Le pr\u00e9sident am\u00e9ricain a confirm\u00e9 lundi avoir invit\u00e9 son homologue russe Vladimir Poutine \u00e0 rejoindre le \u00ab\u00a0Conseil de la paix\u00a0\u00bb, qu\u2019il veut cr\u00e9er \u00e0 sa main pour \u0153uvrer \u00e0 la r\u00e9solution des conflits dans le monde, en concurrence avec l\u2019ONU.<\/p>\n<p>\u00ab\u00a0Oui, il a \u00e9t\u00e9 invit\u00e9\u00a0\u00bb, a r\u00e9pondu Donald Trump \u00e0 un journaliste en Floride qui lui demandait s\u2019il avait invit\u00e9 le dirigeant russe \u00e0 rejoindre cet organisme, o\u00f9 le ticket d\u2019entr\u00e9e serait d\u2019un milliard de dollars pour un si\u00e8ge permanent.<\/p>\n<p>L\u2019Ukraine au menu du G7-Finances<\/p>\n<p>La France a convoqu\u00e9 pour mercredi \u00ab\u00a0le premier G7-Finances (de la pr\u00e9sidence fran\u00e7aise en\u00a02026)\u00a0\u00bb. Le minist\u00e8re de l\u2019Economie a indiqu\u00e9 avoir mis \u00e0 l\u2019ordre du jour \u00ab\u00a0les priorit\u00e9s de la pr\u00e9sidence fran\u00e7aise du G7\u00a0\u00bb, \u00ab\u00a0le soutien \u00e0 l\u2019Ukraine\u00a0\u00bb et \u00ab\u00a0le sujet Groenland\u00a0\u00bb.<\/p>\n<p>Bienvenue dans ce nouveau Live<\/p>\n<p>Bonjour \u00e0 toutes et \u00e0 tous. Comme chaque jour, la r\u00e9daction de 20 Minutes est mobilis\u00e9e pour vous donner l\u2019ensemble des informations sur le conflit entre Kiev et Moscou.<\/p>\n<p>Alors que les Etats-Unis m\u00e8nent toujours des pourparlers pour tenter de trouver une issue \u00e0 la guerre, sur le terrain les combats se poursuivent. La Russie cible notamment massivement le secteur \u00e9nerg\u00e9tique ukrainien afin de miner le moral de la population en plein hiver.<\/p>\n","protected":false},"excerpt":{"rendered":"Trump confirme avoir invit\u00e9 Poutine \u00e0 rejoindre le \u00ab\u00a0Conseil de paix\u00a0\u00bb Le pr\u00e9sident am\u00e9ricain a confirm\u00e9 lundi avoir&hellip;\n","protected":false},"author":2,"featured_media":676079,"comment_status":"","ping_status":"","sticky":false,"template":"","format":"standard","meta":{"footnotes":""},"categories":[1590],"tags":[47,11,75,73,1777,674,131,74,12,132,220,555,133,135,134],"class_list":{"0":"post-676078","1":"post","2":"type-post","3":"status-publish","4":"format-standard","5":"has-post-thumbnail","7":"category-ukraine","8":"tag-actualite","9":"tag-actualites","10":"tag-donald-trump","11":"tag-etats-unis","12":"tag-eu","13":"tag-europe","14":"tag-guerre-en-ukraine","15":"tag-monde","16":"tag-news","17":"tag-russie","18":"tag-ukraine","19":"tag-union-europeenne-ue","20":"tag-video","21":"tag-vladimir-poutine","22":"tag-volodymyr-zelensky"},"share_on_mastodon":{"url":"https:\/\/pubeurope.com\/@fr\/115925928103737631","error":""},"_links":{"self":[{"href":"https:\/\/www.europesays.com\/fr\/wp-json\/wp\/v2\/posts\/676078","targetHints":{"allow":["GET"]}}],"collection":[{"href":"https:\/\/www.europesays.com\/fr\/wp-json\/wp\/v2\/posts"}],"about":[{"href":"https:\/\/www.europesays.com\/fr\/wp-json\/wp\/v2\/types\/post"}],"author":[{"embeddable":true,"href":"https:\/\/www.europesays.com\/fr\/wp-json\/wp\/v2\/users\/2"}],"replies":[{"embeddable":true,"href":"https:\/\/www.europesays.com\/fr\/wp-json\/wp\/v2\/comments?post=676078"}],"version-history":[{"count":0,"href":"https:\/\/www.europesays.com\/fr\/wp-json\/wp\/v2\/posts\/676078\/revisions"}],"wp:featuredmedia":[{"embeddable":true,"href":"https:\/\/www.europesays.com\/fr\/wp-json\/wp\/v2\/media\/676079"}],"wp:attachment":[{"href":"https:\/\/www.europesays.com\/fr\/wp-json\/wp\/v2\/media?parent=676078"}],"wp:term":[{"taxonomy":"category","embeddable":true,"href":"https:\/\/www.europesays.com\/fr\/wp-json\/wp\/v2\/categories?post=676078"},{"taxonomy":"post_tag","embeddable":true,"href":"https:\/\/www.europesays.com\/fr\/wp-json\/wp\/v2\/tags?post=676078"}],"curies":[{"name":"wp","href":"https:\/\/api.w.org\/{rel}","templated":true}]}}