{"id":676103,"date":"2026-01-20T06:27:15","date_gmt":"2026-01-20T06:27:15","guid":{"rendered":"https:\/\/www.europesays.com\/fr\/676103\/"},"modified":"2026-01-20T06:27:15","modified_gmt":"2026-01-20T06:27:15","slug":"un-si-grand-soleil-en-avance-manu-est-mis-a-pied-laurine-jette-jeremy-le-resume-de-lepisode-1840-du-mardi-20-janvier-2026","status":"publish","type":"post","link":"https:\/\/www.europesays.com\/fr\/676103\/","title":{"rendered":"Un si grand soleil en avance : Manu est mis \u00e0 pied, Laurine jette J\u00e9r\u00e9my&#8230; Le r\u00e9sum\u00e9 de l&rsquo;\u00e9pisode 1840 du mardi 20 janvier 2026"},"content":{"rendered":"<p>Dans l&rsquo;\u00e9pisode 1840 d&rsquo;Un si grand soleil diffus\u00e9 mardi 20 janvier 2026 sur France 3, apr\u00e8s les accusations de Charlotte, Manu se retrouve mis \u00e0 pied. Quant \u00e0 Laurine, elle envoie pa\u00eetre J\u00e9r\u00e9my et ses avances.<\/p>\n<p><b>Mardi 20\u00a0janvier 2026, dans l&rsquo;\u00e9pisode 1840 d&rsquo;<\/b><b>Un si grand soleil, <\/b>diffus\u00e9 sur France 3 \u00e0 partir de 20h45, et qui <a href=\"https:\/\/www.programme-tv.net\/news\/series-tv\/395420-un-si-grand-soleil-le-premier-amour-de-victoire-solene-hebert-dans-demain-nous-appartient-arrive-bientot-dans-la-serie-de-france-3\/\" data-api-deeplink=\"teleloisirs:\/\/news\/395420\" target=\"_blank\" rel=\"noopener\">accueillera bient\u00f4t un ancien acteur de Demain nous appartient<\/a>\u2026 Alors qu&rsquo;il court sur la plage, <a href=\"https:\/\/www.programme-tv.net\/news\/series-tv\/395830-un-si-grand-soleil-en-avance-charlotte-accuse-manu-de-l-avoir-violee-le-resume-de-l-episode-1838-du-vendredi-16-janvier-2026\/\" data-api-deeplink=\"teleloisirs:\/\/news\/395830\" target=\"_blank\" rel=\"noopener\">Manu repense \u00e0 l&rsquo;\u00e9change qu&rsquo;il a eu avec Charlotte chez elle<\/a>. Il rentre ensuite chez lui et reparle de la situation \u00e0 \u00c8ve qui essaie de le rassurer. Johanna re\u00e7oit Charlotte et ses parents \u00e0 son bureau car elle sera l&rsquo;avocate de l&rsquo;adolescente. Cette derni\u00e8re demande ce que risque Manu (<a href=\"https:\/\/www.programme-tv.net\/news\/people\/395580-moise-santamaria-un-si-grand-soleil-a-sauve-la-vie-d-un-homme-blesse-sur-l-autoroute-il-raconte-dans-l-obscurite-jai-remarque-le-corps\/\" data-api-deeplink=\"teleloisirs:\/\/news\/395580\" target=\"_blank\" rel=\"noopener\">Mo\u00efse Santamaria a sauv\u00e9 un homme<\/a>) en cas de condamnation devant un tribunal.<\/p>\n<p>Un si grand soleil en avance\u00a0: Manu est mis \u00e0 pied<\/p>\n<p>Salom\u00e9 envoie un message \u00e0 Charlotte pour prendre de ses nouvelles, mais elle reste sans r\u00e9ponse. Au commissariat, \u00c9lise, Alex et Thierry s&rsquo;inqui\u00e8tent pour la plainte visant Manu. La polici\u00e8re rappelle que la parole de la victime doit \u00eatre prise au s\u00e9rieux. Becker annonce \u00e0 Manu qu&rsquo;il est mis \u00e0 pied \u00e0 titre conservatoire. Boulevers\u00e9, Manu a les larmes aux yeux. Aude et C\u00e9cile seront en bin\u00f4me sur l&rsquo;enqu\u00eate. Avant que Manu ne quitte le commissariat, Alex apporte tout son soutien \u00e0 son coll\u00e8gue et ami.<\/p>\n<p>Au lyc\u00e9e, \u00c8ve et Sohan se croisent dans la salle des profs, et le ton monte tr\u00e8s rapidement. Sohan est fou de rage contre Manu, tandis qu&rsquo;\u00c8ve assure \u00e0 son coll\u00e8gue que son compagnon n&rsquo;a pas pu agresser Charlotte. \u00ab\u00a0\u00c0 partir de maintenant, tout passera par nos avocats\u00a0\u00bb, lui lance Sohan. Salom\u00e9 passe voir Charlotte qui lui raconte que Manu l&rsquo;a agress\u00e9e sexuellement. Salom\u00e9 conseille \u00e0 son amie d&rsquo;en parler \u00e0 Sacha mais Charlotte ne veut pas.<\/p>\n<p>Un si grand soleil en avance\u00a0: Laurine rembarre J\u00e9r\u00e9my<\/p>\n<p>J\u00e9r\u00e9my r\u00e9vise sa pr\u00e9sentation de th\u00e8se, Paloma tente de le soutenir avant son oral devant la commission de validation. Puis, elle part en reportage \u00e0 Toulouse et J\u00e9r\u00e9my en profite pour proposer \u00e0 Laurine de se voir le soir m\u00eame. Mais, tranquillement install\u00e9e chez elle dans une chaise longue, la m\u00e9decin le ghoste et s&rsquo;en amuse en en discutant avec Boris. \u00c0 l&rsquo;h\u00f4pital, elle envoie pa\u00eetre J\u00e9r\u00e9my et lui annonce que tout est fini entre eux.<\/p>\n","protected":false},"excerpt":{"rendered":"Dans l&rsquo;\u00e9pisode 1840 d&rsquo;Un si grand soleil diffus\u00e9 mardi 20 janvier 2026 sur France 3, apr\u00e8s les accusations&hellip;\n","protected":false},"author":2,"featured_media":676104,"comment_status":"","ping_status":"","sticky":false,"template":"","format":"standard","meta":{"footnotes":""},"categories":[1356],"tags":[244,58,59,1011,27,876,22198,252,1364,9766,26118,26117],"class_list":{"0":"post-676103","1":"post","2":"type-post","3":"status-publish","4":"format-standard","5":"has-post-thumbnail","7":"category-television","8":"tag-commentaire","9":"tag-divertissement","10":"tag-entertainment","11":"tag-fr","12":"tag-france","13":"tag-france-3","14":"tag-france-tv","15":"tag-television","16":"tag-tv","17":"tag-un-si-grand-soleil","18":"tag-un-si-grand-soleil-ru00e9sumu00e9","19":"tag-un-si-grand-soleil-ru00e9sumu00e9-en-avance"},"share_on_mastodon":{"url":"https:\/\/pubeurope.com\/@fr\/115926010680789552","error":""},"_links":{"self":[{"href":"https:\/\/www.europesays.com\/fr\/wp-json\/wp\/v2\/posts\/676103","targetHints":{"allow":["GET"]}}],"collection":[{"href":"https:\/\/www.europesays.com\/fr\/wp-json\/wp\/v2\/posts"}],"about":[{"href":"https:\/\/www.europesays.com\/fr\/wp-json\/wp\/v2\/types\/post"}],"author":[{"embeddable":true,"href":"https:\/\/www.europesays.com\/fr\/wp-json\/wp\/v2\/users\/2"}],"replies":[{"embeddable":true,"href":"https:\/\/www.europesays.com\/fr\/wp-json\/wp\/v2\/comments?post=676103"}],"version-history":[{"count":0,"href":"https:\/\/www.europesays.com\/fr\/wp-json\/wp\/v2\/posts\/676103\/revisions"}],"wp:featuredmedia":[{"embeddable":true,"href":"https:\/\/www.europesays.com\/fr\/wp-json\/wp\/v2\/media\/676104"}],"wp:attachment":[{"href":"https:\/\/www.europesays.com\/fr\/wp-json\/wp\/v2\/media?parent=676103"}],"wp:term":[{"taxonomy":"category","embeddable":true,"href":"https:\/\/www.europesays.com\/fr\/wp-json\/wp\/v2\/categories?post=676103"},{"taxonomy":"post_tag","embeddable":true,"href":"https:\/\/www.europesays.com\/fr\/wp-json\/wp\/v2\/tags?post=676103"}],"curies":[{"name":"wp","href":"https:\/\/api.w.org\/{rel}","templated":true}]}}