{"id":67611,"date":"2025-05-01T19:33:09","date_gmt":"2025-05-01T19:33:09","guid":{"rendered":"https:\/\/www.europesays.com\/fr\/67611\/"},"modified":"2025-05-01T19:33:09","modified_gmt":"2025-05-01T19:33:09","slug":"aubin-sparfel-un-sentiment-mitige-actualite","status":"publish","type":"post","link":"https:\/\/www.europesays.com\/fr\/67611\/","title":{"rendered":"Aubin Sparfel : \u00ab Un sentiment mitig\u00e9 \u00bb &#8211; Actualit\u00e9"},"content":{"rendered":"<p style=\"text-align: justify;\">Comme il l\u2019annon\u00e7ait la veille (<strong><a href=\"https:\/\/www.directvelo.com\/actualite\/120327\/aubin-sparfel-renverser-la-vapeur\" target=\"_blank\" rel=\"noopener\">lire ici<\/a><\/strong>), Aubin Sparfel a tout tent\u00e9 pour renverser la vapeur, ce jeudi, lors de la derni\u00e8re \u00e9tape du Tour de Bretagne. Sans succ\u00e8s. \u00ab\u00a0Je voyais que tout le monde \u00e9tait un peu \u00e0 bloc aujourd&rsquo;hui. J&rsquo;ai essay\u00e9 d&rsquo;acc\u00e9l\u00e9rer dans les bosses. Malheureusement, on n&rsquo;\u00e9tait pas assez suivis et pas assez forts collectivement pour attaquer de si loin. On a r\u00e9essay\u00e9 dans le circuit final. On a un peu couru \u00e0 l&rsquo;envers dans les derniers kilom\u00e8tres. C\u2019est un sentiment mitig\u00e9, je venais pour la victoire ce soir. Je pense que j\u2019avais les jambes pour renverser le g\u00e9n\u00e9ral\u201c, regrette au micro de DirectVelo le soci\u00e9taire de Decathlon AG2R La Mondiale DT.<\/p>\n<p style=\"text-align: justify;\">Le coureur, qui f\u00eatera ce samedi ses 19 ans, conserve tout de m\u00eame sa 3e place (<strong><a href=\"https:\/\/www.directvelo.com\/actualite\/120153\/tour-de-bretagne-et-7-classements\" target=\"_blank\" rel=\"noopener\">voir classement<\/a><\/strong>) Contrairement \u00e0 l\u2019\u00e9tape pr\u00e9c\u00e9dente, il n\u2019a pas pu glaner de nouvelles secondes de bonification au sprint. \u201cC\u2019est un beau podium. On pr\u00e9serve l\u2019essentiel. C\u2019est une belle semaine d\u2019apprentissage et c\u2019est encourageant pour la suite\u201c. A posteriori, il ne ressasse pas trop le final de la quatri\u00e8me \u00e9tape o\u00f9 il a laiss\u00e9 filer le futur vainqueur, Felix Orn-Kristoff (<strong><a href=\"https:\/\/www.directvelo.com\/actualite\/120263\/aubin-sparfel-des-attaques-dans-tous-les-sens\" target=\"_blank\" rel=\"noopener\">lire ici<\/a><\/strong>). \u201cIl a d\u00fb contr\u00f4ler trois jours, il avait une \u00e9quipe tr\u00e8s forte, ce n\u2019\u00e9tait vraiment pas simple. Je n\u2019ai pas trop de regrets. Mais c\u2019est s\u00fbr que le final aurait pu \u00eatre diff\u00e9rent et quand on voit qu\u2019il gagne au bout du compte&#8230;\u201c<\/p>\n<p style=\"text-align: justify;\"><strong>LE\u00a0TOUR D&rsquo;ITALIE ESPOIRS\u00a0DANS LE VISEUR<\/strong><\/p>\n<p style=\"text-align: justify;\">Pour sa premi\u00e8re course par \u00e9tapes de sept jours,\u00a0l&rsquo;Espoir 1 confirme ses bonnes facult\u00e9s de r\u00e9cup\u00e9ration. \u201cJe savais que je pouvais y arriver comme je suis vraiment en bonne forme en ce moment\u201c. Et son temp\u00e9rament d\u2019insatiable attaquant. \u201cChez les Juniors, je faisais beaucoup d\u2019efforts. L\u00e0, j&rsquo;ai r\u00e9ussi \u00e0 \u00eatre plus pr\u00e9serv\u00e9 pour le final. Apr\u00e8s, j&rsquo;ai toujours attaqu\u00e9 un petit peu parce que j&rsquo;aime les courses offensives et dures. Je pr\u00e9f\u00e8re quand tout le monde est cuit dans le final\u201c.<\/p>\n<p style=\"text-align: justify;\">Ces prochains jours, Aubin Sparfel se reposera avant de disputer le Tro Bro Leon avec la WorldTeam. \u201cLe but sera de bien aider l\u2019\u00e9quipe, me tester sur les chemins et me pr\u00e9parer pour les ann\u00e9es futures\u201c. Puis il refera une pause avant de prendre \u00e0 l\u2019Alpes Is\u00e8re Tour. \u201cJe ne serai pas \u00e0 100 % comme je reviendrai de coupure. Ensuite, il y aura le Baby Giro qui sera une belle opportunit\u00e9 pour moi avec de grands et longs cols. Je pense que \u00e7a peut me convenir si je me pr\u00e9pare. En prenant des \u00e9chapp\u00e9es, tout est jouable\u201c.<\/p>\n","protected":false},"excerpt":{"rendered":"Comme il l\u2019annon\u00e7ait la veille (lire ici), Aubin Sparfel a tout tent\u00e9 pour renverser la vapeur, ce jeudi,&hellip;\n","protected":false},"author":2,"featured_media":67612,"comment_status":"","ping_status":"","sticky":false,"template":"","format":"standard","meta":{"footnotes":""},"categories":[1411],"tags":[834,828,836,829,837,827,83,826,824,823,1154,207,814,817,815,816,822,821,832,211,839,1011,27,820,818,819,835,831,830,833,838,60,212,208,825],"class_list":{"0":"post-67611","1":"post","2":"type-post","3":"status-publish","4":"format-standard","5":"has-post-thumbnail","7":"category-cyclisme","8":"tag-attaque","9":"tag-belgique","10":"tag-braquet","11":"tag-bretagne","12":"tag-chute","13":"tag-competition","14":"tag-coupe-de-france","15":"tag-coureur","16":"tag-course-cyclisme","17":"tag-course-cycliste","18":"tag-cycling","19":"tag-cyclisme","20":"tag-direct","21":"tag-direct-velo","22":"tag-directvelo","23":"tag-directvelo-com","24":"tag-epreuve","25":"tag-epreuve-cycliste","26":"tag-federation-francaise-de-cyclisme","27":"tag-ffc","28":"tag-flandres","29":"tag-fr","30":"tag-france","31":"tag-live","32":"tag-live-course","33":"tag-live-epreuve","34":"tag-peloton","35":"tag-radio-peloton","36":"tag-radio-tour","37":"tag-ravitaillement","38":"tag-relance","39":"tag-sports","40":"tag-uci","41":"tag-velo","42":"tag-velos"},"share_on_mastodon":{"url":"https:\/\/pubeurope.com\/@fr\/114434251488708205","error":""},"_links":{"self":[{"href":"https:\/\/www.europesays.com\/fr\/wp-json\/wp\/v2\/posts\/67611","targetHints":{"allow":["GET"]}}],"collection":[{"href":"https:\/\/www.europesays.com\/fr\/wp-json\/wp\/v2\/posts"}],"about":[{"href":"https:\/\/www.europesays.com\/fr\/wp-json\/wp\/v2\/types\/post"}],"author":[{"embeddable":true,"href":"https:\/\/www.europesays.com\/fr\/wp-json\/wp\/v2\/users\/2"}],"replies":[{"embeddable":true,"href":"https:\/\/www.europesays.com\/fr\/wp-json\/wp\/v2\/comments?post=67611"}],"version-history":[{"count":0,"href":"https:\/\/www.europesays.com\/fr\/wp-json\/wp\/v2\/posts\/67611\/revisions"}],"wp:featuredmedia":[{"embeddable":true,"href":"https:\/\/www.europesays.com\/fr\/wp-json\/wp\/v2\/media\/67612"}],"wp:attachment":[{"href":"https:\/\/www.europesays.com\/fr\/wp-json\/wp\/v2\/media?parent=67611"}],"wp:term":[{"taxonomy":"category","embeddable":true,"href":"https:\/\/www.europesays.com\/fr\/wp-json\/wp\/v2\/categories?post=67611"},{"taxonomy":"post_tag","embeddable":true,"href":"https:\/\/www.europesays.com\/fr\/wp-json\/wp\/v2\/tags?post=67611"}],"curies":[{"name":"wp","href":"https:\/\/api.w.org\/{rel}","templated":true}]}}