{"id":676169,"date":"2026-01-20T07:06:09","date_gmt":"2026-01-20T07:06:09","guid":{"rendered":"https:\/\/www.europesays.com\/fr\/676169\/"},"modified":"2026-01-20T07:06:09","modified_gmt":"2026-01-20T07:06:09","slug":"franck-allisio-appelle-encore-martine-vassal-a-se-rallier-au-rn","status":"publish","type":"post","link":"https:\/\/www.europesays.com\/fr\/676169\/","title":{"rendered":"Franck Allisio appelle encore Martine Vassal \u00e0 se rallier au RN"},"content":{"rendered":"<p>\u00ab\u00a0<a href=\"https:\/\/www.laprovence.com\/article\/elections\/4825281390769314\/municipales-a-marseille-benoit-payan-decidera-de-la-place-ou-je-serai-sur-la-liste-lance-michele-rubirola\" target=\"_blank\" rel=\"noopener\">M. Payan<\/a> le dit, mais n&rsquo;a rien fait. Il y a un c\u00f4t\u00e9 pas de vague chez M. Payan, comme chez tous les macronistes et les gens de gauche, a-t-il poursuivi. Marseille est dans une situation exceptionnelle, l&rsquo;\u00e9tat d&rsquo;urgence fait partie de la panoplie face au trafic, estime le d\u00e9put\u00e9 RN. On peut tout essayer pour mettre Marseille en ordre. On n&rsquo;a pas tout essay\u00e9, mais l&rsquo;arm\u00e9e c&rsquo;est non, c&rsquo;est un effet de manche\u00a0\u00bb, temp\u00e8re Franck Allisio.<\/p>\n<p>\u00c9voquant <a href=\"https:\/\/www.laprovence.com\/article\/elections\/39695882006829\/municipales-2026-a-marseille-lex-presidente-du-crif-provence-fabienne-bendayan-rejoint-martine-vassal-dvd\" target=\"_blank\" rel=\"noopener\">Martine Vassal,<\/a> Franck Allisio persiste\u00a0: \u00ab\u00a0Je la connais depuis 15 ans, elle n&rsquo;a pas toujours \u00e9t\u00e9 macroniste. Je lui demande de prendre ses responsabilit\u00e9s comme Jean-Luc Gaudin les avait prises. Qu&rsquo;elle se rallie \u00e0 moi\u00a0\u00bb, face \u00e0 l&rsquo;extr\u00eame gauche car \u00ab\u00a0M. Payan ne peut gagner qu&rsquo;avec <a href=\"https:\/\/www.laprovence.com\/article\/elections\/25374352922679\/municipales-2026-a-marseille-sebastien-delogu-lfi-ou-le-rapport-de-force-comme-programme\" target=\"_blank\" rel=\"noopener\">S\u00e9bastien Delogu\u00a0\u00bb.<\/a><\/p>\n<p>L&rsquo;entourage de Franck Allisio appelait d\u00e9j\u00e0, ce lundi 19 janvier, pour la deuxi\u00e8me fois en quinze jours Martine Vassal, candidate de la droite et du centre, \u00e0 se retirer de la course pour \u00ab\u00a0<a href=\"https:\/\/www.laprovence.com\/article\/politique\/54165499270371\/municipales-2026-a-marseille-le-rn-maintient-la-pression-sur-martine-vassal-dvd\" target=\"_blank\" rel=\"noopener\">battre la gauche\u00a0\u00bb.<\/a><\/p>\n","protected":false},"excerpt":{"rendered":"\u00ab\u00a0M. Payan le dit, mais n&rsquo;a rien fait. Il y a un c\u00f4t\u00e9 pas de vague chez M.&hellip;\n","protected":false},"author":2,"featured_media":676170,"comment_status":"","ping_status":"","sticky":false,"template":"","format":"standard","meta":{"footnotes":""},"categories":[2814],"tags":[5734,1111,11,19140,18235,1440,1777,674,1011,27,12182,884,3554,12,882,16,25],"class_list":{"0":"post-676169","1":"post","2":"type-post","3":"status-publish","4":"format-standard","5":"has-post-thumbnail","7":"category-marseille","8":"tag-5734","9":"tag-actu","10":"tag-actualites","11":"tag-allisio","12":"tag-appelle","13":"tag-encore","14":"tag-eu","15":"tag-europe","16":"tag-fr","17":"tag-france","18":"tag-franck","19":"tag-marseille","20":"tag-municipales","21":"tag-news","22":"tag-provence-alpes-cote-dazur","23":"tag-region","24":"tag-republique-francaise"},"share_on_mastodon":{"url":"https:\/\/pubeurope.com\/@fr\/115926164037838749","error":""},"_links":{"self":[{"href":"https:\/\/www.europesays.com\/fr\/wp-json\/wp\/v2\/posts\/676169","targetHints":{"allow":["GET"]}}],"collection":[{"href":"https:\/\/www.europesays.com\/fr\/wp-json\/wp\/v2\/posts"}],"about":[{"href":"https:\/\/www.europesays.com\/fr\/wp-json\/wp\/v2\/types\/post"}],"author":[{"embeddable":true,"href":"https:\/\/www.europesays.com\/fr\/wp-json\/wp\/v2\/users\/2"}],"replies":[{"embeddable":true,"href":"https:\/\/www.europesays.com\/fr\/wp-json\/wp\/v2\/comments?post=676169"}],"version-history":[{"count":0,"href":"https:\/\/www.europesays.com\/fr\/wp-json\/wp\/v2\/posts\/676169\/revisions"}],"wp:featuredmedia":[{"embeddable":true,"href":"https:\/\/www.europesays.com\/fr\/wp-json\/wp\/v2\/media\/676170"}],"wp:attachment":[{"href":"https:\/\/www.europesays.com\/fr\/wp-json\/wp\/v2\/media?parent=676169"}],"wp:term":[{"taxonomy":"category","embeddable":true,"href":"https:\/\/www.europesays.com\/fr\/wp-json\/wp\/v2\/categories?post=676169"},{"taxonomy":"post_tag","embeddable":true,"href":"https:\/\/www.europesays.com\/fr\/wp-json\/wp\/v2\/tags?post=676169"}],"curies":[{"name":"wp","href":"https:\/\/api.w.org\/{rel}","templated":true}]}}