{"id":67621,"date":"2025-05-01T19:38:16","date_gmt":"2025-05-01T19:38:16","guid":{"rendered":"https:\/\/www.europesays.com\/fr\/67621\/"},"modified":"2025-05-01T19:38:16","modified_gmt":"2025-05-01T19:38:16","slug":"les-abonnes-de-tele-loisirs-redecouvrent-cette-serie-diabolique-sortie-il-y-a-9-ans-sur-netflix","status":"publish","type":"post","link":"https:\/\/www.europesays.com\/fr\/67621\/","title":{"rendered":"Les abonn\u00e9s de T\u00e9l\u00e9-Loisirs red\u00e9couvrent cette s\u00e9rie diabolique sortie il y a 9 ans sur Netflix"},"content":{"rendered":"<p>Si cet acteur au sourire ravageur et au d\u00e9licieux accent britannique vous manque, ne manquez pas de revoir la s\u00e9rie dans laquelle il a incarn\u00e9 un personnage qui continue de marquer le c\u0153ur et l&rsquo;esprit des internautes de T\u00e9l\u00e9-Loisirs, m\u00eame neuf ans apr\u00e8s. La s\u00e9rie est \u00e0 voir en int\u00e9gralit\u00e9 sur Netflix !<\/p>\n<p>Il y a neuf ans, les t\u00e9l\u00e9spectateurs d\u00e9couvraient pour la premi\u00e8re fois sur leur \u00e9cran <a href=\"https:\/\/www.programme-tv.net\/news\/series-tv\/228816-lucifer-netflix-5-bonnes-raisons-de-commencer-la-serie-infernale\/\" data-api-deeplink=\"teleloisirs:\/\/news\/228816\" target=\"_blank\" rel=\"noopener\">Lucifer<\/a>. La cha\u00eene am\u00e9ricaine FOX a frapp\u00e9 un grand coup <a href=\"https:\/\/www.programme-tv.net\/news\/series-tv\/340502-lucifer-tom-ellis-lauren-german-que-deviennent-les-stars-de-la-serie-netflix\/\" data-api-deeplink=\"teleloisirs:\/\/news\/340502\" target=\"_blank\" rel=\"noopener\">en r\u00e9unissant Tom Ellis (vu dans Once Upon a Time) et Lauren German (aper\u00e7ue pr\u00e9c\u00e9demment dans Chicago Fire)<\/a> dans cette s\u00e9rie adapt\u00e9e du personnage de bandes dessin\u00e9es cr\u00e9\u00e9es par Neil Gaiman. Lass\u00e9 d&rsquo;\u00eatre le \u00ab\u00a0Seigneur des Enfers\u00a0\u00bb, <a href=\"https:\/\/www.programme-tv.net\/news\/series-tv\/369030-netflix-issu-dune-celebre-serie-ce-prenom-a-ete-interdit-en-france-et-fait-polemique-en-angleterre\/\" data-api-deeplink=\"teleloisirs:\/\/news\/369030\" target=\"_blank\" rel=\"noopener\">Lucifer Morningstar<\/a> d\u00e9laisse son royaume et d\u00e9barque \u00e0 Los Angeles o\u00f9 il est propri\u00e9taire d&rsquo;une bo\u00eete de nuit nomm\u00e9e Le Lux. Sa vie bascule lorsqu&rsquo;il assiste au meurtre d&rsquo;une chanteuse qui se trouve aussi \u00eatre l&rsquo;une de ses conqu\u00eates. Touch\u00e9 par cette trag\u00e9die, il d\u00e9cide d&rsquo;enqu\u00eater pour faire la lumi\u00e8re sur ce qui est arriv\u00e9. C&rsquo;est ainsi qu&rsquo;il fait la connaissance de Chlo\u00e9 Decker, une polici\u00e8re qui r\u00e9siste inexplicablement \u00e0 son pouvoir de s\u00e9duction. Malgr\u00e9 de bonnes critiques, Lucifer a injustement \u00e9t\u00e9 annul\u00e9e par la FOX apr\u00e8s seulement trois saisons. Heureusement pour les acteurs, <a href=\"https:\/\/www.programme-tv.net\/news\/series-tv\/209062-lucifer-netflix-sauve-la-serie-annulee-par-la-fox-lacteur-tom-ellis-reagit\/\" data-api-deeplink=\"teleloisirs:\/\/news\/209062\" target=\"_blank\" rel=\"noopener\">la s\u00e9rie a eu droit \u00e0 une seconde chance<\/a> gr\u00e2ce \u00e0 <a href=\"https:\/\/www.programme-tv.net\/guide-netflix\/\" target=\"_blank\" rel=\"noopener\">Netflix<\/a><b>, <\/b>et surtout gr\u00e2ce \u00e0 une grosse mobilisation des fans.<\/p>\n<p>                        <b>Lucifer <\/b><b>: une s\u00e9rie qui vaut toujours la peine d&rsquo;\u00eatre regard\u00e9e d&rsquo;apr\u00e8s les internautes de <\/b><b>T\u00e9l\u00e9-Loisirs <\/b><\/p>\n<p>Neuf ans apr\u00e8s la premi\u00e8re diffusion de Lucifer, <b>les internautes de <\/b><b>T\u00e9l\u00e9-Loisirs <\/b><b>ne se lassent toujours pas de cette s\u00e9rie port\u00e9e par un Tom Ellis \u00e0 l&rsquo;accent <\/b><b>so british<\/b><b> et la red\u00e9couvrent avec plaisir sur Netflix<\/b>, comme on peut le voir sur le groupe Facebook Netflix France, g\u00e9r\u00e9 par T\u00e9l\u00e9-Loisirs. \u00ab\u00a0Top de ouf ! Vraiment bien r\u00e9alis\u00e9, les acteurs tous attachants les uns que les autres ! Je vous la recommande\u00a0\u00bb, \u00ab\u00a0Vue plusieurs fois, j&rsquo;adore !!!\u00a0\u00bb, \u00ab\u00a0Super s\u00e9rie, \u00e0 voir et revoir. Tu ne seras pas d\u00e9\u00e7u\u00a0\u00bb, \u00ab\u00a0Magique ! Au top, vue plusieurs fois. M\u00eame ma m\u00e8re s&rsquo;y est mise\u00a0\u00bb, ont r\u00e9pondu plusieurs internautes \u00e0 la question de savoir ce qu&rsquo;ils pensaient de Lucifer. \u00ab\u00a0Trop bien. J&rsquo;adore. Je n&rsquo;arr\u00eate pas de la regarder. \u00c7a fait d\u00e9j\u00e0 la troisi\u00e8me fois\u00a0\u00bb, a \u00e9crit un t\u00e9l\u00e9spectateur, tandis qu&rsquo;un autre a comment\u00e9 : \u00ab\u00a0Vu plusieurs fois, une bombe cette s\u00e9rie.\u00a0\u00bb<\/p>\n<p><b>Apr\u00e8s <\/b><b>Lucifer<\/b><b>, d\u00e9couvrez Tom Ellis dans un r\u00f4le totalement diff\u00e9rent de celui dans la s\u00e9rie <\/b><\/p>\n<p>Trois ans apr\u00e8s la fin de Lucifer, Tom Ellis <a href=\"https:\/\/www.programme-tv.net\/news\/cinema\/346967-prise-au-jeu-netflix-cette-comedie-romantique-avec-tom-ellis-lucifer-va-t-elle-vous-enflammer\/\" data-api-deeplink=\"teleloisirs:\/\/news\/346967\" target=\"_blank\" rel=\"noopener\">a sign\u00e9 son grand retour sur Netflix dans le film Prise au jeu<\/a>. Loin de son r\u00f4le dans la s\u00e9rie d\u00e9licieusement diabolique, l&rsquo;acteur britannique a incarn\u00e9 Nick, un correspondant de guerre, dont le charme ravageur a fait craquer Mack (Gina Rodriguez), une journaliste sportive new-yorkaise qui s&rsquo;amuse depuis des ann\u00e9es \u00e0 mettre au point des sc\u00e9narios de s\u00e9duction infaillibles avec son meilleur ami et leur bande. Apr\u00e8s <a href=\"https:\/\/www.programme-tv.net\/news\/cinema\/347181-tellement-previsible-ce-film-arrive-dans-le-top-3-de-netflix-est-une-deception-pour-les-abonnes\/\" data-api-deeplink=\"teleloisirs:\/\/news\/347181\" target=\"_blank\" rel=\"noopener\">une com\u00e9die romantique loin d&rsquo;avoir s\u00e9duit les foules<\/a>, Tom Ellis <a href=\"https:\/\/www.programme-tv.net\/news\/cinema\/356617-apres-lucifer-tom-ellis-est-enfin-de-retour-sur-netflix-pour-un-film-au-casting-de-stars\/\" data-api-deeplink=\"teleloisirs:\/\/news\/356617\" target=\"_blank\" rel=\"noopener\">sera prochainement \u00e0 l&rsquo;affiche du film Le Murder Club du jeudi<\/a>, dont la sortie est fix\u00e9e au 28 ao\u00fbt prochain sur Netflix.<\/p>\n<p>Article \u00e9crit en collaboration avec 6M\u00e9dias<\/p>\n","protected":false},"excerpt":{"rendered":"Si cet acteur au sourire ravageur et au d\u00e9licieux accent britannique vous manque, ne manquez pas de revoir&hellip;\n","protected":false},"author":2,"featured_media":67622,"comment_status":"","ping_status":"","sticky":false,"template":"","format":"standard","meta":{"footnotes":""},"categories":[1356],"tags":[244,58,59,1011,27,16890,127,1722,1721,129,252,16889,1364],"class_list":{"0":"post-67621","1":"post","2":"type-post","3":"status-publish","4":"format-standard","5":"has-post-thumbnail","7":"category-television","8":"tag-commentaire","9":"tag-divertissement","10":"tag-entertainment","11":"tag-fr","12":"tag-france","13":"tag-lucifer","14":"tag-netflix","15":"tag-pub-streaming-netflix","16":"tag-su00e9rie-netflix","17":"tag-svod","18":"tag-television","19":"tag-tom-ellis","20":"tag-tv"},"share_on_mastodon":{"url":"https:\/\/pubeurope.com\/@fr\/114434271280272872","error":""},"_links":{"self":[{"href":"https:\/\/www.europesays.com\/fr\/wp-json\/wp\/v2\/posts\/67621","targetHints":{"allow":["GET"]}}],"collection":[{"href":"https:\/\/www.europesays.com\/fr\/wp-json\/wp\/v2\/posts"}],"about":[{"href":"https:\/\/www.europesays.com\/fr\/wp-json\/wp\/v2\/types\/post"}],"author":[{"embeddable":true,"href":"https:\/\/www.europesays.com\/fr\/wp-json\/wp\/v2\/users\/2"}],"replies":[{"embeddable":true,"href":"https:\/\/www.europesays.com\/fr\/wp-json\/wp\/v2\/comments?post=67621"}],"version-history":[{"count":0,"href":"https:\/\/www.europesays.com\/fr\/wp-json\/wp\/v2\/posts\/67621\/revisions"}],"wp:featuredmedia":[{"embeddable":true,"href":"https:\/\/www.europesays.com\/fr\/wp-json\/wp\/v2\/media\/67622"}],"wp:attachment":[{"href":"https:\/\/www.europesays.com\/fr\/wp-json\/wp\/v2\/media?parent=67621"}],"wp:term":[{"taxonomy":"category","embeddable":true,"href":"https:\/\/www.europesays.com\/fr\/wp-json\/wp\/v2\/categories?post=67621"},{"taxonomy":"post_tag","embeddable":true,"href":"https:\/\/www.europesays.com\/fr\/wp-json\/wp\/v2\/tags?post=67621"}],"curies":[{"name":"wp","href":"https:\/\/api.w.org\/{rel}","templated":true}]}}