{"id":676283,"date":"2026-01-20T08:17:15","date_gmt":"2026-01-20T08:17:15","guid":{"rendered":"https:\/\/www.europesays.com\/fr\/676283\/"},"modified":"2026-01-20T08:17:15","modified_gmt":"2026-01-20T08:17:15","slug":"une-septuagenaire-transportee-aux-urgences","status":"publish","type":"post","link":"https:\/\/www.europesays.com\/fr\/676283\/","title":{"rendered":"une septuag\u00e9naire transport\u00e9e aux urgences"},"content":{"rendered":"<p>R\u00e9veil brutal ce mardi matin 20\u00a0janvier pour les occupants d\u2019un immeuble du quartier de la <a href=\"https:\/\/www.laprovence.com\/article\/region\/1256596331131815\/quartiers-de-marseille-la-pointe-rouge-et-vieille-chapelle-lete-cest-touristique-le-reste-du-temps-cest-marseillais\" target=\"_blank\" rel=\"noopener\">Vieille-Chapelle<\/a>, dans le 8e arrondissement de <a href=\"https:\/\/www.laprovence.com\/bouches-du-rhone\/marseille-13055\" target=\"_blank\" rel=\"noopener\">Marseille<\/a>. Il \u00e9tait aux alentours de 5h30, lorsqu\u2019un incendie s\u2019est d\u00e9clar\u00e9 dans ce b\u00e2timent r\u00e9sidentiel de quatre niveaux, nich\u00e9 avenue de la Pointe Rouge.<\/p>\n<p>Rapidement ma\u00eetris\u00e9 par les <a href=\"https:\/\/www.laprovence.com\/article\/faits-divers-justice\/3231084564948314\/marseille-un-conducteur-alcoolise-et-sous-stupefiants-percute-trois-pietons-sur-la-corniche-et-prend-la-fuite\" target=\"_blank\" rel=\"noopener\">marins-pompiers<\/a> puisqu\u2019il \u00e9tait \u00e9teint une heure plus tard, le sinistre a cependant n\u00e9cessit\u00e9 l\u2019\u00e9vacuation d\u2019une vingtaine de r\u00e9sidents et le transport aux urgences d\u2019une <a href=\"https:\/\/www.laprovence.com\/article\/faits-divers-justice\/6244506230260714\/un-septuagenaire-disparu-depuis-6-mois-retrouve-mort-sous-un-lit-de-son-appartement-par-son-frere\" target=\"_blank\" rel=\"noopener\">septuag\u00e9naire<\/a> qui avait inhal\u00e9 des fum\u00e9es. Trois autres victimes ont \u00e9t\u00e9 l\u00e9g\u00e8rement incommod\u00e9es.<\/p>\n<p>D\u2019apr\u00e8s les premi\u00e8res constatations, le feu se serait d\u00e9clar\u00e9 au niveau d\u2019un compteur \u00e9lectrique de la buanderie au rez-de-chauss\u00e9e de l\u2019immeuble.<\/p>\n","protected":false},"excerpt":{"rendered":"R\u00e9veil brutal ce mardi matin 20\u00a0janvier pour les occupants d\u2019un immeuble du quartier de la Vieille-Chapelle, dans le&hellip;\n","protected":false},"author":2,"featured_media":676284,"comment_status":"","ping_status":"","sticky":false,"template":"","format":"standard","meta":{"footnotes":""},"categories":[2814],"tags":[5734,1111,11,1446,1777,674,274,1011,27,5480,1310,884,12,882,25,37561,41389,96],"class_list":{"0":"post-676283","1":"post","2":"type-post","3":"status-publish","4":"format-standard","5":"has-post-thumbnail","7":"category-marseille","8":"tag-5734","9":"tag-actu","10":"tag-actualites","11":"tag-dans","12":"tag-eu","13":"tag-europe","14":"tag-faits-divers-justice","15":"tag-fr","16":"tag-france","17":"tag-immeuble","18":"tag-incendie","19":"tag-marseille","20":"tag-news","21":"tag-provence-alpes-cote-dazur","22":"tag-republique-francaise","23":"tag-septuagenaire","24":"tag-transportee","25":"tag-une"},"share_on_mastodon":{"url":"https:\/\/pubeurope.com\/@fr\/115926443220549039","error":""},"_links":{"self":[{"href":"https:\/\/www.europesays.com\/fr\/wp-json\/wp\/v2\/posts\/676283","targetHints":{"allow":["GET"]}}],"collection":[{"href":"https:\/\/www.europesays.com\/fr\/wp-json\/wp\/v2\/posts"}],"about":[{"href":"https:\/\/www.europesays.com\/fr\/wp-json\/wp\/v2\/types\/post"}],"author":[{"embeddable":true,"href":"https:\/\/www.europesays.com\/fr\/wp-json\/wp\/v2\/users\/2"}],"replies":[{"embeddable":true,"href":"https:\/\/www.europesays.com\/fr\/wp-json\/wp\/v2\/comments?post=676283"}],"version-history":[{"count":0,"href":"https:\/\/www.europesays.com\/fr\/wp-json\/wp\/v2\/posts\/676283\/revisions"}],"wp:featuredmedia":[{"embeddable":true,"href":"https:\/\/www.europesays.com\/fr\/wp-json\/wp\/v2\/media\/676284"}],"wp:attachment":[{"href":"https:\/\/www.europesays.com\/fr\/wp-json\/wp\/v2\/media?parent=676283"}],"wp:term":[{"taxonomy":"category","embeddable":true,"href":"https:\/\/www.europesays.com\/fr\/wp-json\/wp\/v2\/categories?post=676283"},{"taxonomy":"post_tag","embeddable":true,"href":"https:\/\/www.europesays.com\/fr\/wp-json\/wp\/v2\/tags?post=676283"}],"curies":[{"name":"wp","href":"https:\/\/api.w.org\/{rel}","templated":true}]}}