{"id":67630,"date":"2025-05-01T19:44:14","date_gmt":"2025-05-01T19:44:14","guid":{"rendered":"https:\/\/www.europesays.com\/fr\/67630\/"},"modified":"2025-05-01T19:44:14","modified_gmt":"2025-05-01T19:44:14","slug":"cette-tablette-premium-de-samsung-se-brade-dans-un-pack-avec-41-de-remise-pendant-les-french-days","status":"publish","type":"post","link":"https:\/\/www.europesays.com\/fr\/67630\/","title":{"rendered":"cette tablette premium de Samsung se brade dans un pack avec 41 % de remise pendant les French Days"},"content":{"rendered":"<p>Les French Days continuent leur petit bonhomme de chemin et font un passage chez Darty pour proposer un pack avec la tablette tactile Samsung Galaxy Tab S9, une smart book cover et un bloc fast charge pour 529,99 euros.<\/p>\n<p><a href=\"https:\/\/images.frandroid.com\/wp-content\/uploads\/2025\/04\/pack-samsung-galaxy-tab-s9-ia-french-days-2025.jpg\" target=\"_blank\" class=\"article-content__figure\" rel=\"nofollow noopener\"><img fetchpriority=\"high\" decoding=\"async\" loading=\"eager\" width=\"1200\" height=\"675\" src=\"https:\/\/www.europesays.com\/fr\/wp-content\/uploads\/2025\/05\/pack-samsung-galaxy-tab-s9-ia-french-days-2025.jpg\" alt=\"\" class=\"wp-image-2601797 wp-image wp-image\"  \/><\/a>Pack Samsung Galaxy Tab S9 IA \/\/ Source : Frandroid<\/p>\n<p>Le march\u00e9 des tablettes tactiles de 11 pouces est l\u00e9g\u00e8rement satur\u00e9. Samsung en \u00e9tait conscient en 2023 quand ils ont lanc\u00e9 la Samsung Galaxy Tab S9 sur le march\u00e9. Pour qu\u2019elle trouve sa place, il fallait qu\u2019elle ait un petit quelque chose en plus. Et ce petit truc, c\u2019est son \u00e9cran OLED de 11 pouces qui va faire la diff\u00e9rence. Il vient apporter un confort certain pour regarder les films, s\u00e9ries et vid\u00e9os en streaming. Une tablette qui est ici en pack avec une cover et un chargeur rapide et <a href=\"https:\/\/shop.frandroid.com\/5tjhjdv5\" target=\"_blank\" rel=\"noreferrer noopener affiliate nofollow\" data-gtm=\"{&quot;event&quot;:&quot;afficlic&quot;,&quot;nom_marchand&quot;:&quot;darty&quot;,&quot;nom_produit&quot;:&quot;inconnu&quot;,&quot;categorie_produit&quot;:&quot;inconnu&quot;,&quot;module_produit&quot;:&quot;editolink&quot;,&quot;position_marchand&quot;:0,&quot;texte&quot;:&quot;quasiment-a-moitie-prix&quot;,&quot;offer_url&quot;:&quot;https:\/\/shop.frandroid.com\/5tjhjdv5&quot;,&quot;zone&quot;:&quot;contenu-page&quot;}\">quasiment \u00e0 moiti\u00e9 prix<\/a> pendant <a href=\"https:\/\/www.frandroid.com\/bons-plans\/2597103_french-days-2025-les-premieres-offres-sont-en-ligne-voici-les-meilleures\" target=\"_blank\" rel=\"noreferrer noopener nofollow\">les French Days<\/a> chez Darty.<\/p>\n<p>Les points forts de la Samsung Galaxy Tab S9<\/p>\n<ul class=\"wp-block-list\">\n<li>L\u2019\u00e9cran OLED, vraiment l\u2019atout charme de cette tablette<\/li>\n<li>Les accessoires inclus, y compris le stylet pour l\u2019utiliser<\/li>\n<li>Des performances globales qui frisent l\u2019excellence<\/li>\n<\/ul>\n<p>La Samsung Galaxy Tab S9, seule, co\u00fbte 899 euros. L\u00e0, gr\u00e2ce aux French Days sur Darty, <a href=\"https:\/\/shop.frandroid.com\/5tjhjdv5\" target=\"_blank\" rel=\"noreferrer noopener affiliate nofollow\" data-gtm=\"{&quot;event&quot;:&quot;afficlic&quot;,&quot;nom_marchand&quot;:&quot;darty&quot;,&quot;nom_produit&quot;:&quot;inconnu&quot;,&quot;categorie_produit&quot;:&quot;inconnu&quot;,&quot;module_produit&quot;:&quot;editolink&quot;,&quot;position_marchand&quot;:0,&quot;texte&quot;:&quot;elle-est-a-529-99-euros&quot;,&quot;offer_url&quot;:&quot;https:\/\/shop.frandroid.com\/5tjhjdv5&quot;,&quot;zone&quot;:&quot;contenu-page&quot;}\">elle est \u00e0 529,99 euros<\/a> et accompagn\u00e9e d\u2019une cover et d\u2019un chargeur rapide.<\/p>\n<p>Si, par la suite, l\u2019offre mentionn\u00e9e dans cet article n\u2019est plus disponible, merci de jeter un coup d\u2019\u0153il ci-dessous afin de d\u00e9nicher d\u2019autres offres concernant la Samsung Galaxy Tab S9. Le tableau s\u2019actualise automatiquement. <\/p>\n<p>Une petite tablette qui a tout d\u2019une grande<\/p>\n<p>Avec sa Galaxy Tab S9, Samsung a su faire une tablette haut de gamme dans un format compact. Elle vient tranquillement taquiner <a href=\"https:\/\/www.frandroid.com\/marques\/apple\/692786_meilleur-ipad-selection\" target=\"_blank\" rel=\"noreferrer noopener nofollow\">l\u2019iPad d\u2019Apple<\/a> sans avoir \u00e0 rougir de ses performances. Le point fort de cette tablette, c\u2019est \u00e9videmment son \u00e9cran OLED de 11 pouces, avec un taux de rafra\u00eechissement \u00e0 120 Hz pour fluidifier la navigation. Le tout dans un format portable, facilement transportable, puisqu\u2019elle ne fait que 254,3 \u00d7 166 \u00d7 5,9 mm pour 500 g.<\/p>\n<p>La tablette fonctionne avec un processeur Snapdragon 8 Gen 2, avec 8 Go de RAM et une m\u00e9moire de 128 Go. Cela peut para\u00eetre peu, mais vous pouvez y ajouter une carte microSD de 1 To maximum pour pouvoir stocker vos propres fichiers et dossiers. Le tout tourne avec Samsung One UI 5.1.1 et Android 13, en tout cas \u00e0 sa sortie, puisque vous pouvez la mettre \u00e0 jour.<\/p>\n<p>La Samsung Galaxy Tab S9 n\u2019a rien \u00e0 prouver<\/p>\n<p>L\u2019OS est peut-\u00eatre le point un peu plus faible de cette tablette. Certaines applications tierces sont mal optimis\u00e9es, mais la Galaxy Tab S9 r\u00e9ussit \u00e0 rattraper le coup gr\u00e2ce au mode DeX, invent\u00e9 par Samsung. Avec \u00e7a, l\u2019interface Android se transforme en simili Windows et les apps s\u2019ouvrent sous la forme de fen\u00eatres flottantes, ce qui rend le tout beaucoup plus pratique.<\/p>\n<p>Un dernier mot sur les accessoires qui accompagnent cette tablette. Il y a d\u2019abord le S Pen, automatiquement inclus, qui permet d\u2019avoir une navigation plus pr\u00e9cise et fluide. Il y a aussi le chargeur rapide 45W pour recharger rapidement la batterie de 8 400 mAh (qui permet une autonomie de 15 h en usage classique). <\/p>\n<p>Vous pouvez en apprendre plus sur la Samsung Galaxy Tab S9 en consultant <a href=\"https:\/\/www.numerama.com\/tech\/1522576-on-a-rarement-autant-aime-un-ecran-oled-que-celui-de-la-samsung-galaxy-tab-s9.html\" target=\"_blank\" rel=\"noreferrer noopener nofollow\">le test complet<\/a> chez nos confr\u00e8res de Numerama.<\/p>\n<p>Vous avez aussi la possibilit\u00e9 de consulter notre guide d\u2019achat sur <a href=\"https:\/\/www.frandroid.com\/guide-dachat\/guide-tablettes\/320702_guide-dachat-tablette-choisir-noel\" target=\"_blank\" rel=\"noreferrer noopener nofollow\">les meilleures tablettes tactiles<\/a> du moment, pour trouver la v\u00f4tre.<\/p>\n<p>French Days 2025 : ne ratez aucun bon plan avec Frandroid <\/p>\n<p>Les French Days reviennent en 2025 pour une premi\u00e8re \u00e9dition. Celle-ci se d\u00e9roule du mercredi 30 avril jusqu\u2019au 06 mai inclus.<\/p>\n<p>Afin de ne pas louper les diff\u00e9rentes offres Tech que nous recommandons chaudement lors de cette p\u00e9riode, voici quelques s\u00e9lections de produits :<\/p>\n<p>Afin de ne louper aucun bon plan que nous partageons, voici quelques tips et liens utiles : <\/p>\n<ul class=\"wp-block-list\">\n<li>Suivez notre compte X\u00a0<a href=\"https:\/\/twitter.com\/FrandroidPromos\" target=\"_blank\" rel=\"noreferrer noopener nofollow\">@FrandroidPromos<\/a> uniquement d\u00e9di\u00e9 aux bons plans (pensez \u00e0 activer la cloche pour recevoir les notifications en temps r\u00e9el)<\/li>\n<li><a href=\"https:\/\/whatsapp.com\/channel\/0029VabYxm5LI8YhSlD8xc05\" target=\"_blank\" rel=\"noreferrer noopener nofollow\">Rejoignez notre canal WhatsApp<\/a> pour recevoir une fois par jour un condens\u00e9 des meilleures offres<\/li>\n<li>T\u00e9l\u00e9chargez notre <a href=\"https:\/\/www.frandroid.com\/telecharger\/apps\/frandroid\" target=\"_blank\" rel=\"noreferrer noopener nofollow\">application Frandroid<\/a> (disponible sur iOS et Android) pour activer les notifications de la cat\u00e9gorie \u00ab Bons Plans \u00bb et ainsi recevoir en temps r\u00e9el les nouveaux articles li\u00e9s aux soldes d\u2019hiver<\/li>\n<li>Abonnez-vous \u00e0 notre newsletter pour \u00eatre s\u00fbr de recevoir les offres en avant-premi\u00e8re (pas plus d\u2019un mail par jour, d\u00e9sinscription en 1 clic, aucune diffusion \u00e0 des tiers) :<\/li>\n<\/ul>\n<p class=\"newsletter-form__title is-size-6 is-size-7-mobile is-uppercase has-text-good-deals has-text-weight-semibold mb-4 px-5\">Frandroid Bons plans<\/p>\n<p class=\"has-text-centered-tablet newsletter-form__subtitle is-size-4 has-text-weight-bold has-text-primary column is-9-tablet is-10-mobile\">\n                C\u2019est enregistr\u00e9 ! Surveillez votre bo\u00eete aux lettres, vous allez entendre parler de nous\u00a0!\n            <\/p>\n<p class=\"newsletter-form__subtitle is-size-4 has-text-weight-bold has-text-gradient-pink\">Ne manquez aucun bon plan avec notre newsletter<\/p>\n<p class=\"is-size-7\">\n                Les donn\u00e9es transmises par le biais de ce formulaire sont destin\u00e9es \u00e0 Humanoid,<br \/>\n                soci\u00e9t\u00e9 \u00e9ditrice du site Frandroid en sa qualit\u00e9 de responsable de traitement.<br \/>\n                Elles ne seront en aucun cas c\u00e9d\u00e9es \u00e0 des tiers. Ces donn\u00e9es sont trait\u00e9es sous r\u00e9serve d\u2019obtention de<br \/>\n                votre consentement pour vous envoyer par e-mail des actualit\u00e9s et informations relatives aux contenus<br \/>\n                \u00e9ditoriaux publi\u00e9s sur Frandroid. Vous pouvez vous opposer \u00e0 tout moment \u00e0 ces e-mails<br \/>\n                en cliquant sur les liens de d\u00e9sinscriptions pr\u00e9sents dans chacun d\u2019eux. Pour plus d\u2019informations, vous<br \/>\n                pouvez consulter l\u2019int\u00e9gralit\u00e9 de notre <a href=\"https:\/\/www.frandroid.com\/politique-donnees-personnelles\" rel=\"nofollow noopener\" target=\"_blank\"><br \/>\n                politique de traitement de vos donn\u00e9es personnelles<\/a>.<br \/>\n                Vous disposez d\u2019un droit d\u2019acc\u00e8s, de rectification, d\u2019effacement, de limitation, de portabilit\u00e9 et<br \/>\n                d\u2019opposition pour motif l\u00e9gitime aux donn\u00e9es personnelles vous concernant. Pour exercer l\u2019un de ces droits,<br \/>\n                merci d\u2019effectuer votre demande via notre <a href=\"https:\/\/www.frandroid.com\/contact\/#RGPD\" rel=\"nofollow noopener\" target=\"_blank\">formulaire<br \/>\n                de demandes d\u2019exercices de droits d\u00e9di\u00e9<\/a>.\n            <\/p>\n<p>Rejoignez-nous de 17 \u00e0 19h, un mercredi sur deux, pour l\u2019\u00e9mission <strong>UNLOCK<\/strong> produite par <strong>Frandroid<\/strong> et <strong>Numerama<\/strong> ! Actus tech, interviews, astuces et analyses\u2026 On se retrouve <a href=\"https:\/\/www.twitch.tv\/frandroidlive\" target=\"_blank\" rel=\"noopener nofollow\">en direct sur Twitch<\/a> ou en rediffusion <a href=\"https:\/\/www.youtube.com\/@unlocktalk\" target=\"_blank\" rel=\"noopener nofollow\">sur YouTube<\/a> !<\/p>\n<p>            <script async src=\"https:\/\/platform.twitter.com\/widgets.js\" charset=\"utf-8\"><\/script><\/p>\n","protected":false},"excerpt":{"rendered":"Les French Days continuent leur petit bonhomme de chemin et font un passage chez Darty pour proposer un&hellip;\n","protected":false},"author":2,"featured_media":67631,"comment_status":"","ping_status":"","sticky":false,"template":"","format":"standard","meta":{"footnotes":""},"categories":[7],"tags":[943,1011,27,16300,16892,43,40,41,39,42,44],"class_list":{"0":"post-67630","1":"post","2":"type-post","3":"status-publish","4":"format-standard","5":"has-post-thumbnail","7":"category-sciences-et-technologies","8":"tag-bons-plans-darty","9":"tag-fr","10":"tag-france","11":"tag-french-days-2025","12":"tag-samsung-galaxy-tab-s9","13":"tag-science","14":"tag-science-and-technology","15":"tag-sciences","16":"tag-sciences-et-technologies","17":"tag-technologies","18":"tag-technology"},"share_on_mastodon":{"url":"https:\/\/pubeurope.com\/@fr\/114434294985885172","error":""},"_links":{"self":[{"href":"https:\/\/www.europesays.com\/fr\/wp-json\/wp\/v2\/posts\/67630","targetHints":{"allow":["GET"]}}],"collection":[{"href":"https:\/\/www.europesays.com\/fr\/wp-json\/wp\/v2\/posts"}],"about":[{"href":"https:\/\/www.europesays.com\/fr\/wp-json\/wp\/v2\/types\/post"}],"author":[{"embeddable":true,"href":"https:\/\/www.europesays.com\/fr\/wp-json\/wp\/v2\/users\/2"}],"replies":[{"embeddable":true,"href":"https:\/\/www.europesays.com\/fr\/wp-json\/wp\/v2\/comments?post=67630"}],"version-history":[{"count":0,"href":"https:\/\/www.europesays.com\/fr\/wp-json\/wp\/v2\/posts\/67630\/revisions"}],"wp:featuredmedia":[{"embeddable":true,"href":"https:\/\/www.europesays.com\/fr\/wp-json\/wp\/v2\/media\/67631"}],"wp:attachment":[{"href":"https:\/\/www.europesays.com\/fr\/wp-json\/wp\/v2\/media?parent=67630"}],"wp:term":[{"taxonomy":"category","embeddable":true,"href":"https:\/\/www.europesays.com\/fr\/wp-json\/wp\/v2\/categories?post=67630"},{"taxonomy":"post_tag","embeddable":true,"href":"https:\/\/www.europesays.com\/fr\/wp-json\/wp\/v2\/tags?post=67630"}],"curies":[{"name":"wp","href":"https:\/\/api.w.org\/{rel}","templated":true}]}}