{"id":676385,"date":"2026-01-20T09:22:20","date_gmt":"2026-01-20T09:22:20","guid":{"rendered":"https:\/\/www.europesays.com\/fr\/676385\/"},"modified":"2026-01-20T09:22:20","modified_gmt":"2026-01-20T09:22:20","slug":"loire-atlantique-tennis-de-table-pro-b-le-metier-du-nantes-tt-face-a-linsouciance","status":"publish","type":"post","link":"https:\/\/www.europesays.com\/fr\/676385\/","title":{"rendered":"Loire Atlantique &#8211; Tennis de table. Pro B\u00a0: le m\u00e9tier du Nantes TT face \u00e0 l\u2019insouciance"},"content":{"rendered":"<p>Le revers subi en <a href=\"https:\/\/nantes.maville.com\/sport\/detail_-tennis-de-table.-pro-b-lourde-defaite-pour-un-nantes-tt-diminue-a-amiens-_52716-7143056_actu.Htm\" target=\"_self\" rel=\"noopener\">Picardie (3-0) mardi dernier<\/a> n\u2019\u00e9tait, esp\u00e9rons-le, qu\u2019une p\u00e9rip\u00e9tie. Sans ses cadres, le Nantes TT avait d\u00fb s\u2019appuyer sur le courage de son coach-joueur, Segun Toriola (51\u00a0ans), auteur d\u2019un set de haut vol face au v\u00e9t\u00e9ran autrichien Robert Gardos. Un exploit personnel qui n\u2019a pas suffi \u00e0 \u00e9viter un petit naufrage. Pour la r\u00e9ception de Tours, ce mardi 20\u00a0janvier, les Nantais doivent stopper l\u2019h\u00e9morragie et se remettre la t\u00eate \u00e0 l\u2019endroit.<\/p>\n<p>Gionis, le retour du patron<\/p>\n<p>Pour cicatriser les doutes, l\u2019atout ma\u00eetre se nomme Panagiotis Gionis. Le Grec, v\u00e9ritable assurance tous risques et toujours invaincu cette saison, sera le leader naturel du collectif. Pour l\u2019\u00e9pauler, le club attend l\u2019arriv\u00e9e par avion de ses deux autres g\u00e2chettes\u00a0: l\u2019autre Grec Georgios Stamatouros et le Portugais Andr\u00e9 Silva.<\/p>\n<p>\u00a0On va essayer d\u2019aligner les meilleurs\u00a0, confirme Georges Zaganiaris. L\u2019enjeu est de taille\u00a0: \u00e0 la bascule pour la sixi\u00e8me place, le club lig\u00e9rien doit s\u2019imposer pour valider son ticket pour les phases finales. \u00a0Il faut finir dans les six premiers\u00a0, mart\u00e8le le dirigeant.<\/p>\n<p>\u00ab\u00a0La jeunesse contre l\u2019exp\u00e9rience\u00a0\u00bb<\/p>\n<p>Sur le papier, l\u2019affiche face \u00e0 la lanterne rouge semble d\u00e9s\u00e9quilibr\u00e9e. Mais le directeur sportif se m\u00e9fie\u00a0: \u00a0On devrait \u00eatre favoris. Mais Tours, c\u2019est une \u00e9quipe de jeunes Fran\u00e7ais qui s\u2019entra\u00eenent au CREPS, au P\u00f4le France \u00e0 Nantes. Ils construisent leur carri\u00e8re, ils viennent pour gagner leurs points.\u00a0<\/p>\n<p>Tours reste aussi sur un succ\u00e8s vendredi dernier face \u00e0 Chartres, arrach\u00e9 au bout du suspense et apr\u00e8s avoir \u00e9t\u00e9 men\u00e9 2-0.<\/p>\n<p>Pour le Grec, ce duel contre des espoirs &#8211; qui se perfectionnent au quotidien dans la cit\u00e9 des Ducs &#8211; est aussi un test entre deux g\u00e9n\u00e9rations. \u00a0C\u2019est la jeunesse contre l\u2019exp\u00e9rience. Il faut esp\u00e9rer que \u00e7a passe\u00a0!\u00a0 Devant son public, le Nantes TT n\u2019aura pas le droit \u00e0 l\u2019erreur s\u2019il veut continuer \u00e0 croire aux play-offs.<\/p>\n<p><strong>Pro B (9e journ\u00e9e).<\/strong> Nantes TT &#8211; Tours, mardi 20\u00a0janvier, 19\u00a0h. Complexe Mangin-Beaulieu. Entr\u00e9e\u00a0: 5\u00a0\u20ac.<\/p>\n<p>\u00a0<\/p>\n","protected":false},"excerpt":{"rendered":"Le revers subi en Picardie (3-0) mardi dernier n\u2019\u00e9tait, esp\u00e9rons-le, qu\u2019une p\u00e9rip\u00e9tie. Sans ses cadres, le Nantes TT&hellip;\n","protected":false},"author":2,"featured_media":676386,"comment_status":"","ping_status":"","sticky":false,"template":"","format":"standard","meta":{"footnotes":""},"categories":[2818],"tags":[1111,11,1438,2063,1777,674,1011,27,1922,1393,2487,766,12,2636,1404,25,2923,4251,853],"class_list":{"0":"post-676385","1":"post","2":"type-post","3":"status-publish","4":"format-standard","5":"has-post-thumbnail","7":"category-nantes","8":"tag-actu","9":"tag-actualites","10":"tag-angers","11":"tag-annonces","12":"tag-eu","13":"tag-europe","14":"tag-fr","15":"tag-france","16":"tag-info","17":"tag-loisirs","18":"tag-meteo","19":"tag-nantes","20":"tag-news","21":"tag-pays-de-la-loire","22":"tag-quotidien","23":"tag-republique-francaise","24":"tag-restaurants","25":"tag-sortir","26":"tag-spectacles"},"share_on_mastodon":{"url":"https:\/\/pubeurope.com\/@fr\/115926698853643411","error":""},"_links":{"self":[{"href":"https:\/\/www.europesays.com\/fr\/wp-json\/wp\/v2\/posts\/676385","targetHints":{"allow":["GET"]}}],"collection":[{"href":"https:\/\/www.europesays.com\/fr\/wp-json\/wp\/v2\/posts"}],"about":[{"href":"https:\/\/www.europesays.com\/fr\/wp-json\/wp\/v2\/types\/post"}],"author":[{"embeddable":true,"href":"https:\/\/www.europesays.com\/fr\/wp-json\/wp\/v2\/users\/2"}],"replies":[{"embeddable":true,"href":"https:\/\/www.europesays.com\/fr\/wp-json\/wp\/v2\/comments?post=676385"}],"version-history":[{"count":0,"href":"https:\/\/www.europesays.com\/fr\/wp-json\/wp\/v2\/posts\/676385\/revisions"}],"wp:featuredmedia":[{"embeddable":true,"href":"https:\/\/www.europesays.com\/fr\/wp-json\/wp\/v2\/media\/676386"}],"wp:attachment":[{"href":"https:\/\/www.europesays.com\/fr\/wp-json\/wp\/v2\/media?parent=676385"}],"wp:term":[{"taxonomy":"category","embeddable":true,"href":"https:\/\/www.europesays.com\/fr\/wp-json\/wp\/v2\/categories?post=676385"},{"taxonomy":"post_tag","embeddable":true,"href":"https:\/\/www.europesays.com\/fr\/wp-json\/wp\/v2\/tags?post=676385"}],"curies":[{"name":"wp","href":"https:\/\/api.w.org\/{rel}","templated":true}]}}