{"id":676450,"date":"2026-01-20T10:03:24","date_gmt":"2026-01-20T10:03:24","guid":{"rendered":"https:\/\/www.europesays.com\/fr\/676450\/"},"modified":"2026-01-20T10:03:24","modified_gmt":"2026-01-20T10:03:24","slug":"ce-cinema-municipal-de-leure-voit-sa-frequentation-chuter","status":"publish","type":"post","link":"https:\/\/www.europesays.com\/fr\/676450\/","title":{"rendered":"ce cin\u00e9ma municipal de l\u2019Eure voit sa fr\u00e9quentation chuter"},"content":{"rendered":"<p>                    Par<br \/>\n        <strong><br \/>\n            <a href=\"https:\/\/actu.fr\/auteur\/carnet-mathilde-yahoo\" title=\"Consulter tous les articles de Mathilde Carnet\" target=\"_blank\" rel=\"noopener\">Mathilde Carnet<\/a><br \/>\n                    <\/strong><\/p>\n<p>        Publi\u00e9 le<\/p>\n<p>            20 janv. 2026 \u00e0 6h26        <\/p>\n<p>Une ann\u00e9e \u00ab\u2009<b>critique\u2009<\/b>\u00bb. Lors de sa c\u00e9r\u00e9monie de v\u0153ux, la maire du Neubourg,<b> Isabelle Vauquelin<\/b>, n\u2019a pas cach\u00e9 les difficult\u00e9s rencontr\u00e9es par le cin\u00e9ma municipal, <b>Le Viking<\/b>, en 2025. Il faut dire que l\u2019ann\u00e9e 2024 avait \u00e9t\u00e9 <b>particuli\u00e8rement bonne<\/b>, avec le succ\u00e8s de plusieurs films tr\u00e8s f\u00e9d\u00e9rateurs comme Un p\u2019tit truc en plus ou encore Le Comte de Monte-Cristo. Le Viking enregistrait alors <b>60\u2009000 entr\u00e9es<\/b> sur l\u2019ann\u00e9e.<\/p>\n<p>Apr\u00e8s une tr\u00e8s bonne ann\u00e9e 2024<\/p>\n<p class=\" wall-content\">En 2025, on ne compte \u00ab\u2009que <b>49\u2009000 entr\u00e9es<\/b> payantes\u2009\u00bb, annonce la maire. Au niveau national, l\u2019ann\u00e9e 2025 a \u00e9t\u00e9 difficile pour les cin\u00e9mas, avec une baisse du nombre d\u2019entr\u00e9e <b>d\u00e9passant les 13\u2009%.<\/b><\/p>\n<p class=\" wall-content\">\u00ab\u2009Apr\u00e8s une ann\u00e9e exceptionnelle, on fait un peu <b>moins bien <\/b>que 2023\u2009\u00bb, explique le gestionnaire du cin\u00e9ma, <b>St\u00e9phane Foulogne<\/b>. Pour lui, 2026 sera r\u00e9v\u00e9latrice\u2009: \u00ab\u2009est-ce que <b>l\u2019exception <\/b>\u00e9tait 2024\u2009? Ou bien 2025\u2009?\u2009\u00bb<\/p>\n<p class=\" wall-content\">Pour le gestionnaire, qui s\u2019occupe \u00e9galement d\u2019un cin\u00e9ma au\u00a0Havre, les <b>temps ont chang\u00e9<\/b>, et pas dans le bon sens pour les cin\u00e9mas.<\/p>\n<p>Qui fait figure d\u2019exception\u2009?<\/p>\n<p class=\" wall-content\">\u00ab\u2009Le probl\u00e8me est <b>politique <\/b>et <b>mondial<\/b>. Les producteurs n\u2019osent plus <b>investir <\/b>dans le contexte actuel, et on a eu peu de grosses productions f\u00e9d\u00e9ratrices en 2025\u2009\u00bb, analyse-t-il.<\/p>\n<p class=\" wall-content\">Les films qui ont fait les meilleurs chiffres l\u2019an pass\u00e9\u2009: Zootopie, Lilo et Stitch et les Bodin\u2019s, n\u2019ont r\u00e9uni chacun \u00ab\u2009que <b>9\u2009000<\/b>\u00a0<b>spectateurs\u2009<\/b>\u00bb au Neubourg, avance Isabelle Vauquelin. Quand, en 2024, les grosses productions atteignaient les <b>13\u2009000 entr\u00e9es<\/b>.<\/p>\n<p>Votre r\u00e9gion, votre actu !<\/p>\n<p>Recevez chaque jour les infos qui comptent pour vous.<\/p>\n<p>\t<a href=\"https:\/\/actu.fr\/newsletter\" class=\"ac-btn ac-btn--corner ac-btn--medium ac-btn--blue800\" target=\"_blank\" rel=\"noopener\">S&rsquo;incrire<\/a><\/p>\n<p class=\" wall-content\">\u00ab\u2009Il faut des films \u2018<b>locomotives<\/b>\u2018, qui attirent les gens au cin\u00e9ma. Sans locomotive, les wagons ne bougent pas\u2009\u00bb, image St\u00e9phane Foulogne, qui se d\u00e9m\u00e8ne pourtant pour multiplier les \u00e9v\u00e9nements au cin\u00e9ma.<\/p>\n<p>Baisse de fr\u00e9quentation et hausse de l\u2019\u00e9nergie<\/p>\n<p class=\" wall-content\">En 2025, il a fait venir Les Bodin\u2019s, \u00ab\u2009le seul \u00e9v\u00e9nement o\u00f9 l\u2019on a d\u00fb refuser du monde\u2009\u00bb, mais aussi J\u00e9r\u00f4me Commandeur ou encore Lor\u00e0nt Deutsch, sans compter de nombreuses avant-premi\u00e8res.<\/p>\n<p class=\" wall-content\">\u00ab\u2009Autrefois, on remplissait la salle de 400\u00a0personnes sans difficult\u00e9. Aujourd\u2019hui, on fait 300, 350 places\u2026\u2009\u00bb Est-ce que le public reste <b>chez lui\u2009<\/b>? Consomme des films via des <b>plateformes\u2009<\/b>? \u00ab\u2009S\u00fbrement.\u2009\u00bb<\/p>\n<p class=\" wall-content\">Et \u00e0 c\u00f4t\u00e9 de \u00e7a, le cin\u00e9ma co\u00fbte <b>de plus en plus cher<\/b> \u00e0 la Ville. \u00ab\u2009\u00c0 la baisse de fr\u00e9quentation, il faut ajouter le co\u00fbt de l\u2019\u00e9nergie qui augmente. Au final, sur le prix du billet, il nous<b> reste 30\u2009%<\/b>\u2009\u00bb, ajoute St\u00e9phane Foulogne.<\/p>\n<p class=\" wall-content\">Le prix des billets a pourtant \u00e9t\u00e9 augment\u00e9 en 2024, passant <b>de 6 \u00e0 7<\/b>\u00a0<b>euros<\/b>\u00a0pour une entr\u00e9e individuelle.<\/p>\n<p class=\" wall-content\">Mais, avec tous les tarifs r\u00e9duits, l\u2019entr\u00e9e co\u00fbte en moyenne <b>5,48<\/b>\u00a0<b>euros<\/b>, ce qui est <b>tr\u00e8s peu <\/b>par rapport aux grands groupes de cin\u00e9ma. \u00ab\u2009La <b>culture<\/b> <b>accessible<\/b>, c\u2019est tr\u00e8s important pour nous\u2009\u00bb, commente la maire.<\/p>\n<p>Peu de gros films en 2026<\/p>\n<p class=\" wall-content\">Alors, pour 2026, Le Viking \u00ab\u2009croise les doigts\u2009\u00bb. \u00ab\u2009On va faire le plus <b>d\u2019\u00e9conomies <\/b>possible, changer de fournisseur d\u2019\u00e9lectricit\u00e9 et programmer un maximum <b>d\u2019\u00e9v\u00e9nements\u2009<\/b>\u00bb, avance le gestionnaire.<\/p>\n<p class=\" wall-content\">D\u00e9j\u00e0, en f\u00e9vrier, deux gros films arrivent et seront \u00e0 d\u00e9couvrir en <b>avant-premi\u00e8re<\/b> au Viking\u2009: Marsupilami et Lol 2.0. Dans l\u2019ann\u00e9e, on attend aussi le film Gourou, avec Pierre Niney et Les Mis\u00e9rables, avec Vincent Lindon.<\/p>\n<p class=\" wall-content\">\u00ab\u2009\u00c7a peut <b>marcher<\/b>, estime St\u00e9phane Foulogne tout en restant <b>prudent<\/b>. Pour l\u2019instant, les trois premi\u00e8res semaines de 2026 sont pareilles que celles de 2025\u2026\u2009\u00bb<\/p>\n<p class=\" wall-content\">Personnalisez votre actualit\u00e9 en ajoutant vos villes et m\u00e9dias en favori avec <a href=\"https:\/\/moncompte.actu.fr\" title=\"D\u00e9couvez Mon Actu\" rel=\"nofollow noopener\" data-trk=\"{&quot;cta&quot;:{&quot;action&quot;:&quot;https:\\\/\\\/moncompte.actu.fr&quot;,&quot;category&quot;:&quot;mon compte&quot;,&quot;from&quot;:&quot;article footer&quot;,&quot;name&quot;:&quot;Mon actu&quot;,&quot;type&quot;:&quot;cta&quot;}}\" target=\"_blank\">Mon Actu<\/a>.<\/p>\n","protected":false},"excerpt":{"rendered":"Par Mathilde Carnet Publi\u00e9 le 20 janv. 2026 \u00e0 6h26 Une ann\u00e9e \u00ab\u2009critique\u2009\u00bb. Lors de sa c\u00e9r\u00e9monie de&hellip;\n","protected":false},"author":2,"featured_media":676451,"comment_status":"","ping_status":"","sticky":false,"template":"","format":"standard","meta":{"footnotes":""},"categories":[1354],"tags":[650,58,33,59,1346,1011,27,1360,127,13487],"class_list":{"0":"post-676450","1":"post","2":"type-post","3":"status-publish","4":"format-standard","5":"has-post-thumbnail","7":"category-films","8":"tag-cinema","9":"tag-divertissement","10":"tag-economie","11":"tag-entertainment","12":"tag-films","13":"tag-fr","14":"tag-france","15":"tag-movies","16":"tag-netflix","17":"tag-plateau-du-neubourg"},"share_on_mastodon":{"url":"https:\/\/pubeurope.com\/@fr\/115926860181863158","error":""},"_links":{"self":[{"href":"https:\/\/www.europesays.com\/fr\/wp-json\/wp\/v2\/posts\/676450","targetHints":{"allow":["GET"]}}],"collection":[{"href":"https:\/\/www.europesays.com\/fr\/wp-json\/wp\/v2\/posts"}],"about":[{"href":"https:\/\/www.europesays.com\/fr\/wp-json\/wp\/v2\/types\/post"}],"author":[{"embeddable":true,"href":"https:\/\/www.europesays.com\/fr\/wp-json\/wp\/v2\/users\/2"}],"replies":[{"embeddable":true,"href":"https:\/\/www.europesays.com\/fr\/wp-json\/wp\/v2\/comments?post=676450"}],"version-history":[{"count":0,"href":"https:\/\/www.europesays.com\/fr\/wp-json\/wp\/v2\/posts\/676450\/revisions"}],"wp:featuredmedia":[{"embeddable":true,"href":"https:\/\/www.europesays.com\/fr\/wp-json\/wp\/v2\/media\/676451"}],"wp:attachment":[{"href":"https:\/\/www.europesays.com\/fr\/wp-json\/wp\/v2\/media?parent=676450"}],"wp:term":[{"taxonomy":"category","embeddable":true,"href":"https:\/\/www.europesays.com\/fr\/wp-json\/wp\/v2\/categories?post=676450"},{"taxonomy":"post_tag","embeddable":true,"href":"https:\/\/www.europesays.com\/fr\/wp-json\/wp\/v2\/tags?post=676450"}],"curies":[{"name":"wp","href":"https:\/\/api.w.org\/{rel}","templated":true}]}}