{"id":676586,"date":"2026-01-20T11:22:16","date_gmt":"2026-01-20T11:22:16","guid":{"rendered":"https:\/\/www.europesays.com\/fr\/676586\/"},"modified":"2026-01-20T11:22:16","modified_gmt":"2026-01-20T11:22:16","slug":"municipales-2026-qui-sont-les-candidats-a-saint-etienne","status":"publish","type":"post","link":"https:\/\/www.europesays.com\/fr\/676586\/","title":{"rendered":"Municipales 2026. Qui sont les candidats \u00e0 Saint-Etienne ?"},"content":{"rendered":"<p><img loading=\"lazy\" decoding=\"async\" alt=\"\u00a9 Fabrice Roure \/ L'Essor - Huit candidats sont entr\u00e9s en campagne pour s'installer \u00e0 la mairie de Saint-Etienne.\" data-zoom-src=\"https:\/\/www.europesays.com\/fr\/wp-content\/uploads\/2026\/01\/initial-mairie-de-saint-etienne-municipales-2026.jpg\" data-zoomable=\"\" height=\"702\" src=\"https:\/\/www.europesays.com\/fr\/wp-content\/uploads\/2026\/01\/initial-mairie-de-saint-etienne-municipales-2026.jpg\" width=\"1248\"\/>  <\/p>\n<p class=\"article-desc\">\u00a9 Fabrice Roure \/ L&rsquo;Essor &#8211; Huit candidats sont entr\u00e9s en campagne pour s&rsquo;installer \u00e0 la mairie de Saint-Etienne. <\/p>\n<p>Les <strong>\u00e9lections municipales 2026<\/strong> se d\u00e9rouleront les 15 et 22 mars prochains. \u00c0 <strong>Saint-\u00c9tienne<\/strong>, plusieurs candidats, aspirants au fauteuil de maire, sont d&rsquo;ores et d\u00e9j\u00e0 engag\u00e9s dans la course \u00e0 l&rsquo;\u00e9charpe tricolore. Le point sur les candidatures. <\/p>\n<p>Cet article sera actualis\u00e9 au fur et \u00e0 mesure des annonces.\u00a0 <\/p>\n<p>Municipales 2026 : les candidats \u00e0 la mairie de Saint-\u00c9tienne <\/p>\n<p><a href=\"https:\/\/mesinfos.fr\/42000-saint-etienne\/municipales-2026-romain-brossard-se-presente-a-nouveau-pour-lutte-ouvriere-a-saint-etienne-232865.html\" rel=\"noopener nofollow\" target=\"_blank\">Romain Brossard<\/a>, candidat Lutte ouvri\u00e8re. <\/p>\n<p><a href=\"https:\/\/mesinfos.fr\/42000-saint-etienne\/municipales-2026-marc-chassaubene-soutenu-par-jean-pierre-berger-et-gael-perdriau-238009.html\" rel=\"noopener nofollow\" target=\"_blank\">Marc Chassaub\u00e9n\u00e9<\/a>, actuel premier adjoint, candidat sans \u00e9tiquette, issu de la majorit\u00e9 sortante. <\/p>\n<p><a href=\"https:\/\/mesinfos.fr\/42000-saint-etienne\/dino-cinieri-candidat-aux-municipales-2026-a-saint-etienne-230024.html\" rel=\"noopener nofollow\" target=\"_blank\">Dino Cinieri<\/a>, ancien maire de Firminy, ex-d\u00e9put\u00e9, candidat du centre droit Les R\u00e9publicains. <\/p>\n<p><a href=\"https:\/\/mesinfos.fr\/42000-saint-etienne\/municipales-2026-corentin-jousserand-tete-de-liste-rn-a-saint-etienne-231031.html\" rel=\"noopener nofollow\" target=\"_blank\">Corentin Jousserand<\/a>, d\u00e9l\u00e9gu\u00e9 d\u00e9partemental du Rassemblement national, candidat du Rassemblement national. <\/p>\n<p><a href=\"https:\/\/mesinfos.fr\/42000-saint-etienne\/municipales-2026-regis-juanico-rassemble-les-communistes-et-les-ecologistes-a-saint-etienne-234072.html\" rel=\"noopener nofollow\" target=\"_blank\">R\u00e9gis Juanico<\/a>, ancien d\u00e9put\u00e9, candidat Socialiste avec une liste d&rsquo;union \u00e0 gauche (\u00e9cologistes et communistes). <\/p>\n<p><a href=\"https:\/\/mesinfos.fr\/42000-saint-etienne\/municipales-2026-siham-labich-candidate-sans-etiquette-a-saint-etienne-237506.html\" rel=\"noopener nofollow\" target=\"_blank\">Siham Labich<\/a>, actuelle deuxi\u00e8me adjointe, candidate sans \u00e9tiquette issue de la majorit\u00e9 sortante. <\/p>\n<p><a href=\"https:\/\/mesinfos.fr\/42000-saint-etienne\/municipales-2026-a-saint-etienne-eric-le-jaouen-est-officiellement-dans-la-course-216403.html\" rel=\"noopener nofollow\" target=\"_blank\">Eric Le Jaouen<\/a>, chef d&rsquo;entreprise, candidat Horizons. <\/p>\n<p class=\"title\"><a href=\"https:\/\/mesinfos.fr\/42000-saint-etienne\/municipales-2026-valentine-mercier-tete-la-liste-de-la-france-insoumise-a-saint-etienne-231636.html\" rel=\"noopener nofollow\" target=\"_blank\">Valentine Mercier<\/a> candidate La France insoumise \u00e0 Saint-\u00c9tienne.<\/p>\n","protected":false},"excerpt":{"rendered":"\u00a9 Fabrice Roure \/ L&rsquo;Essor &#8211; Huit candidats sont entr\u00e9s en campagne pour s&rsquo;installer \u00e0 la mairie de&hellip;\n","protected":false},"author":2,"featured_media":676587,"comment_status":"","ping_status":"","sticky":false,"template":"","format":"standard","meta":{"footnotes":"","_share_on_mastodon":"0"},"categories":[9653],"tags":[1111,11,2430,1777,674,1011,27,3434,12,25,4001,37919,15880],"class_list":["post-676586","post","type-post","status-publish","format-standard","has-post-thumbnail","category-saint-etienne","tag-actu","tag-actualites","tag-auvergne-rhone-alpes","tag-eu","tag-europe","tag-fr","tag-france","tag-municipales-2026","tag-news","tag-republique-francaise","tag-saint-etienne","tag-u00c9lections","tag-ville-de-saint-etienne"],"share_on_mastodon":{"url":"https:\/\/pubeurope.com\/@fr\/115927170835294069","error":""},"_links":{"self":[{"href":"https:\/\/www.europesays.com\/fr\/wp-json\/wp\/v2\/posts\/676586","targetHints":{"allow":["GET"]}}],"collection":[{"href":"https:\/\/www.europesays.com\/fr\/wp-json\/wp\/v2\/posts"}],"about":[{"href":"https:\/\/www.europesays.com\/fr\/wp-json\/wp\/v2\/types\/post"}],"author":[{"embeddable":true,"href":"https:\/\/www.europesays.com\/fr\/wp-json\/wp\/v2\/users\/2"}],"replies":[{"embeddable":true,"href":"https:\/\/www.europesays.com\/fr\/wp-json\/wp\/v2\/comments?post=676586"}],"version-history":[{"count":0,"href":"https:\/\/www.europesays.com\/fr\/wp-json\/wp\/v2\/posts\/676586\/revisions"}],"wp:featuredmedia":[{"embeddable":true,"href":"https:\/\/www.europesays.com\/fr\/wp-json\/wp\/v2\/media\/676587"}],"wp:attachment":[{"href":"https:\/\/www.europesays.com\/fr\/wp-json\/wp\/v2\/media?parent=676586"}],"wp:term":[{"taxonomy":"category","embeddable":true,"href":"https:\/\/www.europesays.com\/fr\/wp-json\/wp\/v2\/categories?post=676586"},{"taxonomy":"post_tag","embeddable":true,"href":"https:\/\/www.europesays.com\/fr\/wp-json\/wp\/v2\/tags?post=676586"}],"curies":[{"name":"wp","href":"https:\/\/api.w.org\/{rel}","templated":true}]}}