{"id":676592,"date":"2026-01-20T11:25:14","date_gmt":"2026-01-20T11:25:14","guid":{"rendered":"https:\/\/www.europesays.com\/fr\/676592\/"},"modified":"2026-01-20T11:25:14","modified_gmt":"2026-01-20T11:25:14","slug":"maga-sophro-yoga-a-toulon-un-espace-pour-souffler-et-se-recentrer","status":"publish","type":"post","link":"https:\/\/www.europesays.com\/fr\/676592\/","title":{"rendered":"Maga Sophro Yoga : \u00e0 Toulon, un espace pour souffler et se recentrer"},"content":{"rendered":"<p>\u00c0 Toulon, le long de la rivi\u00e8re des Amoureux, Maga Sophro Yoga propose une approche du bien-\u00eatre fond\u00e9e sur l\u2019\u00e9coute du corps et de la respiration. Dans un espace chaleureux et apaisant, Magali accompagne celles et ceux qui souhaitent ralentir, se recentrer et retrouver un \u00e9quilibre entre le corps et l\u2019esprit. Info83 est all\u00e9 \u00e0 sa rencontre.<\/p>\n<p>\u00a0<\/p>\n<p><img fetchpriority=\"high\" decoding=\"async\" class=\" wp-image-58410\" src=\"https:\/\/www.europesays.com\/fr\/wp-content\/uploads\/2026\/01\/MagA-Sophro-Yoga-HD.png\" alt=\"Maga Sophro Yoga_info83\" width=\"707\" height=\"387\"  \/>Un yoga ancr\u00e9 dans la r\u00e9alit\u00e9 du quotidien<\/p>\n<p>\u00a0<\/p>\n<p>Une reconversion guid\u00e9e par le besoin de sens<\/p>\n<p>Avant d\u2019ouvrir Maga Sophro Yoga, Magali exer\u00e7ait dans un univers professionnel \u00e9loign\u00e9 du bien-\u00eatre. Comme beaucoup, elle a connu une p\u00e9riode de questionnement, renforc\u00e9e par la crise sanitaire. Le Covid marque alors un tournant : celui d\u2019un changement de voie et d\u2019un engagement vers l\u2019accompagnement des personnes.<\/p>\n<p>Form\u00e9e \u00e0 la fois \u00e0 la sophrologie et \u00e0 diff\u00e9rentes pratiques de yoga, elle construit progressivement une approche personnelle, m\u00ealant travail corporel, souffle et conscience. Un parcours fond\u00e9 sur la formation, l\u2019exp\u00e9rience et une volont\u00e9 de transmettre autrement.<\/p>\n<p>Un yoga ancr\u00e9 dans la r\u00e9alit\u00e9 du quotidien<\/p>\n<p>Magali enseigne un yoga pens\u00e9 pour les personnes actives, celles qui travaillent, \u00e9l\u00e8vent une famille et disposent de peu de temps pour elles. Loin d\u2019une pratique r\u00e9serv\u00e9e aux asc\u00e8tes, ses cours s\u2019adaptent aux contraintes de la vie moderne.<\/p>\n<p>Les s\u00e9ances reposent sur le souffle, avec des postures tenues plus longuement afin de favoriser l\u2019ancrage et la pr\u00e9sence. Ici, pas de recherche de performance, mais une invitation \u00e0 l\u2019\u00e9coute du corps, dans une atmosph\u00e8re bienveillante et accessible \u00e0 tous.<\/p>\n<p>Ce que viennent chercher \u2014 et trouver \u2014 les \u00e9l\u00e8ves<\/p>\n<p>Les personnes qui franchissent la porte de <strong>Maga Sophro Yoga<\/strong> viennent pour des raisons diverses : stress, fatigue, tensions physiques ou simple besoin de faire une pause. Toutes trouvent un espace pour souffler et se reconnecter \u00e0 elles-m\u00eames.<\/p>\n<blockquote>\n<p>\u00ab Les personnes qui viennent ici ont surtout besoin de faire une pause, de souffler et de se recentrer dans un quotidien souvent tr\u00e8s charg\u00e9 \u00bb, explique-t-elle.<\/p>\n<\/blockquote>\n<p>Au fil des s\u00e9ances, Magali observe des \u00e9volutions progressives chez les pratiquants : une respiration plus calme, un corps plus d\u00e9tendu, mais aussi une attitude diff\u00e9rente dans le quotidien, marqu\u00e9e par davantage de s\u00e9r\u00e9nit\u00e9 et de pr\u00e9sence.<\/p>\n<p style=\"text-align: right;\">R\u00e9daction Marcel Trimboli<\/p>\n<p><strong>INFOS PRATIQUES<\/strong><\/p>\n<p><strong>Maga Sophro Yoga<\/strong><\/p>\n<p>74 Rue Amiral Nomy, 83000 Toulon<br \/>\ud83c\udf10 <a class=\"decorated-link\" href=\"http:\/\/www.maga-sophro-yoga.fr\" target=\"_new\" rel=\"noopener nofollow\" data-start=\"841\" data-end=\"864\">www.maga-sophro-yoga.fr<\/a><\/p>\n<p>\ud83d\udcde 06 16 54 14 21<\/p>\n<p><strong style=\"font-family: -apple-system, BlinkMacSystemFont, 'Segoe UI', Roboto, Oxygen-Sans, Ubuntu, Cantarell, 'Helvetica Neue', sans-serif;\">FAQ \u2013 FOIRE AUX QUESTIONS<\/strong><\/p>\n<ul>\n<li><strong>Qu\u2019est-ce que Maga Sophro Yoga ? <\/strong>Maga Sophro Yoga est un espace de bien-\u00eatre situ\u00e9 \u00e0 Toulon, o\u00f9 yoga et sophrologie sont associ\u00e9s pour favoriser le recentrage, la respiration et le rel\u00e2chement du corps.<\/li>\n<\/ul>\n<ul>\n<li><strong>\u00c0 qui s\u2019adressent les s\u00e9ances ? <\/strong>Les cours sont ouverts \u00e0 tous, y compris aux d\u00e9butants. Ils s\u2019adressent notamment aux personnes actives qui souhaitent prendre un temps pour elles et mieux g\u00e9rer le stress du quotidien.<\/li>\n<\/ul>\n<ul>\n<li><strong>Comment se d\u00e9roulent les s\u00e9ances ? <\/strong>Les s\u00e9ances sont centr\u00e9es sur le souffle, avec des postures tenues en douceur et des temps de relaxation. L\u2019objectif est l\u2019\u00e9coute du corps, sans recherche de performance.<\/li>\n<\/ul>\n<ul>\n<li><strong>Comment d\u00e9couvrir Maga Sophro Yoga \u00e0 Toulon ? <\/strong>Il est possible de participer \u00e0 une s\u00e9ance d\u2019essai gratuite. Les informations sont disponibles sur www.maga-sophro-yoga.fr<\/li>\n<\/ul>\n<p><strong>CE QU\u2019IL FAUT RETENIR<\/strong><\/p>\n<ul>\n<li>Maga Sophro Yoga est un espace d\u00e9di\u00e9 au bien-\u00eatre situ\u00e9 \u00e0 Toulon, le long de la rivi\u00e8re des Amoureux.<\/li>\n<li>Magali y propose une approche accessible associant yoga et sophrologie, centr\u00e9e sur le souffle et l\u2019\u00e9coute du corps.<\/li>\n<li>Les s\u00e9ances s\u2019adressent \u00e0 tous, notamment aux personnes actives souhaitant ralentir et se recentrer.<\/li>\n<li>Une s\u00e9ance d\u2019essai gratuite permet de d\u00e9couvrir la pratique.<\/li>\n<\/ul>\n<p><strong style=\"font-size: 1.25em; font-family: -apple-system, BlinkMacSystemFont, 'Segoe UI', Roboto, Oxygen-Sans, Ubuntu, Cantarell, 'Helvetica Neue', sans-serif;\">A lire aussi :<\/strong><\/p>\n<p><a href=\"https:\/\/www.info83.fr\/3-livres-pour-mieux-manger-vivre-la-menopause-et-retrouver-de-lenergie-avec-sophie-schaeffer\/\" target=\"_blank\" rel=\"noopener nofollow\">3 livres pour mieux manger, vivre la m\u00e9nopause et retrouver de l\u2019\u00e9nergie, avec Sophie Schaeffer<\/a><\/p>\n<p><strong><img decoding=\"async\" class=\"emoji\" role=\"img\" draggable=\"false\" src=\"https:\/\/s.w.org\/images\/core\/emoji\/13.1.0\/svg\/1f538.svg\" alt=\"\ud83d\udd38\" data-pin-no-hover=\"true\"\/>Info83, le Var proche de vous<br \/><\/strong><\/p>\n<p><img decoding=\"async\" class=\"emoji\" role=\"img\" draggable=\"false\" src=\"https:\/\/s.w.org\/images\/core\/emoji\/13.1.0\/svg\/27a1.svg\" alt=\"\u27a1\ufe0f\" data-pin-no-hover=\"true\"\/>\u00a0<a href=\"https:\/\/bit.ly\/2OZZMMK\" target=\"_blank\" rel=\"noopener noreferrer nofollow\">Facebook Info83<\/a><\/p>\n<p><img decoding=\"async\" class=\"emoji\" role=\"img\" draggable=\"false\" src=\"https:\/\/s.w.org\/images\/core\/emoji\/13.1.0\/svg\/27a1.svg\" alt=\"\u27a1\ufe0f\" data-pin-no-hover=\"true\"\/>\u00a0<a href=\"https:\/\/bit.ly\/2ONkTC9\" target=\"_blank\" rel=\"noopener noreferrer nofollow\">YouTube Info83<\/a><\/p>\n","protected":false},"excerpt":{"rendered":"\u00c0 Toulon, le long de la rivi\u00e8re des Amoureux, Maga Sophro Yoga propose une approche du bien-\u00eatre fond\u00e9e&hellip;\n","protected":false},"author":2,"featured_media":676593,"comment_status":"","ping_status":"","sticky":false,"template":"","format":"standard","meta":{"footnotes":"","_share_on_mastodon":"0"},"categories":[9619],"tags":[1111,11,4983,1777,674,1011,27,23763,12,882,25,77516,2310,7506,3366,4993],"class_list":["post-676592","post","type-post","status-publish","format-standard","has-post-thumbnail","category-toulon","tag-actu","tag-actualites","tag-bien-etre","tag-eu","tag-europe","tag-fr","tag-france","tag-info83","tag-news","tag-provence-alpes-cote-dazur","tag-republique-francaise","tag-sophrologie","tag-toulon","tag-var","tag-vie-locale","tag-yoga"],"share_on_mastodon":{"url":"https:\/\/pubeurope.com\/@fr\/115927182591829072","error":""},"_links":{"self":[{"href":"https:\/\/www.europesays.com\/fr\/wp-json\/wp\/v2\/posts\/676592","targetHints":{"allow":["GET"]}}],"collection":[{"href":"https:\/\/www.europesays.com\/fr\/wp-json\/wp\/v2\/posts"}],"about":[{"href":"https:\/\/www.europesays.com\/fr\/wp-json\/wp\/v2\/types\/post"}],"author":[{"embeddable":true,"href":"https:\/\/www.europesays.com\/fr\/wp-json\/wp\/v2\/users\/2"}],"replies":[{"embeddable":true,"href":"https:\/\/www.europesays.com\/fr\/wp-json\/wp\/v2\/comments?post=676592"}],"version-history":[{"count":0,"href":"https:\/\/www.europesays.com\/fr\/wp-json\/wp\/v2\/posts\/676592\/revisions"}],"wp:featuredmedia":[{"embeddable":true,"href":"https:\/\/www.europesays.com\/fr\/wp-json\/wp\/v2\/media\/676593"}],"wp:attachment":[{"href":"https:\/\/www.europesays.com\/fr\/wp-json\/wp\/v2\/media?parent=676592"}],"wp:term":[{"taxonomy":"category","embeddable":true,"href":"https:\/\/www.europesays.com\/fr\/wp-json\/wp\/v2\/categories?post=676592"},{"taxonomy":"post_tag","embeddable":true,"href":"https:\/\/www.europesays.com\/fr\/wp-json\/wp\/v2\/tags?post=676592"}],"curies":[{"name":"wp","href":"https:\/\/api.w.org\/{rel}","templated":true}]}}