{"id":67662,"date":"2025-05-01T20:03:10","date_gmt":"2025-05-01T20:03:10","guid":{"rendered":"https:\/\/www.europesays.com\/fr\/67662\/"},"modified":"2025-05-01T20:03:10","modified_gmt":"2025-05-01T20:03:10","slug":"5-a-6000-personnes-mobilisees-en-alsace","status":"publish","type":"post","link":"https:\/\/www.europesays.com\/fr\/67662\/","title":{"rendered":"5 \u00e0 6000 personnes mobilis\u00e9es en Alsace"},"content":{"rendered":"<p>\u00c0 Strasbourg la mobilisation a d\u00e9marr\u00e9 \u00e0 10\u00a0h, place Kl\u00e9ber. Sous un soleil de plomb qui donnait un peu plus d\u2019\u00e9clat aux multiples revendications.<\/p>\n<p>\u00ab\u00a0Cette manifestation intersyndicale r\u00e9pond \u00e0 un grand besoin de retrouver un peu de calme\u00a0\u00bb, indiquait, en t\u00eate de cort\u00e8ge, Laurent Feisthauer, le secr\u00e9taire d\u00e9partemental de la CGT. <\/p>\n<p>Illustrations avec les banderoles appelant \u00e0 \u00ab\u00a0la libre Palestine\u00a0\u00bb ou ces pancartes r\u00e9clamant la fin de la guerre en Ukraine. Mais derri\u00e8re ces messages de paix, \u00abl\u2019id\u00e9e est aussi de remettre le social sur le devant de la sc\u00e8ne avant de nouvelles mobilisations autour des retraites en juin prochain\u00a0\u00bb ajoute encore le syndicaliste. Ce large spectre militant a permis, selon les organisateurs, de r\u00e9unir 4\u00a0000 manifestants (le comptage de la police s\u2019\u00e9l\u00e8ve lui \u00e0 2900). Ce d\u00e9fil\u00e9 \u2013\u00a0une boucle de deux bonnes heures via notamment le quai des Bateliers et la place de la R\u00e9publique\u00a0\u2013 n\u2019a connu aucun d\u00e9rapage comme ont pu le constater ces quelques membres de l\u2019observatoire strasbourgeois des libert\u00e9s publiques. Cette \u00e9manation de la ligue des droits de l\u2019homme et du syndicat des avocats de France, dans une position tampon entre les forces de l\u2019ordre et les manifestants, veillait au grain.<\/p>\n<p>Ce jeudi \u00e0 Strasbourg, convergence des luttes rimait avec convergence des fl\u00fbtes, du nom d\u2019un collectif improvis\u00e9 qui a joyeusement anim\u00e9 cette d\u00e9ambulation du 1er -Mai. Si le muguet, dixit des revendeurs, n\u2019a pas fait recette, les boissons vendues devant le Palais universitaire par la kermesse des luttes, chaleur oblige, ont trouv\u00e9 preneurs.<\/p>\n<p>A Mulhouse, la traditionnelle manifestation du 1er -Mai s\u2019est \u00e9lanc\u00e9e depuis la place de la Bourse vers 10\u00a0h\u00a050, avec la CGT en t\u00eate de cort\u00e8ge. Symboliquement, ce sont des membres de la CGT cheminots travaillant au technicentre TER de Mulhouse (situ\u00e9 avenue de Riedisheim), et actuellement en gr\u00e8ve et en pleines n\u00e9gociations, qui ont port\u00e9 la banderole et ont men\u00e9 le cort\u00e8ge compos\u00e9 de plusieurs centaines de personnes. <\/p>\n<p>  Beaucoup de monde \u00e0 Mulhouse<\/p>\n<p>De 800 \u00e0 1200 selon les forces de l\u2019ordre, pr\u00e8s de 2000 selon les syndicats, dans tous les cas, la participation \u00e9tait en hausse par rapport \u00e0 l\u2019an pass\u00e9 (environ 800 manifestants). Le tout dans une ambiance l\u00e9g\u00e8re, malgr\u00e9 de fortes revendications de tous horizons. Les craintes d\u2019un monde de moins en moins paisible et les probl\u00e8mes sociaux nationaux, avec une forte pr\u00e9sence de retra\u00eet\u00e9s, figuraient en t\u00eate des revendications. A noter \u00e9galement une forte participation de la communaut\u00e9 kurde, avec au moins 400 repr\u00e9sentants, et une jeunesse de plus en plus impliqu\u00e9e, \u00e0 l\u2019image des membres du syndicat \u00e9tudiants CSTE (Communaut\u00e9 solidaire des terres de l\u2019Est). <\/p>\n<p>Aucun d\u00e9bordement n\u2019a \u00e9t\u00e9 \u00e0 d\u00e9plorer. A l\u2019arriv\u00e9e au parc Salvator vers midi, il flottait comme un air de vacances, entre m\u00e9t\u00e9o parfaite, buvette, petite restauration et animations. La CGT, le Parti communiste et le centre culturel des Alevis de Mulhouse tenaient notamment des stands. <\/p>\n<p>A Colmar, pr\u00e8s de 200 manifestants se sont r\u00e9unis \u00e0 la maison des syndicats, rue de Turenne \u00e0 Colmar, ce jeudi \u00e0 10h, pour le d\u00e9fil\u00e9 du 1er -Mai.<\/p>\n<p>Le cort\u00e8ge a parcouru les rues de la cit\u00e9 Bartholdi apr\u00e8s les discours des repr\u00e9sentants des syndicats.<\/p>\n<p class=\"note\">A Strasbourg, la statue du g\u00e9n\u00e9ral Kl\u00e9ber a \u00e9t\u00e9 recouverte de quelques tags en faveur de la lib\u00e9ration de la Palestine. <\/p>\n","protected":false},"excerpt":{"rendered":"\u00c0 Strasbourg la mobilisation a d\u00e9marr\u00e9 \u00e0 10\u00a0h, place Kl\u00e9ber. Sous un soleil de plomb qui donnait un&hellip;\n","protected":false},"author":2,"featured_media":67663,"comment_status":"","ping_status":"","sticky":false,"template":"","format":"standard","meta":{"footnotes":""},"categories":[2820],"tags":[1111,11,2389,2649,2880,1777,674,107,1011,27,775,12,25,104,640,2879],"class_list":{"0":"post-67662","1":"post","2":"type-post","3":"status-publish","4":"format-standard","5":"has-post-thumbnail","7":"category-strasbourg","8":"tag-actu","9":"tag-actualites","10":"tag-alsace","11":"tag-bas-rhin","12":"tag-edition-strasbourg","13":"tag-eu","14":"tag-europe","15":"tag-fil-info","16":"tag-fr","17":"tag-france","18":"tag-grand-est","19":"tag-news","20":"tag-republique-francaise","21":"tag-societe","22":"tag-strasbourg","23":"tag-strasbourg-ville"},"share_on_mastodon":{"url":"https:\/\/pubeurope.com\/@fr\/114434369408726561","error":""},"_links":{"self":[{"href":"https:\/\/www.europesays.com\/fr\/wp-json\/wp\/v2\/posts\/67662","targetHints":{"allow":["GET"]}}],"collection":[{"href":"https:\/\/www.europesays.com\/fr\/wp-json\/wp\/v2\/posts"}],"about":[{"href":"https:\/\/www.europesays.com\/fr\/wp-json\/wp\/v2\/types\/post"}],"author":[{"embeddable":true,"href":"https:\/\/www.europesays.com\/fr\/wp-json\/wp\/v2\/users\/2"}],"replies":[{"embeddable":true,"href":"https:\/\/www.europesays.com\/fr\/wp-json\/wp\/v2\/comments?post=67662"}],"version-history":[{"count":0,"href":"https:\/\/www.europesays.com\/fr\/wp-json\/wp\/v2\/posts\/67662\/revisions"}],"wp:featuredmedia":[{"embeddable":true,"href":"https:\/\/www.europesays.com\/fr\/wp-json\/wp\/v2\/media\/67663"}],"wp:attachment":[{"href":"https:\/\/www.europesays.com\/fr\/wp-json\/wp\/v2\/media?parent=67662"}],"wp:term":[{"taxonomy":"category","embeddable":true,"href":"https:\/\/www.europesays.com\/fr\/wp-json\/wp\/v2\/categories?post=67662"},{"taxonomy":"post_tag","embeddable":true,"href":"https:\/\/www.europesays.com\/fr\/wp-json\/wp\/v2\/tags?post=67662"}],"curies":[{"name":"wp","href":"https:\/\/api.w.org\/{rel}","templated":true}]}}