{"id":676635,"date":"2026-01-20T11:48:12","date_gmt":"2026-01-20T11:48:12","guid":{"rendered":"https:\/\/www.europesays.com\/fr\/676635\/"},"modified":"2026-01-20T11:48:12","modified_gmt":"2026-01-20T11:48:12","slug":"de-nouvelles-opportunites-a-lhorizon","status":"publish","type":"post","link":"https:\/\/www.europesays.com\/fr\/676635\/","title":{"rendered":"de nouvelles opportunit\u00e9s \u00e0 l&rsquo;horizon"},"content":{"rendered":"<p class=\"rev-margin-0 rev-text-xs-normal\">Le salon Euromaritime, une vitrine des innovations du secteur.<\/p>\n<p class=\"rev-margin-0 rev-text-xs-bold\">\/ PHOTO EUROMARITIME- CIANCI<\/p>\n<p>Le Salon Euromaritime revient pour sa quatri\u00e8me \u00e9dition. Cet <a href=\"https:\/\/www.laprovence.com\/article\/economie\/42752927914697\/a-marseille-la-nouvelle-edition-du-salon-euromaritime-est-plus-tournee-vers-lafrique\" target=\"_blank\" rel=\"noopener\">\u00e9v\u00e9nement de r\u00e9f\u00e9rence<\/a> des acteurs publics et priv\u00e9s de la fili\u00e8re maritime sera cette ann\u00e9e sous le signe de la pr\u00e9servation de l&rsquo;\u00e9cosyst\u00e8me. Il sera ainsi une vitrine des innovations concr\u00e8tes port\u00e9es par les industriels de l&rsquo;\u00e9conomie de la mer, pierre angulaire de la dynamique de Sogena, soci\u00e9t\u00e9 organisatrice. Sabrina Jonas, commissaire g\u00e9n\u00e9rale d&rsquo;Euromaritime, insiste : \u00ab\u00a0On a tr\u00e8s r\u00e9guli\u00e8rement des nouvelles technologies pr\u00e9sent\u00e9es au Salon.\u00a0\u00bb<\/p>\n<p><img alt=\"Le salon Euromaritime, un rendez-vous pour les professionnels de l'\u00e9conomie marine.\" loading=\"lazy\" decoding=\"async\" data-nimg=\"fill\" class=\" TwicCore_img__i9TC1 undefined  undefined\" style=\"position:absolute;height:100%;width:100%;left:0;top:0;right:0;bottom:0;color:transparent;background-size:cover;background-position:50% 50%;background-repeat:no-repeat;background-image:url(&quot;data:image\/svg+xml;charset=utf-8,%3Csvg xmlns='http:\/\/www.w3.org\/2000\/svg' %3E%3Cfilter id='b' color-interpolation-filters='sRGB'%3E%3CfeGaussianBlur stdDeviation='20'\/%3E%3CfeColorMatrix values='1 0 0 0 0 0 1 0 0 0 0 0 1 0 0 0 0 0 100 -1' result='s'\/%3E%3CfeFlood x='0' y='0' width='100%25' height='100%25'\/%3E%3CfeComposite operator='out' in='s'\/%3E%3CfeComposite in2='SourceGraphic'\/%3E%3CfeGaussianBlur stdDeviation='20'\/%3E%3C\/filter%3E%3Cimage width='100%25' height='100%25' x='0' y='0' preserveAspectRatio='none' style='filter: url(%23b);' href='data:image\/webp;base64,UklGRjYDAABXRUJQVlA4ICoDAABwOwCdASpYAjMBPkkkkEYipC2hIHHIYbAJCWlu4XY+BNqD18Y8NfsAGklspy5cuXLly5cuXLly5cuXLly5cuXLly5cuXLly5cuXLly5cuXLly5cuXLly5cuXLly5cuXLly5cuXLly5cuXLly5cuXLly5cOmSMpCYAqxrZTly5cuXLlb+kGzWSu8K3E1y5cuXLly5cuXLly586rC9hJ59veBEwBVjWynLly5cuXLug2VFzeerXpFBoE1DzVqRnK9boVWdU5uGOkJgCrGtlOXLl3LvfxUZpxwRcmsj79wb4EbKlE\/r22O42hBnpQFwx0hMAVY1spy4YzRxqGxu6c2HW2qsf0YBKFRSEwBVjWynLly5cuaOzYEbNk92seqt0qoLUhMAVY1spy5crUBhXE756j\/F5H4PuLhYztBdg85f1XvYrGtlOXLly5cuXLly8BqjFLIyVJAdajjWODMD9LlVAXDHSEwBVjWynLly9tbE8pMCyjcR7xcMdITAFWNbKcuXLly+D+fa3VF4N6KxrZTly5cuXLly5cuXLly5cuXLly5cuXLly5cuXLly5cuXLly5cuXLly5cuXLly5cuXLly5cuXLly5cuXLly5cuXLly5cuXLly5cuXLly5cuXLly5cuXLhAAAP7\/oF7\/uk\/U\/0X960XRsIAEB2AAAAAAN70kr1HHyAOX3hkoohV27A67FGK7ZDJxBrJxh4Ojbr\/WDeEfz\/7o3pHj59TQ8XGsQUhr3sN7hFK2Jryx8ktgST6T5ReQQ3\/8iFy18d24oI\/ehYDZRlXUy0Kupe8Eo1oGLy7EtnzszCA7wOSYi2TuBOTEajrI03t4X5RtPEfwApDODep6IxUiWEqwc10ClsN9PiXJYP\/ftxQ4kB\/fvVojv0hPD+UslrCvnBMHKjiIKuNWc2UVssi9Sc7OFkej4bXkVzuyn3wK6aai9cjlMoDj0aFvX1cABgc2Kb52QF9UStQKG7NBnYzqQyNQam2c8hYLfhjPkZw8Wtbagqpsowi5hfki1bc1bmdFsUiBCz012jpiep8diCSRABf4vizRKv35xIIAoAAAAAAAAAAAAAA='\/%3E%3C\/svg%3E&quot;)\"   src=\"https:\/\/www.europesays.com\/fr\/wp-content\/uploads\/2026\/01\/le-salon-euromaritime-un-rendez-vous-pour-les-professionnels-de-l-economie-marine-1768906732_1ebc6df.jpeg\"\/>Le salon Euromaritime, un rendez-vous pour les professionnels de l&rsquo;\u00e9conomie marine. \/ PHOTO Alain CIANCI<\/p>\n<p>Avant d&rsquo;encourager les acteurs \u00e9conomiques locaux du secteur \u00e0 venir \u00e9changer avec les quelque 300 professionnels pr\u00e9sents, dont \u00ab\u00a080\u00a0% sont des PME\u00a0\u00bb. Le Salon offre \u00e9galement une opportunit\u00e9 pour les entreprises int\u00e9ress\u00e9es par l&rsquo;export, avec la repr\u00e9sentation de vingt-cinq pays diff\u00e9rents.\u00a0<\/p>\n<p>Du 3 au 5 f\u00e9vrier au palais des Ev\u00e9nements et palais de la M\u00e9diterran\u00e9e, Parc Chanot. R\u00e9serv\u00e9 aux professionnels du domaine, interdit aux visiteurs de moins de 18 ans. Les \u00e9tudiants majeurs peuvent s&rsquo;inscrire gratuitement sur pr\u00e9sentation d&rsquo;un justificatif scolaire. Pr\u00e9-enregistrement fortement conseill\u00e9. Badge visiteur en vente (de 70 \u00e0 120 \u20ac) sur le site euromaritime.fr. Il reste encore des places pour de nouveaux exposants. Infos et inscriptions sur le site.<\/p>\n","protected":false},"excerpt":{"rendered":"Le salon Euromaritime, une vitrine des innovations du secteur. \/ PHOTO EUROMARITIME- CIANCI Le Salon Euromaritime revient pour&hellip;\n","protected":false},"author":2,"featured_media":676636,"comment_status":"","ping_status":"","sticky":false,"template":"","format":"standard","meta":{"footnotes":""},"categories":[2814],"tags":[5734,1111,11,1777,34878,674,54175,1011,27,49179,884,12,1113,77003,882,16,25,6290],"class_list":{"0":"post-676635","1":"post","2":"type-post","3":"status-publish","4":"format-standard","5":"has-post-thumbnail","7":"category-marseille","8":"tag-5734","9":"tag-actu","10":"tag-actualites","11":"tag-eu","12":"tag-euromaritime","13":"tag-europe","14":"tag-fevrier","15":"tag-fr","16":"tag-france","17":"tag-lhorizon","18":"tag-marseille","19":"tag-news","20":"tag-nouvelles","21":"tag-opportunites","22":"tag-provence-alpes-cote-dazur","23":"tag-region","24":"tag-republique-francaise","25":"tag-salon"},"share_on_mastodon":{"url":"https:\/\/pubeurope.com\/@fr\/115927272969643368","error":""},"_links":{"self":[{"href":"https:\/\/www.europesays.com\/fr\/wp-json\/wp\/v2\/posts\/676635","targetHints":{"allow":["GET"]}}],"collection":[{"href":"https:\/\/www.europesays.com\/fr\/wp-json\/wp\/v2\/posts"}],"about":[{"href":"https:\/\/www.europesays.com\/fr\/wp-json\/wp\/v2\/types\/post"}],"author":[{"embeddable":true,"href":"https:\/\/www.europesays.com\/fr\/wp-json\/wp\/v2\/users\/2"}],"replies":[{"embeddable":true,"href":"https:\/\/www.europesays.com\/fr\/wp-json\/wp\/v2\/comments?post=676635"}],"version-history":[{"count":0,"href":"https:\/\/www.europesays.com\/fr\/wp-json\/wp\/v2\/posts\/676635\/revisions"}],"wp:featuredmedia":[{"embeddable":true,"href":"https:\/\/www.europesays.com\/fr\/wp-json\/wp\/v2\/media\/676636"}],"wp:attachment":[{"href":"https:\/\/www.europesays.com\/fr\/wp-json\/wp\/v2\/media?parent=676635"}],"wp:term":[{"taxonomy":"category","embeddable":true,"href":"https:\/\/www.europesays.com\/fr\/wp-json\/wp\/v2\/categories?post=676635"},{"taxonomy":"post_tag","embeddable":true,"href":"https:\/\/www.europesays.com\/fr\/wp-json\/wp\/v2\/tags?post=676635"}],"curies":[{"name":"wp","href":"https:\/\/api.w.org\/{rel}","templated":true}]}}