{"id":676690,"date":"2026-01-20T12:23:11","date_gmt":"2026-01-20T12:23:11","guid":{"rendered":"https:\/\/www.europesays.com\/fr\/676690\/"},"modified":"2026-01-20T12:23:11","modified_gmt":"2026-01-20T12:23:11","slug":"les-3-signes-qui-ressentent-la-morosite-hivernale-plus-intensement-que-les-autres","status":"publish","type":"post","link":"https:\/\/www.europesays.com\/fr\/676690\/","title":{"rendered":"les 3 signes qui ressentent la morosit\u00e9 hivernale plus intens\u00e9ment que les autres"},"content":{"rendered":"<p>Janvier 2026 : pourquoi la<br \/>\nmorosit\u00e9 hivernale atteint son pic \u00e9motionnel<\/p>\n<p data-start=\"492\" data-end=\"878\">\u00c0 la mi-janvier, le constat est<br \/>\nquasi universel. Les f\u00eates sont loin, les r\u00e9solutions<br \/>\ns\u2019essoufflent, la lumi\u00e8re manque encore cruellement. Selon<br \/>\nM\u00e9t\u00e9o-France, la dur\u00e9e moyenne d\u2019ensoleillement reste inf\u00e9rieure \u00e0<br \/>\n2 heures par jour dans de nombreuses r\u00e9gions, tandis que Sant\u00e9<br \/>\npublique France rappelle que l\u2019hiver concentre le plus fort niveau<br \/>\nde fatigue d\u00e9clar\u00e9e chez les adultes actifs.<\/p>\n<p data-start=\"880\" data-end=\"1367\">Les neurosciences confirment ce<br \/>\nressenti. Le manque de lumi\u00e8re perturbe l\u2019horloge biologique,<br \/>\nralentit la production de s\u00e9rotonine et prolonge la s\u00e9cr\u00e9tion de<br \/>\nm\u00e9latonine, l\u2019hormone du sommeil. R\u00e9sultat : baisse d\u2019\u00e9nergie,<br \/>\nmoral fragile, motivation en berne. Si tout le monde est concern\u00e9,<br \/>\ncertaines personnalit\u00e9s y sont bien plus sensibles. L\u2019astrologie,<br \/>\nutilis\u00e9e ici comme grille de lecture \u00e9motionnelle, met en lumi\u00e8re<br \/>\ntrois profils particuli\u00e8rement expos\u00e9s \u00e0 cette morosit\u00e9<br \/>\nhivernale.<\/p>\n<p>Ces 3 signes qui vivent<br \/>\njanvier plus intens\u00e9ment que les autres<\/p>\n<p data-start=\"1442\" data-end=\"1694\">Certains signes ressentent<br \/>\nl\u2019hiver comme une simple parenth\u00e8se, d\u2019autres comme une v\u00e9ritable<br \/>\n\u00e9preuve int\u00e9rieure. Leur sensibilit\u00e9 \u00e9motionnelle, leur rapport au<br \/>\ntemps et leur fonctionnement psychique les rendent plus perm\u00e9ables<br \/>\n\u00e0 la fatigue saisonni\u00e8re.<\/p>\n<ul data-start=\"1696\" data-end=\"2232\">\n<li data-start=\"1696\" data-end=\"1880\">\n<p data-start=\"1698\" data-end=\"1880\"><strong data-start=\"1698\" data-end=\"1708\">Cancer<\/strong> : tr\u00e8s connect\u00e9 aux cycles<br \/>\nnaturels, il ressent de plein fouet la baisse de lumi\u00e8re et le<br \/>\nrepli social. Janvier accentue chez lui la nostalgie et le besoin<br \/>\nde r\u00e9assurance.<\/p>\n<\/li>\n<li data-start=\"1881\" data-end=\"2054\">\n<p data-start=\"1883\" data-end=\"2054\"><strong data-start=\"1883\" data-end=\"1895\">Poissons<\/strong> : hypersensible \u00e0 l\u2019ambiance<br \/>\ncollective, il absorbe la morosit\u00e9 ambiante, ce qui peut g\u00e9n\u00e9rer<br \/>\nune fatigue mentale diffuse et une perte de rep\u00e8res<br \/>\n\u00e9motionnels.<\/p>\n<\/li>\n<li data-start=\"2055\" data-end=\"2232\">\n<p data-start=\"2057\" data-end=\"2232\"><strong data-start=\"2057\" data-end=\"2071\">Capricorne<\/strong> : paradoxalement, ce signe<br \/>\nd\u2019hiver se met une pression accrue en janvier. Le ralentissement<br \/>\ng\u00e9n\u00e9ral renforce son sentiment de lourdeur et d\u2019exigence<br \/>\nint\u00e9rieure.<\/p>\n<\/li>\n<\/ul>\n<p data-start=\"2234\" data-end=\"2370\">Ces profils ne sont pas \u201cplus<br \/>\nfaibles\u201d, mais plus r\u00e9actifs aux variations saisonni\u00e8res, un<br \/>\nph\u00e9nom\u00e8ne largement document\u00e9 en psychologie.<\/p>\n<p>Ce que dit la science sur la<br \/>\nfatigue \u00e9motionnelle hivernale<\/p>\n<p data-start=\"2441\" data-end=\"2761\">L\u2019Inserm estime qu\u2019environ<br \/>\n<strong data-start=\"2468\" data-end=\"2494\">15 \u00e0 20 % des<br \/>\nFran\u00e7ais<\/strong> ressentent une baisse significative de moral en<br \/>\nhiver, tandis que <strong data-start=\"2561\" data-end=\"2572\">4 \u00e0 6<br \/>\n%<\/strong> souffrent d\u2019un trouble affectif saisonnier caract\u00e9ris\u00e9.<br \/>\nCe dernier se manifeste par une fatigue persistante, une<br \/>\nhypersomnie, une perte d\u2019\u00e9lan et une humeur d\u00e9pressive r\u00e9currente<br \/>\nen hiver.<\/p>\n<p data-start=\"2763\" data-end=\"3106\">Les \u00e9tudes montrent que les<br \/>\npersonnes sensibles aux \u00e9motions, \u00e0 l\u2019introspection ou \u00e0 la charge<br \/>\nmentale sont plus vuln\u00e9rables. Une publication de l\u2019Organisation<br \/>\nmondiale de la sant\u00e9 souligne que la combinaison manque de lumi\u00e8re<br \/>\n+ isolement social + pression de performance en d\u00e9but d\u2019ann\u00e9e<br \/>\nconstitue un terrain propice \u00e0 l\u2019\u00e9puisement psychique.<\/p>\n<p data-start=\"3108\" data-end=\"3273\">Autrement dit, janvier 2026 ne<br \/>\np\u00e8se pas uniquement \u00e0 cause du froid. Il agit comme un r\u00e9v\u00e9lateur<br \/>\nde fragilit\u00e9s d\u00e9j\u00e0 pr\u00e9sentes, amplifi\u00e9es par le contexte<br \/>\nsaisonnier.<\/p>\n<p>Transformer la morosit\u00e9 de janvier en phase de r\u00e9ajustement<\/p>\n<p data-start=\"3344\" data-end=\"3609\">La tentation est grande de<br \/>\nlutter contre cette baisse d\u2019\u00e9nergie, alors que la strat\u00e9gie la<br \/>\nplus efficace consiste souvent \u00e0 l\u2019accompagner. Les sp\u00e9cialistes<br \/>\nrecommandent d\u2019adapter son rythme plut\u00f4t que de s\u2019y opposer<br \/>\nfrontalement, surtout pour les profils sensibles.<\/p>\n<p data-start=\"3611\" data-end=\"3929\">Exposition quotidienne \u00e0 la<br \/>\nlumi\u00e8re naturelle, activit\u00e9 physique douce, r\u00e9duction de la charge<br \/>\nmentale et acceptation du ralentissement font partie des leviers<br \/>\nvalid\u00e9s. Sant\u00e9 publique France rappelle qu\u2019une marche de 30 minutes<br \/>\nen ext\u00e9rieur, m\u00eame par temps couvert, am\u00e9liore significativement<br \/>\nl\u2019humeur et la vigilance.<\/p>\n<p data-start=\"3931\" data-end=\"4235\" data-is-last-node=\"\" data-is-only-node=\"\">Pour les signes les plus touch\u00e9s, janvier<br \/>\nn\u2019est pas une p\u00e9riode \u00e0 \u201cr\u00e9ussir\u201d, mais \u00e0 traverser intelligemment.<br \/>\nCette phase de morosit\u00e9 peut devenir un sas de transition, un<br \/>\nmoment de recentrage avant le regain d\u2019\u00e9nergie progressif observ\u00e9<br \/>\nd\u00e8s f\u00e9vrier. L\u2019hiver n\u2019est pas un \u00e9chec, c\u2019est un tempo<br \/>\ndiff\u00e9rent.<\/p>\n","protected":false},"excerpt":{"rendered":"Janvier 2026 : pourquoi la morosit\u00e9 hivernale atteint son pic \u00e9motionnel \u00c0 la mi-janvier, le constat est quasi&hellip;\n","protected":false},"author":2,"featured_media":676691,"comment_status":"","ping_status":"","sticky":false,"template":"","format":"standard","meta":{"footnotes":""},"categories":[10],"tags":[19020,158,49037,1011,27,72,66647,77520,4743,151,77519,378,746,3583,74879,71,44863],"class_list":{"0":"post-676690","1":"post","2":"type-post","3":"status-publish","4":"format-standard","5":"has-post-thumbnail","7":"category-sante","8":"tag-19020","9":"tag-astro","10":"tag-autres","11":"tag-fr","12":"tag-france","13":"tag-health","14":"tag-hivernale","15":"tag-intensement","16":"tag-la","17":"tag-les","18":"tag-morosite","19":"tag-plus","20":"tag-que","21":"tag-qui","22":"tag-ressentent","23":"tag-sante","24":"tag-signes"},"share_on_mastodon":{"url":"https:\/\/pubeurope.com\/@fr\/115927410550823060","error":""},"_links":{"self":[{"href":"https:\/\/www.europesays.com\/fr\/wp-json\/wp\/v2\/posts\/676690","targetHints":{"allow":["GET"]}}],"collection":[{"href":"https:\/\/www.europesays.com\/fr\/wp-json\/wp\/v2\/posts"}],"about":[{"href":"https:\/\/www.europesays.com\/fr\/wp-json\/wp\/v2\/types\/post"}],"author":[{"embeddable":true,"href":"https:\/\/www.europesays.com\/fr\/wp-json\/wp\/v2\/users\/2"}],"replies":[{"embeddable":true,"href":"https:\/\/www.europesays.com\/fr\/wp-json\/wp\/v2\/comments?post=676690"}],"version-history":[{"count":0,"href":"https:\/\/www.europesays.com\/fr\/wp-json\/wp\/v2\/posts\/676690\/revisions"}],"wp:featuredmedia":[{"embeddable":true,"href":"https:\/\/www.europesays.com\/fr\/wp-json\/wp\/v2\/media\/676691"}],"wp:attachment":[{"href":"https:\/\/www.europesays.com\/fr\/wp-json\/wp\/v2\/media?parent=676690"}],"wp:term":[{"taxonomy":"category","embeddable":true,"href":"https:\/\/www.europesays.com\/fr\/wp-json\/wp\/v2\/categories?post=676690"},{"taxonomy":"post_tag","embeddable":true,"href":"https:\/\/www.europesays.com\/fr\/wp-json\/wp\/v2\/tags?post=676690"}],"curies":[{"name":"wp","href":"https:\/\/api.w.org\/{rel}","templated":true}]}}