{"id":67670,"date":"2025-05-01T20:07:10","date_gmt":"2025-05-01T20:07:10","guid":{"rendered":"https:\/\/www.europesays.com\/fr\/67670\/"},"modified":"2025-05-01T20:07:10","modified_gmt":"2025-05-01T20:07:10","slug":"municipales-2026-le-parti-dedouard-philippe-organise-ses-troupes-2","status":"publish","type":"post","link":"https:\/\/www.europesays.com\/fr\/67670\/","title":{"rendered":"Municipales 2026\u00a0: le parti d\u2019\u00c9douard Philippe organise ses troupes"},"content":{"rendered":"<p>Mardi 29\u00a0avril, le bureau politique d\u2019Horizons, a d\u00e9sign\u00e9 ses cent premiers <strong> chefs de file<\/strong>\u00a0\u00bb pour pr\u00e9parer les \u00e9lections municipales de 2026 dans les villes de plus de 30\u00a0000\u00a0habitants. <strong> Dans leurs communes respectives, les chefs de file repr\u00e9senteront Horizons et d\u00e9ploieront la strat\u00e9gie du parti pour pr\u00e9parer les \u00e9lections municipales<\/strong>\u00a0\u00bb, pr\u00e9cise la formation politique pr\u00e9sid\u00e9e par \u00c9douard Philippe.\u00a0La commission nationale d\u2019investiture d\u2019Horizons, pr\u00e9sid\u00e9e par Christelle Moran\u00e7ais, sera charg\u00e9e dans un second temps d\u2019investir les candidats aux \u00e9lections municipales pr\u00e9sent\u00e9es comme <strong> une priorit\u00e9 absolue pour les douze prochains mois <\/strong> .<\/p>\n<p>Sans surprise, Guillaume Richard \u00e0 Nantes<\/p>\n<p>\u00c0 ce jour, il ne s\u2019agit donc pas encore de d\u00e9signation de t\u00eates de liste. Ces <strong> chefs de file<\/strong>\u00a0\u00bb auront pour mission <strong> de dialoguer avec nos partenaires naturels de la droite et du centre afin de b\u00e2tir un projet local ambitieux <\/strong> . <strong> Nous avons confiance en toutes celles et tous ceux qui figurent sur cette liste pour faire en sorte que l\u2019union des d\u00e9mocrates, la primaut\u00e9 de la libert\u00e9, l\u2019\u00e9cologie de progr\u00e8s et la gestion publique rigoureuse ne soient pas de vains mots, mais se traduisent en propositions concr\u00e8tes dans leurs communes<\/strong>\u00a0\u00bb, a soulign\u00e9 la pr\u00e9sidente de la R\u00e9gion des Pays de la Loire Christelle Moran\u00e7ais.<\/p>\n<p>En Loire-Atlantique, quatre \u00e9lus se sont vus officiellement charger de cette t\u00e2che\u00a0: <a href=\"https:\/\/nantes.maville.com\/actu\/actudet_-municipales-2026.-l-union-de-l-opposition-droite-et-macroniste-est-loin-d-etre-scellee-a-nantes-_8-6669015_actu.Htm\" target=\"_self\" rel=\"noopener\">Guillaume Richard (conseiller municipal d\u2019opposition) \u00e0 Nantes,<\/a> Ludwig Magueur \u00e0 Rez\u00e9, Alexandra Jacquet (conseill\u00e8re municipale d\u2019opposition) \u00e0 Saint-Herblain et Denis Ch\u00e9reau \u00e0 Saint-Nazaire.<\/p>\n<p>\u00a0<\/p>\n","protected":false},"excerpt":{"rendered":"Mardi 29\u00a0avril, le bureau politique d\u2019Horizons, a d\u00e9sign\u00e9 ses cent premiers chefs de file\u00a0\u00bb pour pr\u00e9parer les \u00e9lections&hellip;\n","protected":false},"author":2,"featured_media":67432,"comment_status":"","ping_status":"","sticky":false,"template":"","format":"standard","meta":{"footnotes":""},"categories":[2818],"tags":[5734,1111,11,16832,1777,674,1011,27,3554,766,12,9271,13695,2636,6284,25,16833],"class_list":{"0":"post-67670","1":"post","2":"type-post","3":"status-publish","4":"format-standard","5":"has-post-thumbnail","7":"category-nantes","8":"tag-5734","9":"tag-actu","10":"tag-actualites","11":"tag-edouard","12":"tag-eu","13":"tag-europe","14":"tag-fr","15":"tag-france","16":"tag-municipales","17":"tag-nantes","18":"tag-news","19":"tag-organise","20":"tag-parti","21":"tag-pays-de-la-loire","22":"tag-philippe","23":"tag-republique-francaise","24":"tag-troupes"},"share_on_mastodon":{"url":"https:\/\/pubeurope.com\/@fr\/114434385191120490","error":""},"_links":{"self":[{"href":"https:\/\/www.europesays.com\/fr\/wp-json\/wp\/v2\/posts\/67670","targetHints":{"allow":["GET"]}}],"collection":[{"href":"https:\/\/www.europesays.com\/fr\/wp-json\/wp\/v2\/posts"}],"about":[{"href":"https:\/\/www.europesays.com\/fr\/wp-json\/wp\/v2\/types\/post"}],"author":[{"embeddable":true,"href":"https:\/\/www.europesays.com\/fr\/wp-json\/wp\/v2\/users\/2"}],"replies":[{"embeddable":true,"href":"https:\/\/www.europesays.com\/fr\/wp-json\/wp\/v2\/comments?post=67670"}],"version-history":[{"count":0,"href":"https:\/\/www.europesays.com\/fr\/wp-json\/wp\/v2\/posts\/67670\/revisions"}],"wp:featuredmedia":[{"embeddable":true,"href":"https:\/\/www.europesays.com\/fr\/wp-json\/wp\/v2\/media\/67432"}],"wp:attachment":[{"href":"https:\/\/www.europesays.com\/fr\/wp-json\/wp\/v2\/media?parent=67670"}],"wp:term":[{"taxonomy":"category","embeddable":true,"href":"https:\/\/www.europesays.com\/fr\/wp-json\/wp\/v2\/categories?post=67670"},{"taxonomy":"post_tag","embeddable":true,"href":"https:\/\/www.europesays.com\/fr\/wp-json\/wp\/v2\/tags?post=67670"}],"curies":[{"name":"wp","href":"https:\/\/api.w.org\/{rel}","templated":true}]}}