{"id":676716,"date":"2026-01-20T12:36:13","date_gmt":"2026-01-20T12:36:13","guid":{"rendered":"https:\/\/www.europesays.com\/fr\/676716\/"},"modified":"2026-01-20T12:36:13","modified_gmt":"2026-01-20T12:36:13","slug":"toulon-oenotourisme-des-lectures-a-la-bougie-au-coeur-des-domaines-viticoles","status":"publish","type":"post","link":"https:\/\/www.europesays.com\/fr\/676716\/","title":{"rendered":"TOULON : \u0152notourisme &#8211; Des lectures \u00e0 la bougie au c\u0153ur des domaines viticoles"},"content":{"rendered":"<p style=\"text-align: left;\"><strong>Pour les Nuits de la Lecture 2026, les vignerons de Var-Alpes-Corse transforment leurs chais en lieux de contes \u00e0 la bougie du 21 au 25 janvier.<\/strong><\/p>\n<p style=\"text-align: left;\">C\u2019est une rencontre singuli\u00e8re entre la litt\u00e9rature et le terroir qui s\u2019annonce dans le Sud de la France. Pour la deuxi\u00e8me ann\u00e9e cons\u00e9cutive, la F\u00e9d\u00e9ration des Vignerons Ind\u00e9pendants de Var-Alpes-Corse participe activement aux Nuits de la Lecture, un \u00e9v\u00e9nement national orchestr\u00e9 par le minist\u00e8re de la Culture et le Centre National du Livre. Sous la banni\u00e8re de leur label culturel \u00ab Art &amp; Vin \u00bb, les domaines ouvrent leurs portes pour des soir\u00e9es o\u00f9 le vin accompagne les mots, dans une ambiance intimiste \u00e9clair\u00e9e \u00e0 la bougie.<\/p>\n<p style=\"text-align: left;\"><strong>Un dialogue entre villes et campagnes<\/strong><\/p>\n<p style=\"text-align: left;\">L\u2019\u00e9dition 2026 se place sous le signe du lien retrouv\u00e9 entre \u00ab Villes et campagnes \u00bb. Cette th\u00e9matique r\u00e9sonne particuli\u00e8rement chez les vignerons ind\u00e9pendants, acteurs centraux de l\u2019am\u00e9nagement du territoire et de la pr\u00e9servation des paysages. \u00ab \u00c0 travers le travail quotidien de la vigne et de la terre, les vigneronnes et les vignerons ind\u00e9pendants incarnent pleinement ces enjeux \u00bb, <strong>souligne l\u2019organisation.<\/strong> Ces lectures sont pens\u00e9es comme des moments de partage pour questionner la valorisation du terroir, la transition \u00e9cologique et l\u2019\u00e9quilibre entre nature et activit\u00e9 humaine.<\/p>\n<p style=\"text-align: left;\"><strong>Le vigneron devient conteur<\/strong><\/p>\n<p style=\"text-align: left;\">Le concept repose sur la simplicit\u00e9 et la convivialit\u00e9. Durant une heure \u00e0 une heure trente, les professionnels de la vigne d\u00e9laissent le s\u00e9cateur pour le livre. \u00ab Le temps d\u2019un moment suspendu [\u2026] les vignerons se transforment en conteur : \u00e0 travers lectures et contes, ils nous transportent \u00e0 la d\u00e9couverte de ce qui leur est cher \u00bb,<strong> pr\u00e9cise l\u2019Agence Bleu Tomate, en charge de la communication.<\/strong><\/p>\n<p style=\"text-align: left;\"><strong>Les temps forts du programme varois<\/strong><\/p>\n<p style=\"text-align: left;\"><strong>Plusieurs rendez-vous marquants sont pr\u00e9vus dans le d\u00e9partement du Var, m\u00ealant r\u00e9cits historiques, po\u00e9sie et cr\u00e9ations interactives :<\/strong><\/p>\n<p style=\"text-align: left;\">*\u00a0\u00a0 <strong>Mercredi 21 janvier \u00e0 Saint-Maximin-la-Sainte-Baume (17h30) :<\/strong> Au LEAP Saint-Maximin Campus Provence Verte, ce sont les \u00e9l\u00e8ves de la fili\u00e8re Vigne et Vin qui animent la soir\u00e9e dans la cave p\u00e9dagogique, suivie d\u2019une d\u00e9gustation.<\/p>\n<p style=\"text-align: left;\">*\u00a0\u00a0 <strong>Jeudi 22 janvier \u00e0 La Cadi\u00e8re-d\u2019Azur (19h00) :<\/strong> Le Domaine Bunan accueille le public dans la salle des sarments. Au programme : lecture du po\u00e8me \u00ab Moi vigneronne, toi liane \u00bb et r\u00e9cit de l\u2019histoire familiale sur quatre g\u00e9n\u00e9rations, suivi d\u2019une d\u00e9gustation de mill\u00e9simes de Bandol.<\/p>\n<p style=\"text-align: left;\">*\u00a0\u00a0 <strong>Vendredi 23 janvier :<\/strong> Trois \u00e9v\u00e9nements simultan\u00e9s se tiennent \u00e0 18h00. Au Domaine du Deffends (Saint-Maximin), la lecture s\u2019articule autour de l\u2019ouvrage \u00ab La vigne dans le sang \u00bb de Sandrine H\u00e9raud. Au Domaine La Courtade (Hy\u00e8res), une exp\u00e9rience de \u00ab cr\u00e9ation litt\u00e9raire \u00bb interactive est propos\u00e9e dans la boutique de l\u2019annexe logistique. Enfin, au Ch\u00e2teau Margili\u00e8re (Brignoles), Jean-Marie Revest contera l\u2019histoire des Rois Mages au coin de la chemin\u00e9e, accompagn\u00e9e de vin chaud.<\/p>\n<p style=\"text-align: left;\">Ces \u00e9v\u00e9nements s\u2019inscrivent dans la continuit\u00e9 de l\u2019action culturelle men\u00e9e par Art &amp; Vin depuis 1998, visant \u00e0 faire d\u00e9couvrir les domaines de la r\u00e9gion Provence-Alpes-C\u00f4te d\u2019Azur et de Corse sous un angle artistique in\u00e9dit.<\/p>\n","protected":false},"excerpt":{"rendered":"Pour les Nuits de la Lecture 2026, les vignerons de Var-Alpes-Corse transforment leurs chais en lieux de contes&hellip;\n","protected":false},"author":2,"featured_media":676717,"comment_status":"","ping_status":"","sticky":false,"template":"","format":"standard","meta":{"footnotes":""},"categories":[9619],"tags":[1111,11,1777,674,1011,27,12,882,25,2310],"class_list":{"0":"post-676716","1":"post","2":"type-post","3":"status-publish","4":"format-standard","5":"has-post-thumbnail","7":"category-toulon","8":"tag-actu","9":"tag-actualites","10":"tag-eu","11":"tag-europe","12":"tag-fr","13":"tag-france","14":"tag-news","15":"tag-provence-alpes-cote-dazur","16":"tag-republique-francaise","17":"tag-toulon"},"share_on_mastodon":{"url":"https:\/\/pubeurope.com\/@fr\/115927461846559566","error":""},"_links":{"self":[{"href":"https:\/\/www.europesays.com\/fr\/wp-json\/wp\/v2\/posts\/676716","targetHints":{"allow":["GET"]}}],"collection":[{"href":"https:\/\/www.europesays.com\/fr\/wp-json\/wp\/v2\/posts"}],"about":[{"href":"https:\/\/www.europesays.com\/fr\/wp-json\/wp\/v2\/types\/post"}],"author":[{"embeddable":true,"href":"https:\/\/www.europesays.com\/fr\/wp-json\/wp\/v2\/users\/2"}],"replies":[{"embeddable":true,"href":"https:\/\/www.europesays.com\/fr\/wp-json\/wp\/v2\/comments?post=676716"}],"version-history":[{"count":0,"href":"https:\/\/www.europesays.com\/fr\/wp-json\/wp\/v2\/posts\/676716\/revisions"}],"wp:featuredmedia":[{"embeddable":true,"href":"https:\/\/www.europesays.com\/fr\/wp-json\/wp\/v2\/media\/676717"}],"wp:attachment":[{"href":"https:\/\/www.europesays.com\/fr\/wp-json\/wp\/v2\/media?parent=676716"}],"wp:term":[{"taxonomy":"category","embeddable":true,"href":"https:\/\/www.europesays.com\/fr\/wp-json\/wp\/v2\/categories?post=676716"},{"taxonomy":"post_tag","embeddable":true,"href":"https:\/\/www.europesays.com\/fr\/wp-json\/wp\/v2\/tags?post=676716"}],"curies":[{"name":"wp","href":"https:\/\/api.w.org\/{rel}","templated":true}]}}