{"id":676743,"date":"2026-01-20T12:54:15","date_gmt":"2026-01-20T12:54:15","guid":{"rendered":"https:\/\/www.europesays.com\/fr\/676743\/"},"modified":"2026-01-20T12:54:15","modified_gmt":"2026-01-20T12:54:15","slug":"girondins-eric-vandenabeele-resilie-son-contrat-pour-etre-officiellement-scout-a-bordeaux","status":"publish","type":"post","link":"https:\/\/www.europesays.com\/fr\/676743\/","title":{"rendered":"Girondins : \u00c9ric Vandenabeele r\u00e9silie son contrat pour \u00eatre officiellement scout \u00e0 Bordeaux"},"content":{"rendered":"<p><img decoding=\"async\" src=\"https:\/\/www.europesays.com\/fr\/wp-content\/uploads\/2025\/08\/671_755ed06277d1cb3f779b86ce5d5a7a53.jpg\" alt=\"Girondins : \u00c9ric Vandenabeele r\u00e9silie son contrat pour \u00eatre officiellement scout \u00e0 Bordeaux\" class=\"img-responsive mt-3\"\/><\/p>\n<p class=\"text-center mb-3\" style=\"font-size: 14px\">\u00a9 Iconsport<\/p>\n<p>      <strong>Recrutement aux Girondins : \u00c9ric Vandenabeele officiellement reconverti en scout<\/strong><\/p>\n<p style=\"text-align: justify;\">Avec cette op\u00e9ration, le salaire d&rsquo;\u00c9ric Vandenabeele, qui courait jusqu&rsquo;en 2027, n&rsquo;entre plus dans la masse du joueur. Cela va aider \u00e0 respecter les engagements pris devant la DNCG f\u00e9d\u00e9rale. Les Girondins de Bordeaux sont sous encadrement de leur masse salariale pour l&rsquo;instance.<\/p>\n<p style=\"text-align: justify;\">Voici le communiqu\u00e9 du club :<\/p>\n<p style=\"text-align: justify;\"><img decoding=\"async\" src=\"https:\/\/www.europesays.com\/fr\/wp-content\/uploads\/2026\/01\/Capture d\u2019e\u0301cran 2026-01-20 a\u0300 12.43.03.png\" alt=\"Capture d\u2019e\u0301cran 2026-01-20 a\u0300 12.43.03.png (189 KB)\" style=\"width:800px;max-width:100%;\"\/><\/p>\n<p style=\"text-align: justify;\">Il est donc le premier scout des Girondins de Bordeaux en mode amateur, sous la direction du <a href=\"https:\/\/www.youtube.com\/watch?v=KZeABOQ2WvY&amp;t=1s\" target=\"_blank\" rel=\"noopener\">responsable de recrutement Karim Saada<\/a>. Vandenabeele a int\u00e9gr\u00e9 les Girondins lors de l\u2019\u00e9t\u00e9 2025. Il n&rsquo;entrait plus dans les plans de Bruno Irl\u00e8s.<\/p>\n<p style=\"text-align: justify;\">Entretien &gt;&gt; <strong><a href=\"https:\/\/www.webgirondins.com\/actualite-girondins-gregory-scaffa-us-granville-bordeaux-a-tout-ce-qu-il-faut-pour-viser-la-montee-131870\" target=\"_blank\" rel=\"noopener\">Gr\u00e9gory Scaffa (US Granville) : \u00ab\u00a0Bordeaux a tout ce qu\u2019il faut pour viser la mont\u00e9e\u00a0\u00bb<\/a><\/strong><\/p>\n<dl class=\"formview\">\n<dt\/>\n<\/dl>\n","protected":false},"excerpt":{"rendered":"\u00a9 Iconsport Recrutement aux Girondins : \u00c9ric Vandenabeele officiellement reconverti en scout Avec cette op\u00e9ration, le salaire d&rsquo;\u00c9ric&hellip;\n","protected":false},"author":2,"featured_media":324943,"comment_status":"","ping_status":"","sticky":false,"template":"","format":"standard","meta":{"footnotes":""},"categories":[2817],"tags":[1111,11,1997,10979,5244,3108,18637,11792,1086,1777,674,1011,27,1987,19660,1441,12,2219,28960,11137,471,7099,25,32397,32213,77523,43240],"class_list":{"0":"post-676743","1":"post","2":"type-post","3":"status-publish","4":"format-standard","5":"has-post-thumbnail","7":"category-bordeaux","8":"tag-actu","9":"tag-actualites","10":"tag-bordeaux","11":"tag-cellule","12":"tag-club","13":"tag-contrat","14":"tag-desormais","15":"tag-eric","16":"tag-etre","17":"tag-eu","18":"tag-europe","19":"tag-fr","20":"tag-france","21":"tag-girondins","22":"tag-integre","23":"tag-joueur","24":"tag-news","25":"tag-nouvelle-aquitaine","26":"tag-officialise","27":"tag-officiellement","28":"tag-pour","29":"tag-recrutement","30":"tag-republique-francaise","31":"tag-resiliation","32":"tag-resilie","33":"tag-scout","34":"tag-vandenabeele"},"share_on_mastodon":{"url":"https:\/\/pubeurope.com\/@fr\/115927532565668122","error":""},"_links":{"self":[{"href":"https:\/\/www.europesays.com\/fr\/wp-json\/wp\/v2\/posts\/676743","targetHints":{"allow":["GET"]}}],"collection":[{"href":"https:\/\/www.europesays.com\/fr\/wp-json\/wp\/v2\/posts"}],"about":[{"href":"https:\/\/www.europesays.com\/fr\/wp-json\/wp\/v2\/types\/post"}],"author":[{"embeddable":true,"href":"https:\/\/www.europesays.com\/fr\/wp-json\/wp\/v2\/users\/2"}],"replies":[{"embeddable":true,"href":"https:\/\/www.europesays.com\/fr\/wp-json\/wp\/v2\/comments?post=676743"}],"version-history":[{"count":0,"href":"https:\/\/www.europesays.com\/fr\/wp-json\/wp\/v2\/posts\/676743\/revisions"}],"wp:featuredmedia":[{"embeddable":true,"href":"https:\/\/www.europesays.com\/fr\/wp-json\/wp\/v2\/media\/324943"}],"wp:attachment":[{"href":"https:\/\/www.europesays.com\/fr\/wp-json\/wp\/v2\/media?parent=676743"}],"wp:term":[{"taxonomy":"category","embeddable":true,"href":"https:\/\/www.europesays.com\/fr\/wp-json\/wp\/v2\/categories?post=676743"},{"taxonomy":"post_tag","embeddable":true,"href":"https:\/\/www.europesays.com\/fr\/wp-json\/wp\/v2\/tags?post=676743"}],"curies":[{"name":"wp","href":"https:\/\/api.w.org\/{rel}","templated":true}]}}