{"id":676752,"date":"2026-01-20T12:59:11","date_gmt":"2026-01-20T12:59:11","guid":{"rendered":"https:\/\/www.europesays.com\/fr\/676752\/"},"modified":"2026-01-20T12:59:11","modified_gmt":"2026-01-20T12:59:11","slug":"la-start-up-marseillaise-troov-revolutionne-laccueil-des-allocataires-dans-les-caf","status":"publish","type":"post","link":"https:\/\/www.europesays.com\/fr\/676752\/","title":{"rendered":"La start-up marseillaise Troov r\u00e9volutionne l&rsquo;accueil des allocataires dans les Caf"},"content":{"rendered":"<p><a href=\"https:\/\/www.laprovence.com\/article\/region\/1391929349540616\/objets-perdus-a-marseille-avec-lappli-troov-trois-fois-plus-dheureux\" target=\"_blank\" rel=\"noopener\">La scale-up marseillaise Troov<\/a> confirme son r\u00f4le cl\u00e9 dans la modernisation du service public en \u00e9quipant les 101 Caisses d\u2019allocations familiales avec sa solution de prise de rendez-vous et de gestion des flux d\u2019accueil. Une collaboration d\u2019envergure pour cette entreprise fond\u00e9e en 2018 par Gr\u00e9goire Rey-Brot et Aur\u00e9lie Toubol, qui met l\u2019innovation technologique au service du lien entre citoyens et institutions.<\/p>\n<p>Sp\u00e9cialis\u00e9e dans la modernisation des services publics et des lieux d\u2019accueil, Troov con\u00e7oit des solutions num\u00e9riques pens\u00e9es pour simplifier la vie administrative tout en rendant l\u2019exp\u00e9rience d\u2019accueil plus fluide, plus humaine et plus efficace, aussi bien pour les usagers que pour les agents. Sa promesse est claire\u00a0: faire gagner du temps \u00e0 tous gr\u00e2ce \u00e0 des outils simples, s\u00e9curis\u00e9s et accessibles, con\u00e7us \u00e0 partir des usages r\u00e9els du terrain.<\/p>\n<p>La start-up d\u00e9bute par la digitalisation des objets trouv\u00e9s, un service longtemps d\u00e9laiss\u00e9, avec une plateforme SaaS co-construite avec la Ville de Marseille et UGC. R\u00e9sultat\u00a0: plus d\u2019un million d\u2019objets restitu\u00e9s et une position de leader en moins de deux ans. Forte de ce succ\u00e8s, l\u2019entreprise d\u00e9veloppe ensuite une solution de prise de &#8230;<\/p>\n","protected":false},"excerpt":{"rendered":"La scale-up marseillaise Troov confirme son r\u00f4le cl\u00e9 dans la modernisation du service public en \u00e9quipant les 101&hellip;\n","protected":false},"author":2,"featured_media":676753,"comment_status":"","ping_status":"","sticky":false,"template":"","format":"standard","meta":{"footnotes":""},"categories":[2814],"tags":[5734,1111,11,77527,154,33,1777,674,1011,27,77526,11989,884,12,882,25,29880,675,77525],"class_list":{"0":"post-676752","1":"post","2":"type-post","3":"status-publish","4":"format-standard","5":"has-post-thumbnail","7":"category-marseille","8":"tag-5734","9":"tag-actu","10":"tag-actualites","11":"tag-allocataires","12":"tag-des","13":"tag-economie","14":"tag-eu","15":"tag-europe","16":"tag-fr","17":"tag-france","18":"tag-laccueil","19":"tag-marseillaise","20":"tag-marseille","21":"tag-news","22":"tag-provence-alpes-cote-dazur","23":"tag-republique-francaise","24":"tag-revolutionne","25":"tag-start-up","26":"tag-troov"},"share_on_mastodon":{"url":"https:\/\/pubeurope.com\/@fr\/115927552106228955","error":""},"_links":{"self":[{"href":"https:\/\/www.europesays.com\/fr\/wp-json\/wp\/v2\/posts\/676752","targetHints":{"allow":["GET"]}}],"collection":[{"href":"https:\/\/www.europesays.com\/fr\/wp-json\/wp\/v2\/posts"}],"about":[{"href":"https:\/\/www.europesays.com\/fr\/wp-json\/wp\/v2\/types\/post"}],"author":[{"embeddable":true,"href":"https:\/\/www.europesays.com\/fr\/wp-json\/wp\/v2\/users\/2"}],"replies":[{"embeddable":true,"href":"https:\/\/www.europesays.com\/fr\/wp-json\/wp\/v2\/comments?post=676752"}],"version-history":[{"count":0,"href":"https:\/\/www.europesays.com\/fr\/wp-json\/wp\/v2\/posts\/676752\/revisions"}],"wp:featuredmedia":[{"embeddable":true,"href":"https:\/\/www.europesays.com\/fr\/wp-json\/wp\/v2\/media\/676753"}],"wp:attachment":[{"href":"https:\/\/www.europesays.com\/fr\/wp-json\/wp\/v2\/media?parent=676752"}],"wp:term":[{"taxonomy":"category","embeddable":true,"href":"https:\/\/www.europesays.com\/fr\/wp-json\/wp\/v2\/categories?post=676752"},{"taxonomy":"post_tag","embeddable":true,"href":"https:\/\/www.europesays.com\/fr\/wp-json\/wp\/v2\/tags?post=676752"}],"curies":[{"name":"wp","href":"https:\/\/api.w.org\/{rel}","templated":true}]}}