{"id":676754,"date":"2026-01-20T13:00:12","date_gmt":"2026-01-20T13:00:12","guid":{"rendered":"https:\/\/www.europesays.com\/fr\/676754\/"},"modified":"2026-01-20T13:00:12","modified_gmt":"2026-01-20T13:00:12","slug":"ouigo-se-renforce-sur-la-region-grand-est-vers-paris-et-marseille","status":"publish","type":"post","link":"https:\/\/www.europesays.com\/fr\/676754\/","title":{"rendered":"OUIGO se renforce sur la r\u00e9gion Grand Est vers Paris et Marseille"},"content":{"rendered":"<p>\t\t\t\t\t Le prochain d\u00e9veloppement de l&rsquo;offre OUIGO se concentrera sur la r\u00e9gion Grand Est. D\u00e8s d\u00e9cembre 2026, deux axes majeurs seront renforc\u00e9s :<\/p>\n<p><b>Paris-Grand Est : <\/b>Un troisi\u00e8me aller-retour quotidien sera mis en place entre Paris et Strasbourg. Cette liaison desservira d\u00e9sormais les gares de Nancy et Champagne-Ardenne TGV, en plus de Metz.&#13;\t\t\t\t\t <\/p>\n<p><b>Strasbourg-Marseille :<\/b> Une nouvelle liaison quotidienne directe d&rsquo;environ 6 heures verra le jour. Elle desservira Colmar, Mulhouse, Belfort-Montb\u00e9liard TGV, Besan\u00e7on Franche-Comt\u00e9 TGV, Dijon Ville, Lyon Part-Dieu, Avignon TGV et Aix-en-Provence TGV.&#13;\t\t\t\t\t <\/p>\n<p>Parall\u00e8lement, <b>une offre TGV INOUI entre Nancy et Marseille<\/b> sera instaur\u00e9e les week-ends et durant les vacances scolaires pour remplacer l&rsquo;actuelle liaison Nancy-Nice.\n\t\t\t\t <\/p>\n","protected":false},"excerpt":{"rendered":"Le prochain d\u00e9veloppement de l&rsquo;offre OUIGO se concentrera sur la r\u00e9gion Grand Est. D\u00e8s d\u00e9cembre 2026, deux axes&hellip;\n","protected":false},"author":2,"featured_media":676755,"comment_status":"","ping_status":"","sticky":false,"template":"","format":"standard","meta":{"footnotes":""},"categories":[2814],"tags":[1111,11,1777,674,1011,27,884,12,23443,882,25],"class_list":{"0":"post-676754","1":"post","2":"type-post","3":"status-publish","4":"format-standard","5":"has-post-thumbnail","7":"category-marseille","8":"tag-actu","9":"tag-actualites","10":"tag-eu","11":"tag-europe","12":"tag-fr","13":"tag-france","14":"tag-marseille","15":"tag-news","16":"tag-ouigo","17":"tag-provence-alpes-cote-dazur","18":"tag-republique-francaise"},"share_on_mastodon":{"url":"https:\/\/pubeurope.com\/@fr\/115927556038239483","error":""},"_links":{"self":[{"href":"https:\/\/www.europesays.com\/fr\/wp-json\/wp\/v2\/posts\/676754","targetHints":{"allow":["GET"]}}],"collection":[{"href":"https:\/\/www.europesays.com\/fr\/wp-json\/wp\/v2\/posts"}],"about":[{"href":"https:\/\/www.europesays.com\/fr\/wp-json\/wp\/v2\/types\/post"}],"author":[{"embeddable":true,"href":"https:\/\/www.europesays.com\/fr\/wp-json\/wp\/v2\/users\/2"}],"replies":[{"embeddable":true,"href":"https:\/\/www.europesays.com\/fr\/wp-json\/wp\/v2\/comments?post=676754"}],"version-history":[{"count":0,"href":"https:\/\/www.europesays.com\/fr\/wp-json\/wp\/v2\/posts\/676754\/revisions"}],"wp:featuredmedia":[{"embeddable":true,"href":"https:\/\/www.europesays.com\/fr\/wp-json\/wp\/v2\/media\/676755"}],"wp:attachment":[{"href":"https:\/\/www.europesays.com\/fr\/wp-json\/wp\/v2\/media?parent=676754"}],"wp:term":[{"taxonomy":"category","embeddable":true,"href":"https:\/\/www.europesays.com\/fr\/wp-json\/wp\/v2\/categories?post=676754"},{"taxonomy":"post_tag","embeddable":true,"href":"https:\/\/www.europesays.com\/fr\/wp-json\/wp\/v2\/tags?post=676754"}],"curies":[{"name":"wp","href":"https:\/\/api.w.org\/{rel}","templated":true}]}}