{"id":676796,"date":"2026-01-20T13:28:11","date_gmt":"2026-01-20T13:28:11","guid":{"rendered":"https:\/\/www.europesays.com\/fr\/676796\/"},"modified":"2026-01-20T13:28:11","modified_gmt":"2026-01-20T13:28:11","slug":"kendji-girac-installe-toutes-les-caravanes-de-sa-famille-sur-un-vaste-terrain-quil-a-achete-en-essonne","status":"publish","type":"post","link":"https:\/\/www.europesays.com\/fr\/676796\/","title":{"rendered":"Kendji Girac installe toutes les caravanes de sa famille sur un vaste terrain qu\u2019il a achet\u00e9 en Essonne"},"content":{"rendered":"<p>Apr\u00e8s une ann\u00e9e 2024 boulevers\u00e9e, <strong>Kendji Girac<\/strong><br \/>\na choisi de tourner une page importante de sa vie. D\u2019apr\u00e8s<br \/>\nLib\u00e9ration, le chanteur de 29 ans a quitt\u00e9 le Sud-Ouest pour<br \/>\ns\u2019installer en Essonne, o\u00f9 il a achet\u00e9 un terrain suffisamment<br \/>\ngrand pour accueillir toutes les caravanes de sa famille. Un geste<br \/>\nfort, \u00e0 la fois intime et symbolique, qui lui permet de<br \/>\n<strong>rester fid\u00e8le \u00e0 ses racines<\/strong> tout en offrant \u00e0 son<br \/>\n\u00e9pouse Soraya et \u00e0 leurs enfants un cadre plus stable. Cette<br \/>\ninstallation marque un nouveau d\u00e9part, construit autour de l\u2019unit\u00e9<br \/>\net de l\u2019apaisement.<\/p>\n<p>Un terrain pour r\u00e9unir les siens<br \/>\nUn vaste terrain pour toute la famille<\/p>\n<p>Apr\u00e8s le drame de 2024, <a href=\"https:\/\/www.pleinevie.fr\/loisirs\/celebrites\/kendji-girac-de-nouveau-a-lhopital-avant-les-fetes-ce-geste-banal-qui-la-envoye-au-bloc-inquiete-ses-fans-182449.html\" target=\"_blank\" rel=\"noopener\">Kendji Girac<\/a> a profond\u00e9ment revu<br \/>\nson quotidien. Le chanteur a quitt\u00e9 le Sud-Ouest pour s\u2019installer<br \/>\ndans l\u2019Essonne, o\u00f9 il a achet\u00e9 un grand terrain destin\u00e9 \u00e0<br \/>\naccueillir toutes les caravanes de sa famille. Ce choix lui permet<br \/>\nde rester fid\u00e8le \u00e0 ses racines et \u00e0 sa <strong>culture<br \/>\nnomade<\/strong> tout en offrant un cadre plus stable \u00e0 ses proches.<br \/>\nUn an et demi apr\u00e8s l\u2019accident, cette installation marque une \u00e9tape<br \/>\nessentielle dans sa <strong>reconstruction personnelle<\/strong> et<br \/>\nfamiliale.<\/p>\n<p>Revenir de loin et se reconstruire<\/p>\n<p>D&rsquo; apr\u00e8s <a href=\"https:\/\/www.gala.fr\/l_actu\/news_de_stars\/kendji-girac-ce-grand-terrain-dans-l-essonne-ou-sont-installees-toutes-les-caravanes-de-sa-famille-20260117\" target=\"_blank\" rel=\"noopener\">Gala<\/a>, la nuit du 21<br \/>\navril 2024 a marqu\u00e9 un tournant dans sa vie. Entre alcool, coca\u00efne<br \/>\net dispute conjugale, le geste d\u00e9sesp\u00e9r\u00e9 de Kendji a failli lui<br \/>\nco\u00fbter la vie, sous les yeux de <strong>sa fille Alba<\/strong>.<br \/>\nAujourd\u2019hui encore, il mesure la gravit\u00e9 de cet instant. Soutenu<br \/>\nsans faille par Soraya, tr\u00e8s \u00e9prouv\u00e9e mais toujours pr\u00e9sente, il<br \/>\nfait face aux cons\u00e9quences avec lucidit\u00e9. Son installation en<br \/>\nEssonne incarne cette <strong>volont\u00e9 d\u2019apaisement<\/strong>, de<br \/>\nsobri\u00e9t\u00e9 et de protection envers ceux qu\u2019il aime le plus.<\/p>\n<p>Entre traditions et stabilit\u00e9 familiale<\/p>\n<p><strong>L\u2019installation en Essonne<\/strong> permet au <a href=\"https:\/\/www.pleinevie.fr\/loisirs\/celebrites\/kendji-girac-de-nouveau-a-lhopital-avant-les-fetes-ce-geste-banal-qui-la-envoye-au-bloc-inquiete-ses-fans-182449.html\" target=\"_blank\" rel=\"noopener\">chanteur<\/a> de concilier deux<br \/>\nexigences longtemps contradictoires : pr\u00e9server son mode de vie<br \/>\nnomade tout en r\u00e9pondant au besoin de stabilit\u00e9 exprim\u00e9 par Soraya.<br \/>\nLes caravanes sont r\u00e9unies, la famille reste soud\u00e9e, mais<br \/>\nl\u2019environnement offre d\u00e9sormais un ancrage rassurant. Soraya et<br \/>\nKendji ont m\u00eame accueilli un second enfant, Darel, preuve que leur<br \/>\ncouple r\u00e9siste et \u00e9volue malgr\u00e9 les \u00e9preuves. Ce terrain devient<br \/>\nainsi un refuge, un compromis pr\u00e9cieux entre h\u00e9ritage culturel et<br \/>\n<strong>d\u00e9sir de tranquillit\u00e9<\/strong>.<\/p>\n<p>Un quotidien plus simple et apais\u00e9<br \/>\nUne vie loin du tumulte m\u00e9diatique<\/p>\n<p>Depuis son installation, Kendji cultive un rythme plus lent,<br \/>\npresque rural. Lib\u00e9ration d\u00e9crit un artiste qui red\u00e9couvre les<br \/>\n<strong>plaisirs simples<\/strong> : cueillir des champignons en<br \/>\nfor\u00eat, partager des grillades avec des amis ou discuter<br \/>\ntranquillement avec la boulang\u00e8re du village. Loin des projecteurs,<br \/>\nil se reconnecte \u00e0 une forme d\u2019authenticit\u00e9 qu\u2019il croyait perdue.<br \/>\nCette sobri\u00e9t\u00e9 retrouv\u00e9e lui permet de <strong>se<br \/>\nrecentrer<\/strong> apr\u00e8s des ann\u00e9es de pression m\u00e9diatique et<br \/>\nd\u2019exposition permanente, dont il peine encore \u00e0 mesurer<br \/>\nl\u2019impact.<\/p>\n<p>\u00a0Un homme transform\u00e9 et d\u00e9termin\u00e9<\/p>\n<p>\u00ab Je me sens lib\u00e9r\u00e9 \u00bb, confie-t-il \u00e0 Lib\u00e9ration. Kendji<br \/>\nsait qu\u2019il avait commenc\u00e9 \u00e0 devenir quelqu\u2019un qu\u2019il ne<br \/>\nreconnaissait plus. Cette installation marque pour lui une<br \/>\n<strong>rupture salutaire<\/strong> avec un <strong>mode de vie trop<br \/>\nrapide et trop expos\u00e9<\/strong>. Aujourd\u2019hui, il aspire \u00e0 plus de<br \/>\ns\u00e9r\u00e9nit\u00e9, plus d\u2019\u00e9quilibre et surtout plus de pr\u00e9sence aupr\u00e8s de sa<br \/>\n<a href=\"https:\/\/www.pleinevie.fr\/loisirs\/celebrites\/un-petit-cercueil-blanc-kendji-girac-29-ans-en-deuil-le-chanteur-se-confie-sur-ce-drame-familial-173967.html\" target=\"_blank\" rel=\"noopener\">famille<\/a>. M\u00eame si sa carri\u00e8re<br \/>\ncontinue entre concerts, enregistrements et promotion de son livre,<br \/>\nil fait de son foyer sa priorit\u00e9 absolue et non n\u00e9gociable.<\/p>\n<p>Un nouvel \u00e9quilibre \u00e0 pr\u00e9server<\/p>\n<p>Pour Kendji, cette transformation n\u2019est pas un simple changement<br \/>\nd\u2019adresse : c\u2019est un <strong>choix de vie<\/strong> m\u00fbrement<br \/>\nr\u00e9fl\u00e9chi. En Essonne, il trouve enfin un environnement propice \u00e0 la<br \/>\npaix int\u00e9rieure et \u00e0 la coh\u00e9sion familiale. Le chanteur s\u2019efforce<br \/>\nde pr\u00e9server cet \u00e9quilibre fragile, construit apr\u00e8s une \u00e9preuve qui<br \/>\naurait pu tout d\u00e9truire. Aujourd\u2019hui, il avance avec prudence mais<br \/>\nd\u00e9termination, conscient que ce nouveau cadre est essentiel pour<br \/>\ncontinuer \u00e0 grandir, \u00e0 aimer et \u00e0 transmettre \u00e0 ses enfants<br \/>\n<strong>l\u2019h\u00e9ritage<\/strong> qui le porte depuis toujours.<\/p>\n","protected":false},"excerpt":{"rendered":"Apr\u00e8s une ann\u00e9e 2024 boulevers\u00e9e, Kendji Girac a choisi de tourner une page importante de sa vie. D\u2019apr\u00e8s&hellip;\n","protected":false},"author":2,"featured_media":676797,"comment_status":"","ping_status":"","sticky":false,"template":"","format":"standard","meta":{"footnotes":""},"categories":[1359],"tags":[13041,34736,17669,1805,58,3026,59,1936,652,1011,27,77018,14191,13693,151,973,18017,10649,3356,3945,10125,9066,15512],"class_list":{"0":"post-676796","1":"post","2":"type-post","3":"status-publish","4":"format-standard","5":"has-post-thumbnail","7":"category-people","8":"tag-a","9":"tag-achete","10":"tag-caravanes","11":"tag-de","12":"tag-divertissement","13":"tag-en","14":"tag-entertainment","15":"tag-essonne","16":"tag-famille","17":"tag-fr","18":"tag-france","19":"tag-girac","20":"tag-installe","21":"tag-kendji","22":"tag-les","23":"tag-people","24":"tag-quil","25":"tag-sa","26":"tag-sur","27":"tag-terrain","28":"tag-toutes","29":"tag-un","30":"tag-vaste"},"share_on_mastodon":{"url":"https:\/\/pubeurope.com\/@fr\/115927666169278804","error":""},"_links":{"self":[{"href":"https:\/\/www.europesays.com\/fr\/wp-json\/wp\/v2\/posts\/676796","targetHints":{"allow":["GET"]}}],"collection":[{"href":"https:\/\/www.europesays.com\/fr\/wp-json\/wp\/v2\/posts"}],"about":[{"href":"https:\/\/www.europesays.com\/fr\/wp-json\/wp\/v2\/types\/post"}],"author":[{"embeddable":true,"href":"https:\/\/www.europesays.com\/fr\/wp-json\/wp\/v2\/users\/2"}],"replies":[{"embeddable":true,"href":"https:\/\/www.europesays.com\/fr\/wp-json\/wp\/v2\/comments?post=676796"}],"version-history":[{"count":0,"href":"https:\/\/www.europesays.com\/fr\/wp-json\/wp\/v2\/posts\/676796\/revisions"}],"wp:featuredmedia":[{"embeddable":true,"href":"https:\/\/www.europesays.com\/fr\/wp-json\/wp\/v2\/media\/676797"}],"wp:attachment":[{"href":"https:\/\/www.europesays.com\/fr\/wp-json\/wp\/v2\/media?parent=676796"}],"wp:term":[{"taxonomy":"category","embeddable":true,"href":"https:\/\/www.europesays.com\/fr\/wp-json\/wp\/v2\/categories?post=676796"},{"taxonomy":"post_tag","embeddable":true,"href":"https:\/\/www.europesays.com\/fr\/wp-json\/wp\/v2\/tags?post=676796"}],"curies":[{"name":"wp","href":"https:\/\/api.w.org\/{rel}","templated":true}]}}