{"id":676801,"date":"2026-01-20T13:32:11","date_gmt":"2026-01-20T13:32:11","guid":{"rendered":"https:\/\/www.europesays.com\/fr\/676801\/"},"modified":"2026-01-20T13:32:11","modified_gmt":"2026-01-20T13:32:11","slug":"claude-francois-jr-rachete-le-moulin-de-dannemois-de-son-pere","status":"publish","type":"post","link":"https:\/\/www.europesays.com\/fr\/676801\/","title":{"rendered":"Claude Fran\u00e7ois Jr rach\u00e8te le moulin de Dannemois de son p\u00e8re"},"content":{"rendered":"<p>Ic\u00f4ne flamboyante de la chanson fran\u00e7aise, Claude Fran\u00e7ois a<br \/>\nmarqu\u00e9 des g\u00e9n\u00e9rations enti\u00e8res avec son \u00e9nergie, son sens du<br \/>\nrythme et une carri\u00e8re men\u00e9e tambour battant. Ses tubes r\u00e9sonnent<br \/>\nencore dans les m\u00e9moires, tout comme sa silhouette millim\u00e9tr\u00e9e et<br \/>\nses chor\u00e9graphies devenues cultes.<\/p>\n<p>Le moulin de Claude Fran\u00e7ois va conna\u00eetre une m\u00e9tamorphose<\/p>\n<p>\u00c0 Dannemois, dans <strong>l\u2019Essonne<\/strong>, une page va<br \/>\nbient\u00f4t se tourner pour les fans de <strong>Claude<br \/>\nFran\u00e7ois<\/strong>. Son fils, <strong>Claude Fran\u00e7ois Jr<\/strong>, a<br \/>\nannonc\u00e9 \u00eatre en passe de <strong>racheter le c\u00e9l\u00e8bre <a href=\"https:\/\/www.lejournaldelamaison.fr\/le-journal-de-la-maison\/reportages-maisons\/maisons-reportages-maisons\/serge-gainsbourg-deux-tableaux-ours-peluche-moulin-particulier-bourgogne-passa-derniers-jours-530188.html\" target=\"_blank\" rel=\"noopener\"><br \/>\nmoulin<\/a><\/strong>, acquis en 1964 par l\u2019interpr\u00e8te de Comme<br \/>\nd\u2019habitude. Un lieu intime, refuge artistique, o\u00f9<br \/>\n<strong>Cloclo a v\u00e9cu jusqu\u2019\u00e0 sa mort tragique en 1978<\/strong>, \u00e0<br \/>\nl\u2019\u00e2ge de 39 ans.<\/p>\n<p>\u00ab Nous en sommes au stade de la promesse de vente \u00bb,<br \/>\na-t-il confi\u00e9 dans une interview \u00e0 Gala, se r\u00e9jouissant :<br \/>\n\u00ab Nous sommes d\u2019accord sur le montant, ce qui est d\u00e9j\u00e0 une<br \/>\n\u00e9norme avanc\u00e9e ! \u00bb. Pour lui, il est temps de <strong>faire<br \/>\nrevivre ce lieu charg\u00e9 de <a href=\"https:\/\/www.lejournaldelamaison.fr\/le-journal-de-la-maison\/reportages-maisons\/maisons-reportages-maisons\/salvatore-adamo-maison-ame-entre-quelque-chose-passe-immense-batisse-situee-mons-belgique-surnommee-chateau-adamo-533448.html\" target=\"_blank\" rel=\"noopener\"><br \/>\nsouvenirs<\/a>.<\/strong><\/p>\n<p>Un projet festif, fid\u00e8le \u00e0 l\u2019esprit Cloclo<\/p>\n<p>Le projet est ambitieux. <strong>Claude Fran\u00e7ois Jr pr\u00e9voit de<br \/>\ntransformer le moulin en un mus\u00e9e, un h\u00f4tel, un restaurant, et m\u00eame<br \/>\nun club priv\u00e9 inspir\u00e9 des <a href=\"https:\/\/www.lejournaldelamaison.fr\/le-journal-de-la-maison\/nouveautes\/produits\/voyait-partout-dans-annees-cette-table-basse-retro-vaut-elle-est-faite-bois-rare-528295.html\" target=\"_blank\" rel=\"noopener\"><br \/>\nann\u00e9es 70<\/a><\/strong>. Et il a d\u00e9j\u00e0 tout en t\u00eate : \u00ab Le<br \/>\nrestaurant sera festif le vendredi et samedi soir. On va cr\u00e9er un<br \/>\nb\u00e2timent au sein duquel on va ins\u00e9rer <strong>un club priv\u00e9 tr\u00e8s<br \/>\n70s comme si c\u2019\u00e9tait mon p\u00e8re qui l\u2019avait imagin\u00e9<br \/>\n\u00bb.<\/strong><\/p>\n<p>Mais l\u2019id\u00e9e va plus loin : \u00ab On veut en faire <strong>une<br \/>\nmaison d\u2019exp\u00e9rience<\/strong> qui soit un peu repr\u00e9sentative de son<br \/>\nimage, de ses valeurs \u00bb. Le lieu pourra \u00eatre privatis\u00e9 pour<br \/>\ndes anniversaires ou des soir\u00e9es, avec une <strong>ambiance fid\u00e8le<br \/>\n\u00e0 celle que Cloclo affectionnait.<\/strong> \u00ab On va garder la<br \/>\n<strong>direction de la d\u00e9coration qu\u2019il avait \u00e0 l\u2019\u00e9poque<\/strong><br \/>\nqui est un m\u00e9lange <a href=\"https:\/\/www.lejournaldelamaison.fr\/le-journal-de-la-maison\/decoration-par-style\/industriel-et-vintage\/brocanteurs-vous-disent-jamais-comment-negocier-reperer-veritable-antiquite-avant-payer-plein-pot-532738.html\" target=\"_blank\" rel=\"noopener\"><br \/>\nd\u2019antiquit\u00e9<\/a>, d\u2019art africain et de pi\u00e8ces design de l\u2019\u00e9poque<br \/>\n\u00bb, a-t-il pr\u00e9cis\u00e9.<\/p>\n<blockquote class=\"instagram-media\" style=\"background: #ffffff;border: 0;margin: 1px;width: 100%;padding: 0;max-width: 500px;\" data-instgrm-permalink=\"https:\/\/www.instagram.com\/p\/DQT6W2MjCpo\/\" data-instgrm-version=\"14\"\/><p>\nUn hommage intime et familial \u00e0 Claude<br \/>\nFran\u00e7ois<\/p>\n<p>Derri\u00e8re ce projet, il y a aussi <strong>l\u2019envie de<br \/>\ntransmettre<\/strong>, au public comme \u00e0 ses propres enfants. Claude<br \/>\nFran\u00e7ois Jr esp\u00e8re d\u00e9buter les travaux <strong>fin 2026<\/strong>,<br \/>\npour une ouverture pr\u00e9vue <strong>d\u00e9but 2028<\/strong>, \u00e0 l\u2019occasion<br \/>\ndu <strong>50 \u1d49 anniversaire de la disparition de son<br \/>\np\u00e8re<\/strong>. \u00ab Mon p\u00e8re \u00e9tait angoiss\u00e9 par la mort et l\u2019id\u00e9e<br \/>\nque tout s\u2019arr\u00eatait avec la mort. Le fait qu\u2019il y ait encore un<br \/>\nint\u00e9r\u00eat du public [&#8230;] \u00e7a rel\u00e8ve du miracle pour moi \u00bb,<br \/>\na-t-il confi\u00e9 avec \u00e9motion. \u00c0 travers ce projet, il veut pr\u00e9server<br \/>\nl\u2019h\u00e9ritage et le faire vivre : <strong>\u00ab On dit souvent que la<br \/>\nmaison est le reflet de l\u2019\u00e2me \u00bb.<\/strong><\/p>\n<p>Et pour que l\u2019\u00e2me de <a href=\"https:\/\/www.lejournaldelamaison.fr\/le-journal-de-la-maison\/reportages-maisons\/appartements\/claude-francois-ce-penthouse-parisien-aux-allures-de-duplex-inverse-ou-il-aurait-ecrit-le-titre-le-mal-aime-530665.html\" target=\"_blank\" rel=\"noopener\"><br \/>\nClaude Fran\u00e7ois<\/a> continue de rayonner, il a m\u00eame pens\u00e9 \u00e0<br \/>\nl\u2019avenir : <strong>ses cinq enfants<\/strong> pourraient se relayer<br \/>\npour faire vivre le lieu. <strong>\u00ab Je vais leur proposer de<br \/>\ns\u2019en occuper chacun leur tour pendant un an \u00bb,<\/strong> a-t-il<br \/>\nexpliqu\u00e9, avant d\u2019ajouter : \u00ab Au terme des cinq ans, soit ils<br \/>\narrivent \u00e0 se mettre d\u2019accord en confiant la t\u00e2che \u00e0 l\u2019un d\u2019entre<br \/>\neux, soit \u00e7a continue et chacun s\u2019en occupe \u00e0 tour de r\u00f4le une fois<br \/>\npar an \u00bb.<\/p>\n<p><script async src=\"\/\/www.instagram.com\/embed.js\"><\/script><\/p>\n","protected":false},"excerpt":{"rendered":"Ic\u00f4ne flamboyante de la chanson fran\u00e7aise, Claude Fran\u00e7ois a marqu\u00e9 des g\u00e9n\u00e9rations enti\u00e8res avec son \u00e9nergie, son sens&hellip;\n","protected":false},"author":2,"featured_media":676802,"comment_status":"","ping_status":"","sticky":false,"template":"","format":"standard","meta":{"footnotes":""},"categories":[1355],"tags":[930,77535,40186,7859,5244,1993,77537,1805,58,3026,59,12219,1011,27,11846,190,3707,24653,5150,77536,11078,26918,1361,873,6552,471,32023,3583,51024,1340,21187,10776,933,9066],"class_list":{"0":"post-676801","1":"post","2":"type-post","3":"status-publish","4":"format-standard","5":"has-post-thumbnail","7":"category-musique","8":"tag-le","9":"tag-70s","10":"tag-cetait","11":"tag-claude","12":"tag-club","13":"tag-comme","14":"tag-dannemois","15":"tag-de","16":"tag-divertissement","17":"tag-en","18":"tag-entertainment","19":"tag-et","20":"tag-fr","21":"tag-france","22":"tag-francois","23":"tag-hotel","24":"tag-il","25":"tag-imagine","26":"tag-jr","27":"tag-lavait","28":"tag-mon","29":"tag-moulin","30":"tag-music","31":"tag-musique","32":"tag-pere","33":"tag-pour","34":"tag-prive","35":"tag-qui","36":"tag-rachete","37":"tag-restaurant","38":"tag-si","39":"tag-transformer","40":"tag-tres","41":"tag-un"},"share_on_mastodon":{"url":"https:\/\/pubeurope.com\/@fr\/115927681952430923","error":""},"_links":{"self":[{"href":"https:\/\/www.europesays.com\/fr\/wp-json\/wp\/v2\/posts\/676801","targetHints":{"allow":["GET"]}}],"collection":[{"href":"https:\/\/www.europesays.com\/fr\/wp-json\/wp\/v2\/posts"}],"about":[{"href":"https:\/\/www.europesays.com\/fr\/wp-json\/wp\/v2\/types\/post"}],"author":[{"embeddable":true,"href":"https:\/\/www.europesays.com\/fr\/wp-json\/wp\/v2\/users\/2"}],"replies":[{"embeddable":true,"href":"https:\/\/www.europesays.com\/fr\/wp-json\/wp\/v2\/comments?post=676801"}],"version-history":[{"count":0,"href":"https:\/\/www.europesays.com\/fr\/wp-json\/wp\/v2\/posts\/676801\/revisions"}],"wp:featuredmedia":[{"embeddable":true,"href":"https:\/\/www.europesays.com\/fr\/wp-json\/wp\/v2\/media\/676802"}],"wp:attachment":[{"href":"https:\/\/www.europesays.com\/fr\/wp-json\/wp\/v2\/media?parent=676801"}],"wp:term":[{"taxonomy":"category","embeddable":true,"href":"https:\/\/www.europesays.com\/fr\/wp-json\/wp\/v2\/categories?post=676801"},{"taxonomy":"post_tag","embeddable":true,"href":"https:\/\/www.europesays.com\/fr\/wp-json\/wp\/v2\/tags?post=676801"}],"curies":[{"name":"wp","href":"https:\/\/api.w.org\/{rel}","templated":true}]}}