{"id":676838,"date":"2026-01-20T13:51:13","date_gmt":"2026-01-20T13:51:13","guid":{"rendered":"https:\/\/www.europesays.com\/fr\/676838\/"},"modified":"2026-01-20T13:51:13","modified_gmt":"2026-01-20T13:51:13","slug":"apres-un-accident-sur-un-pont-la-circulation-des-trains-interrompue-sur-la-ligne-le-havre-rouen-paris","status":"publish","type":"post","link":"https:\/\/www.europesays.com\/fr\/676838\/","title":{"rendered":"Apr\u00e8s un accident sur un pont, la circulation des trains interrompue sur la ligne Le Havre-Rouen-Paris"},"content":{"rendered":"<p>                    Par<br \/>\n        <strong><br \/>\n            <a href=\"https:\/\/actu.fr\/auteur\/adrien-filoche\" title=\"Consulter tous les articles de Adrien Filoche\" target=\"_blank\" rel=\"noopener\">Adrien Filoche<\/a><br \/>\n                    <\/strong><\/p>\n<p>        Publi\u00e9 le<\/p>\n<p>            20 janv. 2026 \u00e0 10h57        <\/p>\n<p><strong>Mis \u00e0 jour \u00e0 13h30. <\/strong>Vers 13 heures, la SNCF indiquait que l\u2019incident \u00e9tait termin\u00e9 et que la circulation des trains reprenait progressivement entre Le Havre et Yvetot.<\/p>\n<p class=\" wall-content\"><strong>Avis aux voyageurs\u2009! <\/strong>\u00c0 la suite d\u2019un accident survenu vers 10h20 ce mardi 20\u00a0janvier 2026 sur un pont routier entre les communes de Foucart-Alvimare et Br\u00e9aut\u00e9, le <a href=\"https:\/\/actu.fr\/tag\/sncf\" target=\"_blank\" rel=\"noopener\">trafic SNCF<\/a> est <strong>fortement perturb\u00e9<\/strong> sur la ligne normande <a href=\"https:\/\/actu.fr\/normandie\/rouen_76540\/le-havre-rouen-paris-en-train-pourquoi-c-est-si-long-cet-ete_59838494.html\" target=\"_blank\" rel=\"noopener\">Le\u00a0Havre-Rouen-Paris<\/a>. Des retards sont annonc\u00e9s, et des trains ont \u00e9t\u00e9 supprim\u00e9s.<\/p>\n<p>Circulation des trains interrompue<\/p>\n<p class=\" wall-content\">Interrog\u00e9e par 76actu, la SNCF informe que les perturbations font suite \u00e0 \u00ab\u2009l\u2019accident d\u2019une voiture sur un pont routier\u2009\u00bb, au-dessus des rails. <strong>\u00ab\u2009Des v\u00e9rifications sont en cours\u2009\u00bb<\/strong> afin de v\u00e9rifier qu\u2019il n\u2019y a pas de d\u00e9g\u00e2ts mat\u00e9riels sur la ligne de chemin de fer.<\/p>\n<p class=\" wall-content\">Intervenus sur place, les pompiers du Sdis76 indiquent que la conductrice s\u2019est retrouv\u00e9e suspendue sur les cat\u00e9naires de la ligne de train. L\u00e9g\u00e8rement bless\u00e9e, la femme de 74 ans a \u00e9t\u00e9 transport\u00e9e sur le centre hospitalier de Lillebonne.\u00a0<\/p>\n<p class=\" wall-content\">Pour le moment, la circulation des trains est<strong> totalement interrompue<\/strong> dans les deux sens de circulation entre Le\u00a0Havre et Rouen, le temps des premi\u00e8res constatations.<\/p>\n<p class=\" wall-content\">\n<p class=\" wall-content\">Pr\u00e8s d\u2019une heure de retard est estim\u00e9e sur certains trains, notamment le TER 3110 entre Rouen et Paris et le TER 850404 entre Le\u00a0Havre et Rouen. Des trains ont \u00e9galement \u00e9t\u00e9 supprim\u00e9s, comme on peut le constater sur <a href=\"https:\/\/www.ter.sncf.com\/normandie\/se-deplacer\/prochaines-arrivees\" target=\"_blank\" rel=\"noopener\">l\u2019outil en ligne de la SNCF.<\/a><\/p>\n<p>Vid\u00e9os : en ce moment sur ActuLe trafic interrompu jusqu\u2019\u00e0 14 heures<\/p>\n<p class=\" wall-content\">La SNCF recommande notamment de suivre les informations en temps r\u00e9el communiqu\u00e9es sur son compte X (anciennement Twitter) <a href=\"https:\/\/x.com\/train_nomad\">SNCF Nomad train<\/a>.<\/p>\n<p class=\" wall-content\"><strong>L\u2019heure de reprise du trafic est estim\u00e9e \u00e0 14h00<\/strong>, mais la situation peut encore \u00e9voluer. Des alternatives de transport en bus pourraient \u00eatre mises en place pour les voyageurs.<\/p>\n<p>Votre r\u00e9gion, votre actu !<\/p>\n<p>Recevez chaque jour les infos qui comptent pour vous.<\/p>\n<p>\t<a href=\"https:\/\/actu.fr\/newsletter\" class=\"ac-btn ac-btn--corner ac-btn--medium ac-btn--blue800\" target=\"_blank\" rel=\"noopener\">S&rsquo;incrire<\/a><br \/>\nSuivez l\u2019actualit\u00e9 de Rouen sur <a href=\"https:\/\/www.whatsapp.com\/channel\/0029VaKfnf99hXF2ddApFB1D\" target=\"_blank\" rel=\"noopener\">notre cha\u00eene WhatsApp<\/a> et sur <a href=\"https:\/\/www.tiktok.com\/@76actu.fr?lang=fr\" target=\"_blank\" rel=\"noopener\">notre compte TikTok<\/a>Suivez l\u2019actualit\u00e9 du\u00a0Havre sur <a href=\"https:\/\/www.whatsapp.com\/channel\/0029VaFqJYE8aKvLBwVrEe0o\" target=\"_blank\" rel=\"noopener\">notre cha\u00eene WhatsApp<\/a> et sur <a href=\"https:\/\/www.tiktok.com\/@76actu.fr?lang=fr\" target=\"_blank\" rel=\"noopener\">notre compte TikTok<\/a><\/p>\n<p class=\" wall-content\">Personnalisez votre actualit\u00e9 en ajoutant vos villes et m\u00e9dias en favori avec <a href=\"https:\/\/moncompte.actu.fr\" title=\"D\u00e9couvez Mon Actu\" rel=\"nofollow noopener\" data-trk=\"{&quot;cta&quot;:{&quot;action&quot;:&quot;https:\\\/\\\/moncompte.actu.fr&quot;,&quot;category&quot;:&quot;mon compte&quot;,&quot;from&quot;:&quot;article footer&quot;,&quot;name&quot;:&quot;Mon actu&quot;,&quot;type&quot;:&quot;cta&quot;}}\" target=\"_blank\">Mon Actu<\/a>.<\/p>\n<p>                    <script async src=\"\/\/www.tiktok.com\/embed.js\"><\/script><\/p>\n","protected":false},"excerpt":{"rendered":"Par Adrien Filoche Publi\u00e9 le 20 janv. 2026 \u00e0 10h57 Mis \u00e0 jour \u00e0 13h30. Vers 13 heures,&hellip;\n","protected":false},"author":2,"featured_media":676839,"comment_status":"","ping_status":"","sticky":false,"template":"","format":"standard","meta":{"footnotes":""},"categories":[9587],"tags":[1111,11,1777,674,1011,27,803,12,5161,25,9590,2215,104,926],"class_list":{"0":"post-676838","1":"post","2":"type-post","3":"status-publish","4":"format-standard","5":"has-post-thumbnail","7":"category-rouen","8":"tag-actu","9":"tag-actualites","10":"tag-eu","11":"tag-europe","12":"tag-fr","13":"tag-france","14":"tag-info-trafic","15":"tag-news","16":"tag-normandie","17":"tag-republique-francaise","18":"tag-rouen","19":"tag-sncf","20":"tag-societe","21":"tag-train"},"share_on_mastodon":{"url":"https:\/\/pubeurope.com\/@fr\/115927756500741596","error":""},"_links":{"self":[{"href":"https:\/\/www.europesays.com\/fr\/wp-json\/wp\/v2\/posts\/676838","targetHints":{"allow":["GET"]}}],"collection":[{"href":"https:\/\/www.europesays.com\/fr\/wp-json\/wp\/v2\/posts"}],"about":[{"href":"https:\/\/www.europesays.com\/fr\/wp-json\/wp\/v2\/types\/post"}],"author":[{"embeddable":true,"href":"https:\/\/www.europesays.com\/fr\/wp-json\/wp\/v2\/users\/2"}],"replies":[{"embeddable":true,"href":"https:\/\/www.europesays.com\/fr\/wp-json\/wp\/v2\/comments?post=676838"}],"version-history":[{"count":0,"href":"https:\/\/www.europesays.com\/fr\/wp-json\/wp\/v2\/posts\/676838\/revisions"}],"wp:featuredmedia":[{"embeddable":true,"href":"https:\/\/www.europesays.com\/fr\/wp-json\/wp\/v2\/media\/676839"}],"wp:attachment":[{"href":"https:\/\/www.europesays.com\/fr\/wp-json\/wp\/v2\/media?parent=676838"}],"wp:term":[{"taxonomy":"category","embeddable":true,"href":"https:\/\/www.europesays.com\/fr\/wp-json\/wp\/v2\/categories?post=676838"},{"taxonomy":"post_tag","embeddable":true,"href":"https:\/\/www.europesays.com\/fr\/wp-json\/wp\/v2\/tags?post=676838"}],"curies":[{"name":"wp","href":"https:\/\/api.w.org\/{rel}","templated":true}]}}