{"id":676843,"date":"2026-01-20T13:54:40","date_gmt":"2026-01-20T13:54:40","guid":{"rendered":"https:\/\/www.europesays.com\/fr\/676843\/"},"modified":"2026-01-20T13:54:40","modified_gmt":"2026-01-20T13:54:40","slug":"pace-latelier-de-patchwork-organise-un-marche","status":"publish","type":"post","link":"https:\/\/www.europesays.com\/fr\/676843\/","title":{"rendered":"Pac\u00e9. L\u2019atelier de patchwork organise un march\u00e9"},"content":{"rendered":"<p>Le club de patchwork, une activit\u00e9 organis\u00e9e par la Maison des jeunes et de la culture (MJC), propose, avec cette derni\u00e8re, un march\u00e9 appel\u00e9 Les Puces des couturi\u00e8res, dimanche. On pourra y trouver des tissus, des laines et du mat\u00e9riel de couture. <strong>\u00ab\u00a0Nous travaillons sur des\u00a0loisirs cr\u00e9atifs\u00a0: la broderie, la mercerie ancienne, tout le textile, les picots,<\/strong>explique Martine Chapron, l\u2019une des animatrices. <strong>Quelques-unes d\u2019entre nous sont des professionnelles.\u00a0\u00bb<\/strong><\/p>\n<p><strong>Des jeunes de la MJC proposeront des g\u00e2teaux et des boissons sur place.<\/strong><\/p>\n<p>Dimanche 25\u00a0janvier, de 9\u00a0h \u00e0 17\u00a0h, Les Puces des couturi\u00e8res, \u00e0 l\u2019espace Le Goffic, 6 avenue Charles-Le-Goffic. Entr\u00e9e libre.<\/p>\n<p>\u00a0<\/p>\n","protected":false},"excerpt":{"rendered":"Le club de patchwork, une activit\u00e9 organis\u00e9e par la Maison des jeunes et de la culture (MJC), propose,&hellip;\n","protected":false},"author":2,"featured_media":676844,"comment_status":"","ping_status":"","sticky":false,"template":"","format":"standard","meta":{"footnotes":""},"categories":[2821],"tags":[1111,11,4396,829,1777,674,1011,27,2089,12,9271,9569,60820,584,25],"class_list":{"0":"post-676843","1":"post","2":"type-post","3":"status-publish","4":"format-standard","5":"has-post-thumbnail","7":"category-rennes","8":"tag-actu","9":"tag-actualites","10":"tag-atelier","11":"tag-bretagne","12":"tag-eu","13":"tag-europe","14":"tag-fr","15":"tag-france","16":"tag-marche","17":"tag-news","18":"tag-organise","19":"tag-pace","20":"tag-patchwork","21":"tag-rennes","22":"tag-republique-francaise"},"share_on_mastodon":{"url":"https:\/\/pubeurope.com\/@fr\/115927768437444144","error":""},"_links":{"self":[{"href":"https:\/\/www.europesays.com\/fr\/wp-json\/wp\/v2\/posts\/676843","targetHints":{"allow":["GET"]}}],"collection":[{"href":"https:\/\/www.europesays.com\/fr\/wp-json\/wp\/v2\/posts"}],"about":[{"href":"https:\/\/www.europesays.com\/fr\/wp-json\/wp\/v2\/types\/post"}],"author":[{"embeddable":true,"href":"https:\/\/www.europesays.com\/fr\/wp-json\/wp\/v2\/users\/2"}],"replies":[{"embeddable":true,"href":"https:\/\/www.europesays.com\/fr\/wp-json\/wp\/v2\/comments?post=676843"}],"version-history":[{"count":0,"href":"https:\/\/www.europesays.com\/fr\/wp-json\/wp\/v2\/posts\/676843\/revisions"}],"wp:featuredmedia":[{"embeddable":true,"href":"https:\/\/www.europesays.com\/fr\/wp-json\/wp\/v2\/media\/676844"}],"wp:attachment":[{"href":"https:\/\/www.europesays.com\/fr\/wp-json\/wp\/v2\/media?parent=676843"}],"wp:term":[{"taxonomy":"category","embeddable":true,"href":"https:\/\/www.europesays.com\/fr\/wp-json\/wp\/v2\/categories?post=676843"},{"taxonomy":"post_tag","embeddable":true,"href":"https:\/\/www.europesays.com\/fr\/wp-json\/wp\/v2\/tags?post=676843"}],"curies":[{"name":"wp","href":"https:\/\/api.w.org\/{rel}","templated":true}]}}