{"id":676856,"date":"2026-01-20T14:01:21","date_gmt":"2026-01-20T14:01:21","guid":{"rendered":"https:\/\/www.europesays.com\/fr\/676856\/"},"modified":"2026-01-20T14:01:21","modified_gmt":"2026-01-20T14:01:21","slug":"des-cours-de-sports-personnalises-dans-cette-nouvelle-salle-ultra-design-a-nantes","status":"publish","type":"post","link":"https:\/\/www.europesays.com\/fr\/676856\/","title":{"rendered":"Des cours de sports personnalis\u00e9s dans cette nouvelle salle ultra design \u00e0 Nantes"},"content":{"rendered":"<p>20 janvier 2026<\/p>\n<p>\u00b7 Article sponsoris\u00e9<\/p>\n<p><img fetchpriority=\"high\" width=\"527\" height=\"264\" src=\"https:\/\/www.europesays.com\/fr\/wp-content\/uploads\/2026\/01\/Kombo-salle-de-sport-unique-a-Nantes-\u00a9Ludovic-Harel-527x264.png\" class=\"attachment-csco-thumbnail-uncropped size-csco-thumbnail-uncropped wp-post-image\" alt=\"Kombo, salle de sport unique a\u0300 Nantes \u00a9Ludovic Harel\" decoding=\"async\"  \/>\t<img loading=\"lazy\" width=\"1044\" height=\"522\" src=\"https:\/\/www.europesays.com\/fr\/wp-content\/uploads\/2026\/01\/Kombo-salle-de-sport-unique-a-Nantes-\u00a9Ludovic-Harel-1044x522.png\" class=\"attachment-csco-large-uncropped size-csco-large-uncropped wp-post-image\" alt=\"Kombo, salle de sport unique a\u0300 Nantes \u00a9Ludovic Harel\" decoding=\"async\"  \/><\/p>\n<p>\nCr\u00e9dit : \u00a9Ludovic Harel<\/p>\n<p>Envie de te remettre au sport \u00e0 Nantes en 2026 sans pression ni crainte de la comp\u00e9tition ? Nous avons test\u00e9 pour toi <strong><a href=\"https:\/\/kombo-studio.com\/\" target=\"_blank\" rel=\"noreferrer noopener\">Kombo<\/a><\/strong>, un <strong>studio de sport ultra moderne<\/strong> situ\u00e9 en plein c\u0153ur de Nantes dans le quartier Graslin, et le concept pourrait bien te r\u00e9concilier avec l\u2019id\u00e9e d\u2019aller \u00e0 la salle !<\/p>\n<p>Kombo, le tout nouveau studio de sport install\u00e9 dans la rue Chapeau Rouge \u00e0 Nantes<\/p>\n<p>D\u00e8s l\u2019arriv\u00e9e, le ton est donn\u00e9. Kombo, c\u2019est un <strong>espace de 300 m\u00b2<\/strong>, ultra design, moderne et flambant neuf, pens\u00e9 pour le <strong>confort et le bien-\u00eatre des adh\u00e9rents<\/strong>.<\/p>\n<p><strong>\u00c0 l\u2019accueil,<\/strong> l\u2019ambiance est chaleureuse, loin des salles de sport impersonnelles. Ici, tout est fait pour que tu te sentes bien avant m\u00eame de commencer ta s\u00e9ance !\u00a0<\/p>\n<p><img loading=\"lazy\" decoding=\"async\" width=\"1160\" height=\"580\" src=\"https:\/\/www.europesays.com\/fr\/wp-content\/uploads\/2026\/01\/Salle-de-sport-Kombo-a-Nantes-\u00a9Ludovic-Harel-1160x580.png\" alt=\"Salle de sport Kombo a\u0300 Nantes \u00a9Ludovic Harel\" class=\"wp-image-131460\"  \/>Cr\u00e9dit : \u00a9Ludovic Harel \u2014 Salle de sport Kombo a\u0300 Nantes \u00a9Ludovic Harel<strong>Des cours en petit comit\u00e9<\/strong><\/p>\n<p>Chez Kombo Nantes, les <strong>cours se d\u00e9roulent exclusivement en petit groupe<\/strong>, avec un coach attentif \u00e0 chaque participant. Pas de comp\u00e9tition, pas de jugement : l\u2019objectif est clair, <strong>se d\u00e9penser, progresser et prendre du plaisir<\/strong>. Cet accompagnement personnalis\u00e9 te permet d\u2019avancer \u00e0 ton rythme, sans te fier du regard des autres.<\/p>\n<p><img loading=\"lazy\" decoding=\"async\" width=\"1160\" height=\"580\" src=\"https:\/\/www.europesays.com\/fr\/wp-content\/uploads\/2026\/01\/Des-cours-de-sport-personnalises-et-en-petit-groupe-a-Nantes-chez-Kombo-\u00a9Ludovic-Harel-1160x580.png\" alt=\"Des cours de sport personnalise\u0301s et en petit groupe a\u0300 Nantes chez Kombo \u00a9Ludovic Harel\" class=\"wp-image-131461\"  \/>Cr\u00e9dit : \u00a9Ludovic Harel \u2014 Des cours de sport personnalise\u0301s et en petit groupe a\u0300 Nantes chez Kombo \u00a9Ludovic Harel<strong>Des disciplines vari\u00e9es et parfois uniques \u00e0 Nantes<\/strong><\/p>\n<p>C\u00f4t\u00e9 activit\u00e9s, Kombo propose une <strong>large diversit\u00e9 de cours<\/strong>, dont certaines disciplines encore rares \u00e0 Nantes. On a test\u00e9 par exemple\u00a0le <strong>Fitboxing<\/strong>, une d\u00e9clinaison de la boxe avec des sacs de frappe remplis d\u2019eau pour un travail cardio et renforcement ultra efficace !<\/p>\n<p>Tu peux aussi t\u2019essayer au <strong>TRX, Bootcamp <\/strong>ou encore \u00e0 l\u2019incontournable <strong>Pilates. <\/strong>Les s\u00e9ances sont <strong>rythm\u00e9es, accessibles \u00e0 tous<\/strong>, et surtout tr\u00e8s ludiques. R\u00e9sultat : on se d\u00e9pense vraiment\u2026 sans voir le temps passer.<\/p>\n<p><strong>Une exp\u00e9rience premium jusque dans les d\u00e9tails<\/strong><\/p>\n<p>Apr\u00e8s l\u2019effort, place au r\u00e9confort. <strong>Vestiaires impeccables<\/strong>, serviettes propres \u00e0 disposition, caf\u00e9 apr\u00e8s la s\u00e9ance, et m\u00eame des \u00e9lastiques \u00e0 cheveux. Si t\u2019as oubli\u00e9 quoi que ce soit, tout est d\u00e9j\u00e0 sur place : <strong>Kombo pense \u00e0 tout.<\/strong> Un vrai plus qui transforme la s\u00e9ance de sport en <strong>exp\u00e9rience globale<\/strong>.<\/p>\n<p>Bonus non n\u00e9gligeable : avec un abonnement, tu peux aussi<strong> acc\u00e9der aux trois studios \u00d435<\/strong> \u00e0 Nantes et ses alentours, pour des cours de fitness aquatique. <strong>Et en janvier, le cours d\u2019essai est gratuit.<\/strong><\/p>\n","protected":false},"excerpt":{"rendered":"20 janvier 2026 \u00b7 Article sponsoris\u00e9 Cr\u00e9dit : \u00a9Ludovic Harel Envie de te remettre au sport \u00e0 Nantes&hellip;\n","protected":false},"author":2,"featured_media":676857,"comment_status":"","ping_status":"","sticky":false,"template":"","format":"standard","meta":{"footnotes":""},"categories":[2818],"tags":[1111,11,48554,1777,674,1011,27,766,12,4565,2636,25,3686,517],"class_list":{"0":"post-676856","1":"post","2":"type-post","3":"status-publish","4":"format-standard","5":"has-post-thumbnail","7":"category-nantes","8":"tag-actu","9":"tag-actualites","10":"tag-carrousel","11":"tag-eu","12":"tag-europe","13":"tag-fr","14":"tag-france","15":"tag-nantes","16":"tag-news","17":"tag-nouveau","18":"tag-pays-de-la-loire","19":"tag-republique-francaise","20":"tag-sortie","21":"tag-sport"},"share_on_mastodon":{"url":"https:\/\/pubeurope.com\/@fr\/115927796162242670","error":""},"_links":{"self":[{"href":"https:\/\/www.europesays.com\/fr\/wp-json\/wp\/v2\/posts\/676856","targetHints":{"allow":["GET"]}}],"collection":[{"href":"https:\/\/www.europesays.com\/fr\/wp-json\/wp\/v2\/posts"}],"about":[{"href":"https:\/\/www.europesays.com\/fr\/wp-json\/wp\/v2\/types\/post"}],"author":[{"embeddable":true,"href":"https:\/\/www.europesays.com\/fr\/wp-json\/wp\/v2\/users\/2"}],"replies":[{"embeddable":true,"href":"https:\/\/www.europesays.com\/fr\/wp-json\/wp\/v2\/comments?post=676856"}],"version-history":[{"count":0,"href":"https:\/\/www.europesays.com\/fr\/wp-json\/wp\/v2\/posts\/676856\/revisions"}],"wp:featuredmedia":[{"embeddable":true,"href":"https:\/\/www.europesays.com\/fr\/wp-json\/wp\/v2\/media\/676857"}],"wp:attachment":[{"href":"https:\/\/www.europesays.com\/fr\/wp-json\/wp\/v2\/media?parent=676856"}],"wp:term":[{"taxonomy":"category","embeddable":true,"href":"https:\/\/www.europesays.com\/fr\/wp-json\/wp\/v2\/categories?post=676856"},{"taxonomy":"post_tag","embeddable":true,"href":"https:\/\/www.europesays.com\/fr\/wp-json\/wp\/v2\/tags?post=676856"}],"curies":[{"name":"wp","href":"https:\/\/api.w.org\/{rel}","templated":true}]}}