{"id":67687,"date":"2025-05-01T20:18:08","date_gmt":"2025-05-01T20:18:08","guid":{"rendered":"https:\/\/www.europesays.com\/fr\/67687\/"},"modified":"2025-05-01T20:18:08","modified_gmt":"2025-05-01T20:18:08","slug":"gregory-doucet-et-bruno-bernard-condamnent-un-detournement-inacceptable-du-sens-du-1er-mai","status":"publish","type":"post","link":"https:\/\/www.europesays.com\/fr\/67687\/","title":{"rendered":"Gr\u00e9gory Doucet et Bruno Bernard condamnent \u00ab\u00a0un d\u00e9tournement inacceptable du sens du 1er mai\u00a0\u00bb"},"content":{"rendered":"<p>Violences et d\u00e9gradations \u00e0 Lyon : Gr\u00e9gory Doucet et Bruno Bernard condamnent \u00ab\u00a0un d\u00e9tournement inacceptable du sens du 1er mai\u00a0\u00bb &#8211; LyonMag<\/p>\n<p itemprop=\"description\"><strong>C&rsquo;est un discours de fermet\u00e9 qu&rsquo;ont choisi d&rsquo;adopter le maire de Lyon et le pr\u00e9sident de la M\u00e9tropole ce jeudi soir.<\/strong><\/p>\n<p>Alors que la manifestation du 1er-Mai, qui a rassembl\u00e9 entre 6500 et 10 000 personnes ce jeudi, a accueilli en son sein <a href=\"https:\/\/www.lyonmag.com\/article\/143711\/manif-du-1er-mai-a-lyon-une-mobilisation-equivalente-a-celle-de-l-an-dernier-les-blacks-blocs-font-du-degat\" target=\"_blank\" rel=\"noopener\">de nombreux black blocs et antifas violents<\/a>, <a href=\"https:\/\/www.lyonmag.com\/profil-personnalite-lyonnaise\/504\/gregory-doucet\" target=\"_blank\" rel=\"noopener\">Gr\u00e9gory Doucet<\/a> revient sur les \u00ab\u00a0d\u00e9gradations, violences et appels \u00e0 la haine\u00a0\u00bb constat\u00e9s dans le 7e arrondissement sur le parcours du cort\u00e8ge.<\/p>\n<p>\u00ab\u00a0Je condamne fermement ces actes qui ne sauraient se justifier. S\u2019en prendre \u00e0 des biens publics ou priv\u00e9s et saccager des lieux de vie est intol\u00e9rable. Je veux dire mon plein soutien aux victimes. Un immense merci revient aux agents de nettoyage, de police, et \u00e0 toutes les personnes mobilis\u00e9es \u00e0 la pr\u00e9servation de notre ville dans ces circonstances d\u00e9solantes\u00a0\u00bb, poursuit l&rsquo;\u00e9dile \u00e9cologiste.<\/p>\n<p>La Ville de Lyon avait, d\u00e8s jeudi apr\u00e8s-midi, <a href=\"https:\/\/www.lyonmag.com\/article\/143716\/manifestation-du-1er-mai-a-lyon-edouard-hoffmann-se-moque-de-la-promptitude-de-la-mairie-a-faire-effacer-le-tag-doucet-gav-un-jour-ferie\" target=\"_blank\" rel=\"noopener\">fait appel \u00e0 son prestataire malgr\u00e9 le jour f\u00e9ri\u00e9<\/a>, pour faire retirer les tags sur les fa\u00e7ades du campus des quais des universit\u00e9s Lyon 2 et Lyon 3, et notamment le tag \u00ab\u00a0Doucet GAV (garde \u00e0 vue ndlr)\u00a0\u00bb. Plus loin sur le quai Claude-Bernard, le si\u00e8ge du promoteur immobilier 6e Sens avait \u00e9t\u00e9 forc\u00e9 en vue d&rsquo;\u00eatre saccag\u00e9.<\/p>\n<p>De son c\u00f4t\u00e9, le pr\u00e9sident de la M\u00e9tropole <a href=\"https:\/\/www.lyonmag.com\/profil-personnalite-lyonnaise\/518\/bruno-bernard\" target=\"_blank\" rel=\"noopener\">Bruno Bernard<\/a> a estim\u00e9 que le 1er mai ne saurait \u00eatre un \u00ab\u00a0pr\u00e9texte \u00e0 la violence\u00a0\u00bb.<\/p>\n<p>\u00ab\u00a0S\u2019attaquer \u00e0 des \u00e9quipements ou \u00e0 des b\u00e2timents, c\u2019est s\u2019en prendre \u00e0 ce qui nous appartient collectivement. C\u2019est un d\u00e9tournement inacceptable du sens du 1er mai. J\u2019apporte tout mon soutien \u00e0 l\u2019entreprise 6\u00e8me Sens victime d\u2019un saccage\u00a0\u00bb, continue l&rsquo;\u00e9cologiste, remerciant \u00ab\u00a0l\u2019ensemble des agents publics de la M\u00e9tropole, des communes, du r\u00e9seau TCL qui devront remettre en \u00e9tat ce qui a \u00e9t\u00e9 ab\u00eem\u00e9. Ce sont des heures de travail, de l\u2019\u00e9nergie, et des moyens publics gaspill\u00e9s, alors qu\u2019ils devraient aller au service des habitantes et des habitants\u00a0\u00bb.<\/p>\n","protected":false},"excerpt":{"rendered":"Violences et d\u00e9gradations \u00e0 Lyon : Gr\u00e9gory Doucet et Bruno Bernard condamnent \u00ab\u00a0un d\u00e9tournement inacceptable du sens du&hellip;\n","protected":false},"author":2,"featured_media":67688,"comment_status":"","ping_status":"","sticky":false,"template":"","format":"standard","meta":{"footnotes":""},"categories":[1889],"tags":[1111,11,2813,2190,2430,1109,251,1112,2811,1777,674,118,1011,27,1922,1110,1114,2428,2810,12,241,316,25,2812,517,800],"class_list":{"0":"post-67687","1":"post","2":"type-post","3":"status-publish","4":"format-standard","5":"has-post-thumbnail","7":"category-lyon","8":"tag-actu","9":"tag-actualites","10":"tag-article","11":"tag-asvel","12":"tag-auvergne-rhone-alpes","13":"tag-breves","14":"tag-culture","15":"tag-depeches","16":"tag-economique","17":"tag-eu","18":"tag-europe","19":"tag-faits-divers","20":"tag-fr","21":"tag-france","22":"tag-info","23":"tag-informations","24":"tag-infos","25":"tag-lyon","26":"tag-lyonmag","27":"tag-news","28":"tag-ol","29":"tag-politique","30":"tag-republique-francaise","31":"tag-sociale","32":"tag-sport","33":"tag-transports"},"share_on_mastodon":{"url":"https:\/\/pubeurope.com\/@fr\/114434428664907427","error":""},"_links":{"self":[{"href":"https:\/\/www.europesays.com\/fr\/wp-json\/wp\/v2\/posts\/67687","targetHints":{"allow":["GET"]}}],"collection":[{"href":"https:\/\/www.europesays.com\/fr\/wp-json\/wp\/v2\/posts"}],"about":[{"href":"https:\/\/www.europesays.com\/fr\/wp-json\/wp\/v2\/types\/post"}],"author":[{"embeddable":true,"href":"https:\/\/www.europesays.com\/fr\/wp-json\/wp\/v2\/users\/2"}],"replies":[{"embeddable":true,"href":"https:\/\/www.europesays.com\/fr\/wp-json\/wp\/v2\/comments?post=67687"}],"version-history":[{"count":0,"href":"https:\/\/www.europesays.com\/fr\/wp-json\/wp\/v2\/posts\/67687\/revisions"}],"wp:featuredmedia":[{"embeddable":true,"href":"https:\/\/www.europesays.com\/fr\/wp-json\/wp\/v2\/media\/67688"}],"wp:attachment":[{"href":"https:\/\/www.europesays.com\/fr\/wp-json\/wp\/v2\/media?parent=67687"}],"wp:term":[{"taxonomy":"category","embeddable":true,"href":"https:\/\/www.europesays.com\/fr\/wp-json\/wp\/v2\/categories?post=67687"},{"taxonomy":"post_tag","embeddable":true,"href":"https:\/\/www.europesays.com\/fr\/wp-json\/wp\/v2\/tags?post=67687"}],"curies":[{"name":"wp","href":"https:\/\/api.w.org\/{rel}","templated":true}]}}