{"id":676870,"date":"2026-01-20T14:09:04","date_gmt":"2026-01-20T14:09:04","guid":{"rendered":"https:\/\/www.europesays.com\/fr\/676870\/"},"modified":"2026-01-20T14:09:04","modified_gmt":"2026-01-20T14:09:04","slug":"un-parcours-pense-pour-les-seniors-dans-le-14e-arrondissement-de-marseille","status":"publish","type":"post","link":"https:\/\/www.europesays.com\/fr\/676870\/","title":{"rendered":"Un parcours pens\u00e9 pour les seniors dans le 14e arrondissement de Marseille"},"content":{"rendered":"<p>\u00c0 l\u2019\u00e9chelle nationale comme <a href=\"https:\/\/www.laprovence.com\/article\/politique\/58656290286817\/demographie-a-marseille-renoue-avec-son-niveau-de-population-de-la-fin-des-annees-1960\" target=\"_blank\" rel=\"noopener\">\u00e0 Marseille, la d\u00e9mographie<\/a> suit une m\u00eame trajectoire\u00a0: le nombre de seniors progresse nettement, entra\u00eenant une hausse des besoins en accompagnement. Une \u00e9volution anticip\u00e9e par DomusVi, groupe sp\u00e9cialis\u00e9 dans la sant\u00e9 et l\u2019h\u00e9bergement des personnes \u00e2g\u00e9es.<\/p>\n<p>D\u00e9j\u00e0 fortement implant\u00e9e dans les Bouches-du-Rh\u00f4ne, l\u2019entreprise renforce aujourd\u2019hui son offre au c\u0153ur de la cit\u00e9 phoc\u00e9enne, avec un p\u00f4le pens\u00e9 comme un continuum de prise en charge.<\/p>\n<p>Pour Corinne Rolland, directrice des r\u00e9sidences Sainte-Marthe et Les Terrasses de <a href=\"https:\/\/www.laprovence.com\/article\/region\/527267523460314\/quartiers-de-marseille-a-sainte-marthe-comme-un-gout-d-autrefois\" target=\"_blank\" rel=\"noopener\">Sainte-Marthe<\/a>, \u00ab\u00a0l\u2019int\u00e9r\u00eat et la force de ce nouveau p\u00f4le, int\u00e9gr\u00e9 dans un m\u00eame b\u00e2timent, r\u00e9sident dans sa capacit\u00e9 \u00e0 proposer des services compl\u00e9mentaires, \u00e0 optimiser le parcours de nos r\u00e9sidents. Une personne encore autonome mais se sentant isol\u00e9e ou en ins\u00e9curit\u00e9 peut ainsi, dans un premier temps, int\u00e9grer la r\u00e9sidence autonomie\u00a0\u00bb.<\/p>\n<p>Pr\u00e9server la vie sociale des r\u00e9sidents<\/p>\n<p>La structure dispose ainsi de 14 appartements meubl\u00e9s pour une capacit\u00e9 d\u2019accueil de 25 personnes (1\u00a0372\u00a0euros pour un T2). Lorsque la situation \u00e9volue, l\u2019Ehpad prend le relais. Avec sa capacit\u00e9 de 73 lits (2\u00a0662\u00a0euros mensuels) il mobilise toute une cha\u00eene de professionnels \u2013 m\u00e9decins g\u00e9n\u00e9ralistes, aides-soignants, <a href=\"https:\/\/www.laprovence.com\/article\/societe\/1908883677197414\/lordre-des-kinesitherapeutes-veut-interdire-dexercice-tout-soignant-condamne-pour-des-faits-de-nature-sexuelle\" target=\"_blank\" rel=\"noopener\">kin\u00e9sith\u00e9rapeutes<\/a>, orthophonistes, nutritionnistes \u2013 au service d\u2019une population dont l\u2019\u00e2ge moyen est de 84\u00a0ans.<\/p>\n<p><img alt=\"Nouvelle r\u00e9sidence seniors \u00e0 Sainte-Marthe\" loading=\"lazy\" decoding=\"async\" data-nimg=\"fill\" class=\" TwicCore_img__i9TC1 undefined  undefined\" style=\"position:absolute;height:100%;width:100%;left:0;top:0;right:0;bottom:0;color:transparent;background-size:cover;background-position:50% 50%;background-repeat:no-repeat;background-image:url(&quot;data:image\/svg+xml;charset=utf-8,%3Csvg xmlns='http:\/\/www.w3.org\/2000\/svg' %3E%3Cfilter id='b' color-interpolation-filters='sRGB'%3E%3CfeGaussianBlur stdDeviation='20'\/%3E%3CfeColorMatrix values='1 0 0 0 0 0 1 0 0 0 0 0 1 0 0 0 0 0 100 -1' result='s'\/%3E%3CfeFlood x='0' y='0' width='100%25' height='100%25'\/%3E%3CfeComposite operator='out' in='s'\/%3E%3CfeComposite in2='SourceGraphic'\/%3E%3CfeGaussianBlur stdDeviation='20'\/%3E%3C\/filter%3E%3Cimage width='100%25' height='100%25' x='0' y='0' preserveAspectRatio='none' style='filter: url(%23b);' href='data:image\/webp;base64,UklGRjYDAABXRUJQVlA4ICoDAABwOwCdASpYAjMBPkkkkEYipC2hIHHIYbAJCWlu4XY+BNqD18Y8NfsAGklspy5cuXLly5cuXLly5cuXLly5cuXLly5cuXLly5cuXLly5cuXLly5cuXLly5cuXLly5cuXLly5cuXLly5cuXLly5cuXLly5cOmSMpCYAqxrZTly5cuXLlb+kGzWSu8K3E1y5cuXLly5cuXLly586rC9hJ59veBEwBVjWynLly5cuXLug2VFzeerXpFBoE1DzVqRnK9boVWdU5uGOkJgCrGtlOXLl3LvfxUZpxwRcmsj79wb4EbKlE\/r22O42hBnpQFwx0hMAVY1spy4YzRxqGxu6c2HW2qsf0YBKFRSEwBVjWynLly5cuaOzYEbNk92seqt0qoLUhMAVY1spy5crUBhXE756j\/F5H4PuLhYztBdg85f1XvYrGtlOXLly5cuXLly8BqjFLIyVJAdajjWODMD9LlVAXDHSEwBVjWynLly9tbE8pMCyjcR7xcMdITAFWNbKcuXLly+D+fa3VF4N6KxrZTly5cuXLly5cuXLly5cuXLly5cuXLly5cuXLly5cuXLly5cuXLly5cuXLly5cuXLly5cuXLly5cuXLly5cuXLly5cuXLly5cuXLly5cuXLly5cuXLhAAAP7\/oF7\/uk\/U\/0X960XRsIAEB2AAAAAAN70kr1HHyAOX3hkoohV27A67FGK7ZDJxBrJxh4Ojbr\/WDeEfz\/7o3pHj59TQ8XGsQUhr3sN7hFK2Jryx8ktgST6T5ReQQ3\/8iFy18d24oI\/ehYDZRlXUy0Kupe8Eo1oGLy7EtnzszCA7wOSYi2TuBOTEajrI03t4X5RtPEfwApDODep6IxUiWEqwc10ClsN9PiXJYP\/ftxQ4kB\/fvVojv0hPD+UslrCvnBMHKjiIKuNWc2UVssi9Sc7OFkej4bXkVzuyn3wK6aai9cjlMoDj0aFvX1cABgc2Kb52QF9UStQKG7NBnYzqQyNQam2c8hYLfhjPkZw8Wtbagqpsowi5hfki1bc1bmdFsUiBCz012jpiep8diCSRABf4vizRKv35xIIAoAAAAAAAAAAAAAA='\/%3E%3C\/svg%3E&quot;)\"   src=\"https:\/\/www.europesays.com\/fr\/wp-content\/uploads\/2026\/01\/nouvelle-residence-seniors-a-sainte-marthe-1768916404_5695841b3e6964a95841b3e690e958v_.jpg\"\/>Nouvelle r\u00e9sidence seniors \u00e0 Sainte-Marthe \/ Photo Michel Garret<\/p>\n<p>Un suivi m\u00e9dical personnalis\u00e9, auquel s\u2019ajoute une attention particuli\u00e8re port\u00e9e \u00e0 la qualit\u00e9 de vie. \u00ab\u00a0Il est essentiel que nos r\u00e9sidents conservent une vie sociale\u00a0\u00bb, souligne Corinne Rolland. \u00ab\u00a0Les familles sont les bienvenues et nous proposons des activit\u00e9s favorisant le lien interg\u00e9n\u00e9rationnel et l\u2019ancrage dans la vie du quartier et de la commune.\u00a0\u00bb<\/p>\n<p>Incarn\u00e9e par la formule \u00ab\u00a0Aider <a href=\"https:\/\/www.laprovence.com\/article\/sante\/6346049645655514\/journee-nationale-des-aidants-un-sens-a-leur-vie-mais-tres-couteux-pour-leur-sante-physique-et-mentale\" target=\"_blank\" rel=\"noopener\">les aidants<\/a>\u00ab\u00a0, DomusVi revendique \u00e9galement une politique active en faveur de ses salari\u00e9s\u00a0: accompagnement pour la recherche d\u2019un logement, d\u2019une \u00e9cole, acc\u00e8s \u00e0 la formation. Pour cette agente de service hospitalier, il serait aujourd\u2019hui impossible de revenir travailler dans un bureau, \u00ab\u00a0les r\u00e9sidents me donnent beaucoup, ma famille je l\u2019ai fait grandir \u00e0 travers eux\u00a0\u00bb. Eux, ce sont aussi des visages et des histoires. Comme Madame Gheysens, n\u00e9e en\u00a01938, adepte du loto et de la poterie, qui confie avoir retrouv\u00e9 ici \u00ab\u00a0un peu de plaisir \u00e0 la vie. On discute beaucoup, on ne s\u2019ennuie pas\u00a0\u00bb.<\/p>\n<p>\u00c0 quelques m\u00e8tres de l\u00e0, adoss\u00e9e aux r\u00e9sidences, une cr\u00e8che compl\u00e8te le site. Comme un fil tendu entre les g\u00e9n\u00e9rations, dans une ville en pleine \u00e9volution d\u00e9mographique.<\/p>\n","protected":false},"excerpt":{"rendered":"\u00c0 l\u2019\u00e9chelle nationale comme \u00e0 Marseille, la d\u00e9mographie suit une m\u00eame trajectoire\u00a0: le nombre de seniors progresse nettement,&hellip;\n","protected":false},"author":2,"featured_media":676871,"comment_status":"","ping_status":"","sticky":false,"template":"","format":"standard","meta":{"footnotes":""},"categories":[2814],"tags":[5734,1111,11,1446,1777,674,1011,27,151,884,12,4565,43453,22534,471,882,16,25,3552],"class_list":{"0":"post-676870","1":"post","2":"type-post","3":"status-publish","4":"format-standard","5":"has-post-thumbnail","7":"category-marseille","8":"tag-5734","9":"tag-actu","10":"tag-actualites","11":"tag-dans","12":"tag-eu","13":"tag-europe","14":"tag-fr","15":"tag-france","16":"tag-les","17":"tag-marseille","18":"tag-news","19":"tag-nouveau","20":"tag-pense","21":"tag-pole","22":"tag-pour","23":"tag-provence-alpes-cote-dazur","24":"tag-region","25":"tag-republique-francaise","26":"tag-seniors"},"share_on_mastodon":{"url":"https:\/\/pubeurope.com\/@fr\/115927827399759803","error":""},"_links":{"self":[{"href":"https:\/\/www.europesays.com\/fr\/wp-json\/wp\/v2\/posts\/676870","targetHints":{"allow":["GET"]}}],"collection":[{"href":"https:\/\/www.europesays.com\/fr\/wp-json\/wp\/v2\/posts"}],"about":[{"href":"https:\/\/www.europesays.com\/fr\/wp-json\/wp\/v2\/types\/post"}],"author":[{"embeddable":true,"href":"https:\/\/www.europesays.com\/fr\/wp-json\/wp\/v2\/users\/2"}],"replies":[{"embeddable":true,"href":"https:\/\/www.europesays.com\/fr\/wp-json\/wp\/v2\/comments?post=676870"}],"version-history":[{"count":0,"href":"https:\/\/www.europesays.com\/fr\/wp-json\/wp\/v2\/posts\/676870\/revisions"}],"wp:featuredmedia":[{"embeddable":true,"href":"https:\/\/www.europesays.com\/fr\/wp-json\/wp\/v2\/media\/676871"}],"wp:attachment":[{"href":"https:\/\/www.europesays.com\/fr\/wp-json\/wp\/v2\/media?parent=676870"}],"wp:term":[{"taxonomy":"category","embeddable":true,"href":"https:\/\/www.europesays.com\/fr\/wp-json\/wp\/v2\/categories?post=676870"},{"taxonomy":"post_tag","embeddable":true,"href":"https:\/\/www.europesays.com\/fr\/wp-json\/wp\/v2\/tags?post=676870"}],"curies":[{"name":"wp","href":"https:\/\/api.w.org\/{rel}","templated":true}]}}