{"id":676988,"date":"2026-01-20T15:20:10","date_gmt":"2026-01-20T15:20:10","guid":{"rendered":"https:\/\/www.europesays.com\/fr\/676988\/"},"modified":"2026-01-20T15:20:10","modified_gmt":"2026-01-20T15:20:10","slug":"un-beretta-dans-la-boite-a-gants-et-un-assortiment-de-produits-stupefiants-entre-les-sieges","status":"publish","type":"post","link":"https:\/\/www.europesays.com\/fr\/676988\/","title":{"rendered":"un Beretta dans la bo\u00eete \u00e0 gants et un assortiment de produits stup\u00e9fiants entre les si\u00e8ges"},"content":{"rendered":"<p>Les <a href=\"https:\/\/www.laprovence.com\/article\/faits-divers-justice\/86867645373600\/une-kalachnikov-decouverte-sous-le-siege-d-une-conductrice-a-marseille-lors-d-un-controle-routier\" target=\"_blank\" rel=\"noopener\">contr\u00f4les routiers<\/a> r\u00e9v\u00e8lent parfois des d\u00e9lits moins attendus qu\u2019un d\u00e9faut de permis de conduire ou d\u2019assurance. C\u2019est en tout cas ce qu\u2019ont v\u00e9rifi\u00e9 coup sur coup les forces de l\u2019ordre hier soir lundi 19\u00a0janvier et dans le courant de la nuit derni\u00e8re.<\/p>\n<p>Rue <a href=\"https:\/\/www.laprovence.com\/article\/region\/2220496053009814\/jouques-et-marseille-la-cheffe-alexia-macias-prend-l-air-a-saint-bacchi-et-au-couvent-levat\" target=\"_blank\" rel=\"noopener\">Levat<\/a> d\u2019abord, c\u2019est un v\u00e9hicule en stationnement g\u00eanant, avec deux occupants d\u2019une quarantaine d\u2019ann\u00e9es \u00e0 son bord, qui a motiv\u00e9 un contr\u00f4le des <a href=\"https:\/\/www.laprovence.com\/article\/faits-divers-justice\/1012858508048715\/a-marseille-la-crs-de-nouvelle-generation-fete-ses-deux-ans-dexistence\" target=\"_blank\" rel=\"noopener\">CRS<\/a> alors en patrouille dans le 3e arrondissement de Marseille.<\/p>\n<p>Soup\u00e7on de livraison Ubershit<\/p>\n<p>Tandis qu\u2019ils examinaient les papiers du conducteur et faisaient le tour du v\u00e9hicule, les policiers ont eu l\u2019attention attir\u00e9e par un sac, n\u00e9gligemment fourr\u00e9 entre les deux si\u00e8ges avant.<\/p>\n<p>Le contenu du cabas a valu \u00e0 ses propri\u00e9taires, soup\u00e7onn\u00e9s de faire de la livraison \u00ab\u00a0<a href=\"https:\/\/www.laprovence.com\/article\/faits-divers-justice\/18104405338885\/une-equipe-de-livraison-ubershit-interpellee-dans-le-15e-arrondissement-de-marseille\" target=\"_blank\" rel=\"noopener\">Ubershit<\/a>\u00ab\u00a0, d\u2019\u00eatre interpell\u00e9s et ramen\u00e9s dans les locaux de la division Nord, tandis que 608 grammes de r\u00e9sine de cannabis, 134 grammes d\u2019herbe, 24 grammes de coca\u00efne et 700 euros \u00e9taient plac\u00e9s sous scell\u00e9s.<\/p>\n<p>Un pistolet dans la bo\u00eete \u00e0 gants d&rsquo;un mineur de 16 ans<\/p>\n<p>Plus tard dans la nuit, c\u2019est toujours dans le 3e arrondissement, mais cette fois-ci <a href=\"https:\/\/www.laprovence.com\/article\/faits-divers-justice\/6916015\/les-dessous-dun-assassinat-en-trottinette-electrique.html\" target=\"_blank\" rel=\"noopener\">rue Fran\u00e7ois Barbini<\/a>, qu\u2019un \u00e9quipage de police a fait une curieuse trouvaille lors du contr\u00f4le du jeune pilote d\u2019un scooter.<\/p>\n<p>Dans la bo\u00eete \u00e0 gants du deux-roues, \u00e9tait en effet rang\u00e9e une arme de poing qui s\u2019est av\u00e9r\u00e9e \u00eatre un <a href=\"https:\/\/www.laprovence.com\/article\/edition-marseille\/2311513\/une-arme-de-la-police-entre-les-mains-dun-trafiquant.html\" target=\"_blank\" rel=\"noopener\">pistolet Beretta<\/a>, avec lequel voisinaient 480\u00a0euros en argent liquide. Interpell\u00e9, le motocycliste \u00e2g\u00e9 d\u2019\u00e0 peine 16\u00a0ans a \u00e9t\u00e9 plac\u00e9 en garde \u00e0 vue.<\/p>\n","protected":false},"excerpt":{"rendered":"Les contr\u00f4les routiers r\u00e9v\u00e8lent parfois des d\u00e9lits moins attendus qu\u2019un d\u00e9faut de permis de conduire ou d\u2019assurance. C\u2019est&hellip;\n","protected":false},"author":2,"featured_media":676989,"comment_status":"","ping_status":"","sticky":false,"template":"","format":"standard","meta":{"footnotes":""},"categories":[2814],"tags":[5734,1111,11,77546,22736,10787,1446,1777,674,274,1011,27,884,12,36406,882,25,17027],"class_list":{"0":"post-676988","1":"post","2":"type-post","3":"status-publish","4":"format-standard","5":"has-post-thumbnail","7":"category-marseille","8":"tag-5734","9":"tag-actu","10":"tag-actualites","11":"tag-beretta","12":"tag-boite","13":"tag-controles","14":"tag-dans","15":"tag-eu","16":"tag-europe","17":"tag-faits-divers-justice","18":"tag-fr","19":"tag-france","20":"tag-marseille","21":"tag-news","22":"tag-pistolet","23":"tag-provence-alpes-cote-dazur","24":"tag-republique-francaise","25":"tag-routiers"},"share_on_mastodon":{"url":"https:\/\/pubeurope.com\/@fr\/115928106524009291","error":""},"_links":{"self":[{"href":"https:\/\/www.europesays.com\/fr\/wp-json\/wp\/v2\/posts\/676988","targetHints":{"allow":["GET"]}}],"collection":[{"href":"https:\/\/www.europesays.com\/fr\/wp-json\/wp\/v2\/posts"}],"about":[{"href":"https:\/\/www.europesays.com\/fr\/wp-json\/wp\/v2\/types\/post"}],"author":[{"embeddable":true,"href":"https:\/\/www.europesays.com\/fr\/wp-json\/wp\/v2\/users\/2"}],"replies":[{"embeddable":true,"href":"https:\/\/www.europesays.com\/fr\/wp-json\/wp\/v2\/comments?post=676988"}],"version-history":[{"count":0,"href":"https:\/\/www.europesays.com\/fr\/wp-json\/wp\/v2\/posts\/676988\/revisions"}],"wp:featuredmedia":[{"embeddable":true,"href":"https:\/\/www.europesays.com\/fr\/wp-json\/wp\/v2\/media\/676989"}],"wp:attachment":[{"href":"https:\/\/www.europesays.com\/fr\/wp-json\/wp\/v2\/media?parent=676988"}],"wp:term":[{"taxonomy":"category","embeddable":true,"href":"https:\/\/www.europesays.com\/fr\/wp-json\/wp\/v2\/categories?post=676988"},{"taxonomy":"post_tag","embeddable":true,"href":"https:\/\/www.europesays.com\/fr\/wp-json\/wp\/v2\/tags?post=676988"}],"curies":[{"name":"wp","href":"https:\/\/api.w.org\/{rel}","templated":true}]}}