{"id":676997,"date":"2026-01-20T15:26:11","date_gmt":"2026-01-20T15:26:11","guid":{"rendered":"https:\/\/www.europesays.com\/fr\/676997\/"},"modified":"2026-01-20T15:26:11","modified_gmt":"2026-01-20T15:26:11","slug":"les-tgv-ouigo-entre-nancy-et-paris-de-retour-en-2026","status":"publish","type":"post","link":"https:\/\/www.europesays.com\/fr\/676997\/","title":{"rendered":"les TGV Ouigo entre Nancy et Paris de retour en 2026"},"content":{"rendered":"<p>                    Par<br \/>\n        <strong><br \/>\n            <a href=\"https:\/\/actu.fr\/auteur\/amandine-mehl\" title=\"Consulter tous les articles de Amandine Mehl\" target=\"_blank\" rel=\"noopener\">Amandine Mehl<\/a><br \/>\n                    <\/strong><\/p>\n<p>        Publi\u00e9 le<\/p>\n<p>            20 janv. 2026 \u00e0 14h52        <\/p>\n<p>Mathieu Klein avait, semble-t-il, raison de garder espoir.\u00a0Apr\u00e8s la r\u00e9ouverture de la ligne entre <a href=\"https:\/\/actu.fr\/grand-est\/nancy_54395\/sncf-bientot-un-second-aller-retour-quotidien-entre-nancy-et-lyon-voici-a-partir-de-quand_63212486.html\" target=\"_blank\" rel=\"noopener\">Nancy et Lyon<\/a>, <a href=\"https:\/\/actu.fr\/tag\/sncf\" target=\"_blank\" rel=\"noopener\">SNCF<\/a> Voyageurs vient d\u2019annoncer, ce mardi 20\u00a0janvier 2026, le retour des <a href=\"https:\/\/actu.fr\/grand-est\/nancy_54395\/pas-d-annonce-de-la-sncf-pour-le-retour-du-tgv-ouigo-nancy-paris-en-2026-mathieu-klein-garde-espoir_63532838.html#google_vignette\" target=\"_blank\" rel=\"noopener\">TGV Ouigo<\/a> dans la cit\u00e9 ducale.<\/p>\n<p>Retour du TGV Ouigo \u00e0 Nancy<\/p>\n<p class=\" wall-content\">\u00c0 compter de d\u00e9cembre\u00a02026, un <strong>nouvel aller-retour quotidien<\/strong> entre Paris et Strasbourg s\u2019ajoutera aux deux allers-retours existants. Si la gare de Metz \u00e9tait d\u00e9j\u00e0 desservie, un arr\u00eat sera d\u00e9sormais propos\u00e9 \u00e0 <strong>Nancy<\/strong> et \u00e0 Champagne-Ardenne TGV.<\/p>\n<p class=\" wall-content\">Un retour salu\u00e9 par le maire de Nancy et pr\u00e9sident du Grand Nancy\u2009: \u00ab\u2009Nancy redevient progressivement une <strong>place ferroviaire forte<\/strong>. Le retour de Ouigo, l\u2019offre low cost de SNCF Voyageurs, est \u00e9galement une tr\u00e8s bonne nouvelle pour le pouvoir d\u2019achat des Nanc\u00e9iens et des Grand Nanc\u00e9iens\u2009\u00bb, a-t-il d\u00e9clar\u00e9.<\/p>\n<p class=\" wall-content\">Personnalisez votre actualit\u00e9 en ajoutant vos villes et m\u00e9dias en favori avec <a href=\"https:\/\/moncompte.actu.fr\" title=\"D\u00e9couvez Mon Actu\" rel=\"nofollow noopener\" data-trk=\"{&quot;cta&quot;:{&quot;action&quot;:&quot;https:\\\/\\\/moncompte.actu.fr&quot;,&quot;category&quot;:&quot;mon compte&quot;,&quot;from&quot;:&quot;article footer&quot;,&quot;name&quot;:&quot;Mon actu&quot;,&quot;type&quot;:&quot;cta&quot;}}\" target=\"_blank\">Mon Actu<\/a>.<\/p>\n","protected":false},"excerpt":{"rendered":"Par Amandine Mehl Publi\u00e9 le 20 janv. 2026 \u00e0 14h52 Mathieu Klein avait, semble-t-il, raison de garder espoir.\u00a0Apr\u00e8s&hellip;\n","protected":false},"author":2,"featured_media":676998,"comment_status":"","ping_status":"","sticky":false,"template":"","format":"standard","meta":{"footnotes":""},"categories":[1888],"tags":[1111,1928,11,1927,1777,674,1011,27,12,1926,23443,626,1925,25,2215,104],"class_list":{"0":"post-676997","1":"post","2":"type-post","3":"status-publish","4":"format-standard","5":"has-post-thumbnail","7":"category-paris","8":"tag-actu","9":"tag-actu-paris","10":"tag-actualites","11":"tag-actualites-paris","12":"tag-eu","13":"tag-europe","14":"tag-fr","15":"tag-france","16":"tag-news","17":"tag-news-paris","18":"tag-ouigo","19":"tag-paris","20":"tag-paris-news","21":"tag-republique-francaise","22":"tag-sncf","23":"tag-societe"},"share_on_mastodon":{"url":"https:\/\/pubeurope.com\/@fr\/115928130137942878","error":""},"_links":{"self":[{"href":"https:\/\/www.europesays.com\/fr\/wp-json\/wp\/v2\/posts\/676997","targetHints":{"allow":["GET"]}}],"collection":[{"href":"https:\/\/www.europesays.com\/fr\/wp-json\/wp\/v2\/posts"}],"about":[{"href":"https:\/\/www.europesays.com\/fr\/wp-json\/wp\/v2\/types\/post"}],"author":[{"embeddable":true,"href":"https:\/\/www.europesays.com\/fr\/wp-json\/wp\/v2\/users\/2"}],"replies":[{"embeddable":true,"href":"https:\/\/www.europesays.com\/fr\/wp-json\/wp\/v2\/comments?post=676997"}],"version-history":[{"count":0,"href":"https:\/\/www.europesays.com\/fr\/wp-json\/wp\/v2\/posts\/676997\/revisions"}],"wp:featuredmedia":[{"embeddable":true,"href":"https:\/\/www.europesays.com\/fr\/wp-json\/wp\/v2\/media\/676998"}],"wp:attachment":[{"href":"https:\/\/www.europesays.com\/fr\/wp-json\/wp\/v2\/media?parent=676997"}],"wp:term":[{"taxonomy":"category","embeddable":true,"href":"https:\/\/www.europesays.com\/fr\/wp-json\/wp\/v2\/categories?post=676997"},{"taxonomy":"post_tag","embeddable":true,"href":"https:\/\/www.europesays.com\/fr\/wp-json\/wp\/v2\/tags?post=676997"}],"curies":[{"name":"wp","href":"https:\/\/api.w.org\/{rel}","templated":true}]}}