{"id":67703,"date":"2025-05-01T20:28:12","date_gmt":"2025-05-01T20:28:12","guid":{"rendered":"https:\/\/www.europesays.com\/fr\/67703\/"},"modified":"2025-05-01T20:28:12","modified_gmt":"2025-05-01T20:28:12","slug":"lindustrie-record-du-royaume-uni-met-en-garde-contre-les-amendements-de-projet-de-loi-sur-le-droit-dauteur-du-gouvernement-britannique","status":"publish","type":"post","link":"https:\/\/www.europesays.com\/fr\/67703\/","title":{"rendered":"L&rsquo;industrie record du Royaume-Uni met en garde contre les amendements de projet de loi sur le droit d&rsquo;auteur du gouvernement britannique"},"content":{"rendered":"<p>Les rapports de cette semaine selon lesquels le gouvernement britannique pourrait \u00e9loigner d&rsquo;une proposition visant \u00e0 desserrer les r\u00e8gles du droit d&rsquo;auteur pour les soci\u00e9t\u00e9s de l&rsquo;IA pourrait \u00eatre la bienvenue des nouvelles pour les cr\u00e9ateurs et les titulaires de droit d&rsquo;auteur, mais l&rsquo;organisme commercial pour l&rsquo;industrie musicale enregistr\u00e9e du Royaume-Uni met en garde contre les c\u00e9l\u00e9brations pr\u00e9matur\u00e9es.<\/p>\n<p>Les modifications propos\u00e9es \u00e0 la nouvelle loi sur les donn\u00e9es du Royaume-Uni \u00ab\u00a0ne devraient pas \u00eatre consid\u00e9r\u00e9es comme un gain pour les industries cr\u00e9atives\u00a0\u00bb, a d\u00e9clar\u00e9 <strong>Sophie Jones<\/strong>Directeur de la strat\u00e9gie au <strong>Industrie phonographique britannique<\/strong> (<strong>BPI<\/strong>).<\/p>\n<p>\u00ab\u00a0Nous nous attendrions \u00e0 une analyse approfondie de l&rsquo;impact \u00e9conomique de l&rsquo;affaiblissement propos\u00e9 par le gouvernement du droit d&rsquo;auteur en tant que partie normale de tout processus politique, nous ne les consid\u00e9rons donc pas comme des concessions\u00a0\u00bb, a d\u00e9clar\u00e9 Jones dans un communiqu\u00e9 envoy\u00e9 aux m\u00e9dias.<\/p>\n<p>\u00ab\u00a0Cependant, nous sommes impatients de fournir notre expertise sur l&rsquo;industrie musicale et le droit d&rsquo;auteur \u00e0 mesure que ces rapports sont compil\u00e9s.\u00a0\u00bb<\/p>\n<p>Un rapport dans Le gardien mercredi 30 avril a indiqu\u00e9 que le gouvernement travailliste du Premier ministre <strong>Sir Keir Starmer<\/strong> Peut adoucir sa position sur une proposition, d\u00e9pos\u00e9e plus t\u00f4t cette ann\u00e9e, pour permettre aux d\u00e9veloppeurs d&rsquo;IA d&rsquo;utiliser du mat\u00e9riel prot\u00e9g\u00e9 par le droit d&rsquo;auteur sans l&rsquo;autorisation de former leurs mod\u00e8les, \u00e0 moins que les propri\u00e9taires d&rsquo;auteur ne se \u00abne deviennent\u00bb express\u00e9ment que de l&rsquo;utilisation de leur contenu.<\/p>\n<p>Les modifications propos\u00e9es devraient \u00eatre vot\u00e9es au Parlement la semaine prochaine.<\/p>\n<p>Selon Le gardienles ministres ont r\u00e9dig\u00e9 des modifications \u00e0 la facture de donn\u00e9es qui incluent les promesses de proc\u00e9der \u00e0 une \u00e9valuation de l&rsquo;impact \u00e9conomique des changements controvers\u00e9s et de publier des rapports sur la transparence, les licences et l&rsquo;acc\u00e8s aux donn\u00e9es pour les d\u00e9veloppeurs d&rsquo;IA.<\/p>\n<p>\u00ab\u00a0Surtout, et surtout, nous exhortons le gouvernement \u00e0 hi\u00e9rarchiser l&rsquo;introduction de mesures de transparence\u00a0\u00bb, a d\u00e9clar\u00e9 Jones, ajoutant que \u00ab\u00a0ce n&rsquo;est pas une question de droit d&rsquo;auteur, mais une exigence cl\u00e9 qui stimulera une licence dynamique et un syst\u00e8me de bonne application que le gouvernement lui-m\u00eame est ambitieux pour voir, et permettra \u00e0 la fois les secteurs cr\u00e9atifs et les secteurs de l&rsquo;AI pour se d\u00e9velopper en tasl\u00e8me.\u00a0\u00bb<\/p>\n<blockquote>\n<p>\u00abNous nous attendrions \u00e0 une analyse approfondie de l&rsquo;impact \u00e9conomique de l&rsquo;affaiblissement propos\u00e9 par le gouvernement du droit d&rsquo;auteur en tant que partie normale de tout processus politique, nous ne les consid\u00e9rons donc pas comme des concessions.\u00bb<\/p>\n<p>Sophie Jones, BPI<\/p>\n<\/blockquote>\n<p>Cela vient dans le sillage des fortes critiques du projet de loi de nombreuses industries cr\u00e9atives, y compris des artistes musicaux \u00e9minents tels que <strong>Elton John<\/strong> et <strong>Paul McCartney<\/strong>qui a critiqu\u00e9 ce qu&rsquo;ils consid\u00e8rent comme un grave sapeur des droits et de la capacit\u00e9 des cr\u00e9ateurs \u00e0 gagner sa vie de leur travail.<\/p>\n<p>Les chefs des trois majors de musique \u2013 <strong>Groupe de musique Sony<\/strong> Pr\u00e9sident <strong>Rob Stringer<\/strong>, <strong>Groupe de musique universel<\/strong> Pr\u00e9sident <strong>Sir Lucian Grainge<\/strong>et <strong>Groupe de musique Warner<\/strong> PDG <strong>Robert Kyncl<\/strong> \u2013 Tous ont rejoint une campagne pour s&rsquo;opposer aux changements, que le gouvernement a r\u00e9dig\u00e9 dans le cadre d&rsquo;un effort pour rendre le Royaume-Uni plus comp\u00e9titif dans la course au d\u00e9veloppement de l&rsquo;IA.<\/p>\n<p>BPI n&rsquo;est pas la seule \u00e0 avoir une vision sceptique des changements de derni\u00e8re minute du gouvernement. Selon Le gardienles lib\u00e9raux-d\u00e9mocrates de l&rsquo;opposition ont annonc\u00e9 leur intention de d\u00e9poser leurs propres changements qui obligeraient les soci\u00e9t\u00e9s \u00e0 l&rsquo;IA \u00e0 respecter la loi sur le droit d&rsquo;auteur en cours.<\/p>\n<p>Pendant ce temps, pair de banc crois\u00e9 <strong>Beeban kidron<\/strong> a d\u00e9clar\u00e9 que les modifications ne \u00abse sont pas r\u00e9unies\u00bb et que le plan du gouvernement pour \u00e9tudier l&rsquo;impact potentiel des modifications de la loi sur le droit d&rsquo;auteur revient \u00e0 \u00abpousser le probl\u00e8me dans les herbes longues avec des rapports et des avis\u00bb.<\/p>\n<p><strong>Ed Newton-Rex<\/strong>l&rsquo;ancien vice-pr\u00e9sident de l&rsquo;audio \u00e0 Stabilit\u00e9 AI qui a d\u00e9missionn\u00e9 de l&rsquo;insistance de l&rsquo;entreprise sur le fait que l&rsquo;utilisation du mat\u00e9riel prot\u00e9g\u00e9 par le droit d&rsquo;auteur sans autorisation est une \u00abutilisation \u00e9quitable\u00bb, a d\u00e9clar\u00e9 qu&rsquo;il y avait \u00abune tonne de preuves\u00bb montrant que les changements propos\u00e9s \u00e9taient \u00abterribles pour les cr\u00e9ateurs\u00bb.<\/p>\n<p>\u00ab\u00a0Nous n&rsquo;avons pas besoin d&rsquo;une \u00e9valuation d&rsquo;impact pour nous le dire\u00a0\u00bb, a-t-il d\u00e9clar\u00e9, comme cit\u00e9 dans Le gardien.<\/p>\n<p>Newton-Rex a fait l&rsquo;alarme en janvier lorsqu&rsquo;un \u00abplan d&rsquo;action d&rsquo;opportunit\u00e9s\u00bb pour le d\u00e9veloppement de l&rsquo;IA a \u00e9t\u00e9 livr\u00e9 au Parlement, y compris la proposition visant \u00e0 desserrer la loi sur le droit d&rsquo;auteur. Il faisait partie des organisateurs de \u00abl&rsquo;album silencieux\u00bb, une manifestation contre les changements propos\u00e9s qui impliquaient plus que <strong>1 000<\/strong> artistes, y compris <strong>Damon Albarn<\/strong>, <strong>Kate Bush<\/strong>et <strong>Annie Lennox<\/strong>.<\/p>\n<p>\u00ab\u00a0Nous pourrions b\u00e9n\u00e9ficier de tous les avantages du plan d&rsquo;action et \u00eatre un leader de l&rsquo;IA, sans bouleverser la loi sur le droit d&rsquo;auteur\u00a0\u00bb, a d\u00e9clar\u00e9 Newton-Rex plus t\u00f4t cette ann\u00e9e.<\/p>\n<p>Le projet de loi britannique sur les donn\u00e9es survient \u00e0 un moment o\u00f9 les entreprises d&rsquo;IA repoussent de plus en plus contre les industries cr\u00e9atives dans le diff\u00e9rend en cours sur l&rsquo;utilisation des \u0153uvres prot\u00e9g\u00e9es par le droit d&rsquo;auteur dans la formation de l&rsquo;IA.<\/p>\n<p>Les deux <strong>Google<\/strong> et <strong>Openai<\/strong>deux principaux acteurs de l&rsquo;espace de l&rsquo;IA, ont fait valoir dans les soumissions au gouvernement britannique que les changements propos\u00e9s ne vont pas assez loin, et les soci\u00e9t\u00e9s de l&rsquo;IA devraient \u00eatre libres d&rsquo;utiliser des \u0153uvres prot\u00e9g\u00e9es par le droit d&rsquo;auteur sans restrictions.<\/p>\n<p>Mais peut-\u00eatre que la position la plus extr\u00eame sur la question a \u00e9t\u00e9 prise r\u00e9cemment par l&rsquo;ancien PDG de Twitter <strong>Jack Dorsey<\/strong>qui a d\u00e9clar\u00e9 dans un article sur les r\u00e9seaux sociaux le mois dernier: \u00abSupprimer toute la loi IP\u00bb.<\/p>\n<p>La proposition a \u00e9t\u00e9 approuv\u00e9e par Elon Musk, qui a r\u00e9pondu: \u00abJe suis d&rsquo;accord.\u00bb<\/p>\n","protected":false},"excerpt":{"rendered":"Les rapports de cette semaine selon lesquels le gouvernement britannique pourrait \u00e9loigner d&rsquo;une proposition visant \u00e0 desserrer les&hellip;\n","protected":false},"author":2,"featured_media":13736,"comment_status":"","ping_status":"","sticky":false,"template":"","format":"standard","meta":{"footnotes":""},"categories":[1588],"tags":[11,16925,15145,1444,6083,6084,1777,674,8712,418,16926,151,420,3736,12,1095,3241,473,1853,1873,3356,1851,1850,1852],"class_list":{"0":"post-67703","1":"post","2":"type-post","3":"status-publish","4":"format-standard","5":"has-post-thumbnail","7":"category-royaume-uni","8":"tag-actualites","9":"tag-amendements","10":"tag-britannique","11":"tag-contre","12":"tag-d39auteur","13":"tag-droit","14":"tag-eu","15":"tag-europe","16":"tag-garde","17":"tag-gouvernement","18":"tag-l39industrie","19":"tag-les","20":"tag-loi","21":"tag-met","22":"tag-news","23":"tag-projet","24":"tag-record","25":"tag-royaume-uni","26":"tag-royaume-uni-de-grande-bretagne-et-dirlande-du-nord","27":"tag-royaumeuni","28":"tag-sur","29":"tag-uk","30":"tag-united-kingdom","31":"tag-united-kingdom-of-great-britain-and-northern-ireland"},"share_on_mastodon":{"url":"https:\/\/pubeurope.com\/@fr\/114434467614452609","error":""},"_links":{"self":[{"href":"https:\/\/www.europesays.com\/fr\/wp-json\/wp\/v2\/posts\/67703","targetHints":{"allow":["GET"]}}],"collection":[{"href":"https:\/\/www.europesays.com\/fr\/wp-json\/wp\/v2\/posts"}],"about":[{"href":"https:\/\/www.europesays.com\/fr\/wp-json\/wp\/v2\/types\/post"}],"author":[{"embeddable":true,"href":"https:\/\/www.europesays.com\/fr\/wp-json\/wp\/v2\/users\/2"}],"replies":[{"embeddable":true,"href":"https:\/\/www.europesays.com\/fr\/wp-json\/wp\/v2\/comments?post=67703"}],"version-history":[{"count":0,"href":"https:\/\/www.europesays.com\/fr\/wp-json\/wp\/v2\/posts\/67703\/revisions"}],"wp:featuredmedia":[{"embeddable":true,"href":"https:\/\/www.europesays.com\/fr\/wp-json\/wp\/v2\/media\/13736"}],"wp:attachment":[{"href":"https:\/\/www.europesays.com\/fr\/wp-json\/wp\/v2\/media?parent=67703"}],"wp:term":[{"taxonomy":"category","embeddable":true,"href":"https:\/\/www.europesays.com\/fr\/wp-json\/wp\/v2\/categories?post=67703"},{"taxonomy":"post_tag","embeddable":true,"href":"https:\/\/www.europesays.com\/fr\/wp-json\/wp\/v2\/tags?post=67703"}],"curies":[{"name":"wp","href":"https:\/\/api.w.org\/{rel}","templated":true}]}}