{"id":677040,"date":"2026-01-20T15:55:11","date_gmt":"2026-01-20T15:55:11","guid":{"rendered":"https:\/\/www.europesays.com\/fr\/677040\/"},"modified":"2026-01-20T15:55:11","modified_gmt":"2026-01-20T15:55:11","slug":"voici-a-partir-de-quelle-altitude-le-coeur-devient-plus-vulnerable-apres-60-ans","status":"publish","type":"post","link":"https:\/\/www.europesays.com\/fr\/677040\/","title":{"rendered":"voici \u00e0 partir de quelle altitude le c\u0153ur devient plus vuln\u00e9rable apr\u00e8s 60 ans"},"content":{"rendered":"<p>C\u0153ur et altitude apr\u00e8s 60 ans : ce que personne ne vous<br \/>\ndit<\/p>\n<p>Ski, randonn\u00e9e, souvenirs en famille : pass\u00e9 60 ans, la montagne<br \/>\nattire toujours. Le c\u0153ur, lui, n\u2019a plus tout \u00e0 fait les m\u00eames<br \/>\nr\u00e9serves qu\u2019\u00e0 40 ans. Le risque n\u2019est pas th\u00e9orique. Comme le<br \/>\nrappelle Pr G\u00e9rard Helft : \u00ab\u00a0Les maladies cardiovasculaires sont<br \/>\nl\u2019affaire de tous\u202f: elles sont responsables de 400 d\u00e9c\u00e8s par jour<br \/>\net demeurent la premi\u00e8re cause de mortalit\u00e9 chez les femmes . Je<br \/>\nveux rappeler que rien n\u2019est d\u00e9finitif si chacun en prend<br \/>\nconscience et am\u00e9liore son hygi\u00e8ne de vie\u00a0\u00bb, selon la<br \/>\n<strong>F\u00e9d\u00e9ration Fran\u00e7aise de Cardiologie<\/strong>. Un rappel<br \/>\nutile au moment de choisir une station.<\/p>\n<p>Ce que beaucoup prennent pour une simple grosse fatigue en<br \/>\narrivant peut traduire une hypoxie mal tol\u00e9r\u00e9e. Le contexte, le<br \/>\nvoyage, le stress n\u2019expliquent pas tout. La montagne teste votre<br \/>\ncapacit\u00e9 d\u2019adaptation, y compris sans ant\u00e9c\u00e9dent connu. Le signal \u00e0<br \/>\nguetter est pr\u00e9cis.<\/p>\n<p>1 800 m\u00e8tres : le seuil qui change tout pour le c\u0153ur<br \/>\nsenior<\/p>\n<p>Oubliez l\u2019id\u00e9e que seuls les sommets \u00e0 3 000 m posent probl\u00e8me.<br \/>\nApr\u00e8s <strong>60 ans<\/strong>, des m\u00e9canismes de compensation<br \/>\ns\u2019activent d\u00e8s <strong>1 800 m\u00e8tres<\/strong>, selon<br \/>\nl\u2019<strong>IFREMMONT<\/strong>. La pression atmosph\u00e9rique baisse et<br \/>\nla quantit\u00e9 d\u2019oxyg\u00e8ne disponible chute d\u2019environ 20 %. Chez<br \/>\ncertains, la saturation peut passer sous <strong>SpO2 &lt; 90<br \/>\n%<\/strong>, ce qui signe un vrai risque. Le c\u0153ur doit alors fournir<br \/>\nplus d\u2019efforts pour maintenir l\u2019irrigation.<\/p>\n<p>Le sympt\u00f4me \u00e0 v\u00e9rifier avant de monter, c\u2019est la<br \/>\n<strong>tachycardie r\u00e9actionnelle<\/strong>. Concr\u00e8tement, le c\u0153ur<br \/>\ns\u2019emballe pour un effort minime : quelques marches, une rue en<br \/>\npente. Parfois, l\u2019acc\u00e9l\u00e9ration survient au repos la nuit en<br \/>\nstation. Ce battement trop rapide traduit la compensation d\u2019un<br \/>\nmanque d\u2019oxyg\u00e8ne. Sur un c\u0153ur aux coronaires rigidifi\u00e9es par l\u2019\u00e2ge<br \/>\nou une hypertension, cela peut annoncer une isch\u00e9mie<br \/>\nsilencieuse.<\/p>\n<p>Avant la station : les v\u00e9rifications qui vous prot\u00e8gent<\/p>\n<p>Faites le test des deux \u00e9tages chez vous : si vous \u00eates \u00e0 bout<br \/>\nde souffle en haut, consultez avant le d\u00e9part. \u00c9vitez de passer du<br \/>\nniveau de la mer \u00e0 2 000 m en quatre heures. Pr\u00e9f\u00e9rez une nuit<br \/>\nd\u2019acclimatation vers <strong>1 200\u20131 400 m\u00e8tres<\/strong>. Ce palier<br \/>\npermet au corps d\u2019ajuster respiration et circulation sans<br \/>\nbrusquerie. Votre marge de s\u00e9curit\u00e9 augmente.<\/p>\n<p>Pensez hydratation, car l\u2019air sec et l\u2019hyperventilation<br \/>\nd\u00e9shydratent vite. Ajoutez environ <strong>1,5 litre<\/strong> d\u2019eau<br \/>\npar jour pour \u00e9viter un sang \u00e9paissi qui fatigue le c\u0153ur. Le soir<br \/>\nde l\u2019arriv\u00e9e, bannissez les <strong>benzodiaz\u00e9pines<\/strong> si<br \/>\nvous avez du mal \u00e0 dormir. Ces somnif\u00e8res d\u00e9priment la respiration<br \/>\nnocturne et majorent l\u2019hypoxie en altitude. Une tisane ou un peu de<br \/>\nm\u00e9latonine suffisent.<\/p>\n<p>Sympt\u00f4mes en station apr\u00e8s 60 ans : que<br \/>\nfaire au\u2011dessus de 1 800 m ?<\/p>\n<p>Martine, 64 ans, retrait\u00e9e active, a cru \u00e0 une bronchite en<br \/>\narrivant aux Arcs. La nuit, une toux s\u00e8che et une sensation<br \/>\nd\u2019\u00e9touffement allong\u00e9e l\u2019ont surprise. Le diagnostic r\u00e9el : un<br \/>\nd\u00e9but d\u2019\u0153d\u00e8me pulmonaire de haute altitude, favoris\u00e9 par une<br \/>\nhypertension m\u00e9connue. La d\u00e9cision a \u00e9t\u00e9 simple, la redescendre en<br \/>\nurgence. Un sc\u00e9nario typique quand les signaux sont minimis\u00e9s.<\/p>\n<p>Si un c\u0153ur qui s\u2019acc\u00e9l\u00e8re anormalement, une fatigue \u00e9crasante,<br \/>\nune oppression thoracique ou une toux nocturne apparaissent,<br \/>\nn\u2019attendez pas. Stoppez l\u2019effort, restez au chaud et organisez une<br \/>\ndescente. Un avis m\u00e9dical s\u2019impose, m\u00eame si la douleur n\u2019est pas<br \/>\nfranche. \u00c0 l\u2019avenir, ciblez des stations plus basses ou respectez<br \/>\nun palier d\u2019acclimatation. Votre s\u00e9curit\u00e9 commence par \u00e9couter ce<br \/>\nsigne simple : le rythme de votre c\u0153ur.<\/p>\n","protected":false},"excerpt":{"rendered":"C\u0153ur et altitude apr\u00e8s 60 ans : ce que personne ne vous dit Ski, randonn\u00e9e, souvenirs en famille&hellip;\n","protected":false},"author":2,"featured_media":677041,"comment_status":"","ping_status":"","sticky":false,"template":"","format":"standard","meta":{"footnotes":""},"categories":[10],"tags":[930,4934,13041,24160,1764,150,6521,1805,6475,12219,1011,27,72,5324,5537,378,3837,71,3552,6013,15707],"class_list":{"0":"post-677040","1":"post","2":"type-post","3":"status-publish","4":"format-standard","5":"has-post-thumbnail","7":"category-sante","8":"tag-le","9":"tag-4934","10":"tag-a","11":"tag-altitude","12":"tag-ans","13":"tag-apres","14":"tag-coeur","15":"tag-de","16":"tag-devient","17":"tag-et","18":"tag-fr","19":"tag-france","20":"tag-health","21":"tag-montagne","22":"tag-partir","23":"tag-plus","24":"tag-quelle","25":"tag-sante","26":"tag-seniors","27":"tag-voici","28":"tag-vulnerable"},"share_on_mastodon":{"url":"https:\/\/pubeurope.com\/@fr\/115928244305085444","error":""},"_links":{"self":[{"href":"https:\/\/www.europesays.com\/fr\/wp-json\/wp\/v2\/posts\/677040","targetHints":{"allow":["GET"]}}],"collection":[{"href":"https:\/\/www.europesays.com\/fr\/wp-json\/wp\/v2\/posts"}],"about":[{"href":"https:\/\/www.europesays.com\/fr\/wp-json\/wp\/v2\/types\/post"}],"author":[{"embeddable":true,"href":"https:\/\/www.europesays.com\/fr\/wp-json\/wp\/v2\/users\/2"}],"replies":[{"embeddable":true,"href":"https:\/\/www.europesays.com\/fr\/wp-json\/wp\/v2\/comments?post=677040"}],"version-history":[{"count":0,"href":"https:\/\/www.europesays.com\/fr\/wp-json\/wp\/v2\/posts\/677040\/revisions"}],"wp:featuredmedia":[{"embeddable":true,"href":"https:\/\/www.europesays.com\/fr\/wp-json\/wp\/v2\/media\/677041"}],"wp:attachment":[{"href":"https:\/\/www.europesays.com\/fr\/wp-json\/wp\/v2\/media?parent=677040"}],"wp:term":[{"taxonomy":"category","embeddable":true,"href":"https:\/\/www.europesays.com\/fr\/wp-json\/wp\/v2\/categories?post=677040"},{"taxonomy":"post_tag","embeddable":true,"href":"https:\/\/www.europesays.com\/fr\/wp-json\/wp\/v2\/tags?post=677040"}],"curies":[{"name":"wp","href":"https:\/\/api.w.org\/{rel}","templated":true}]}}