{"id":677076,"date":"2026-01-20T16:13:18","date_gmt":"2026-01-20T16:13:18","guid":{"rendered":"https:\/\/www.europesays.com\/fr\/677076\/"},"modified":"2026-01-20T16:13:18","modified_gmt":"2026-01-20T16:13:18","slug":"pres-de-grenoble-degagement-de-fumee-a-lecole-maternelle-les-enfants-evacues","status":"publish","type":"post","link":"https:\/\/www.europesays.com\/fr\/677076\/","title":{"rendered":"Pr\u00e8s de Grenoble : d\u00e9gagement de fum\u00e9e \u00e0 l&rsquo;\u00e9cole maternelle, les enfants \u00e9vacu\u00e9s"},"content":{"rendered":"<p>Mardi 20 janvier, les pompiers is\u00e9rois sont intervenus dans une \u00e9cole maternelle \u00e0 Saint-Martin-d&rsquo;H\u00e8res, pr\u00e8s de Grenoble, pour un d\u00e9gagement de fum\u00e9e. Les \u00e9l\u00e8ves ont \u00e9t\u00e9 \u00e9vacu\u00e9s le temps de l&rsquo;intervention.<\/p>\n<p><b>Une soixantaine d&rsquo;enfants<\/b> ont \u00e9t\u00e9 mis en s\u00e9curit\u00e9 avant de pouvoir retourner dans leurs classes \u00e0 l&rsquo;\u00e9cole maternelle Paul Bert de\u00a0<b>Saint-Martin-d&rsquo;H\u00e8res<\/b>, dans la m\u00e9tropole de Grenoble.<\/p>\n<p>Vers 8h30 du matin, ce mardi 20 janvier, <b>un d\u00e9gagement de fum\u00e9e<\/b> est survenu dans l&rsquo;une des classes de l&rsquo;\u00e9tablissement scolaire.<\/p>\n<p>Selon <a class=\"url\" href=\"https:\/\/www.ledauphine.com\/faits-divers-justice\/2026\/01\/20\/une-soixantaine-d-eleves-evacues-apres-un-court-circuit\" target=\"_blank\" rel=\"noopener\">Le Dauphin\u00e9 Lib\u00e9r\u00e9<\/a>, les pompiers ont rep\u00e9r\u00e9 l&rsquo;origine de la fum\u00e9e : <b>un court-circuit sur un n\u00e9on<\/b>.<\/p>\n<p>Le probl\u00e8me rapidement r\u00e9solu, les \u00e9l\u00e8ves ont pu revenir dans l&rsquo;\u00e9cole maternelle. Aucune personne n&rsquo;a \u00e9t\u00e9 bless\u00e9e.<\/p>\n<p><img loading=\"lazy\" decoding=\"async\" src=\"https:\/\/www.europesays.com\/fr\/wp-content\/uploads\/2026\/01\/1768925598_933_img.png\" width=\"350\" height=\"200\" border=\"0\" title=\"D\u00c3\u00a9cor Halloween pour les 45 ans du parc Walibi Rh\u00c3\u00b4ne-Alpes (archive)\"\/><\/p>\n<p>\u25baConso<\/p>\n<p style=\"font-size: 22px;\"><b>Une saison 2025 exceptionnelle pour Walibi Rh\u00f4ne-Alpes, qui recrute !<\/b><\/p>\n<p>Le parc d&rsquo;attractions Walibi Rh\u00f4ne-Alpes, situ\u00e9&#8230;<\/p>\n<p><\/p>\n","protected":false},"excerpt":{"rendered":"Mardi 20 janvier, les pompiers is\u00e9rois sont intervenus dans une \u00e9cole maternelle \u00e0 Saint-Martin-d&rsquo;H\u00e8res, pr\u00e8s de Grenoble, pour&hellip;\n","protected":false},"author":2,"featured_media":677077,"comment_status":"","ping_status":"","sticky":false,"template":"","format":"standard","meta":{"footnotes":""},"categories":[9566],"tags":[77551,1111,11,2430,1777,674,1011,27,2731,15583,12,25,43679],"class_list":{"0":"post-677076","1":"post","2":"type-post","3":"status-publish","4":"format-standard","5":"has-post-thumbnail","7":"category-grenoble","8":"tag-cole-maternelle","9":"tag-actu","10":"tag-actualites","11":"tag-auvergne-rhone-alpes","12":"tag-eu","13":"tag-europe","14":"tag-fr","15":"tag-france","16":"tag-grenoble","17":"tag-isre","18":"tag-news","19":"tag-republique-francaise","20":"tag-saint-martin-dhres"},"share_on_mastodon":{"url":"https:\/\/pubeurope.com\/@fr\/115928314984437437","error":""},"_links":{"self":[{"href":"https:\/\/www.europesays.com\/fr\/wp-json\/wp\/v2\/posts\/677076","targetHints":{"allow":["GET"]}}],"collection":[{"href":"https:\/\/www.europesays.com\/fr\/wp-json\/wp\/v2\/posts"}],"about":[{"href":"https:\/\/www.europesays.com\/fr\/wp-json\/wp\/v2\/types\/post"}],"author":[{"embeddable":true,"href":"https:\/\/www.europesays.com\/fr\/wp-json\/wp\/v2\/users\/2"}],"replies":[{"embeddable":true,"href":"https:\/\/www.europesays.com\/fr\/wp-json\/wp\/v2\/comments?post=677076"}],"version-history":[{"count":0,"href":"https:\/\/www.europesays.com\/fr\/wp-json\/wp\/v2\/posts\/677076\/revisions"}],"wp:featuredmedia":[{"embeddable":true,"href":"https:\/\/www.europesays.com\/fr\/wp-json\/wp\/v2\/media\/677077"}],"wp:attachment":[{"href":"https:\/\/www.europesays.com\/fr\/wp-json\/wp\/v2\/media?parent=677076"}],"wp:term":[{"taxonomy":"category","embeddable":true,"href":"https:\/\/www.europesays.com\/fr\/wp-json\/wp\/v2\/categories?post=677076"},{"taxonomy":"post_tag","embeddable":true,"href":"https:\/\/www.europesays.com\/fr\/wp-json\/wp\/v2\/tags?post=677076"}],"curies":[{"name":"wp","href":"https:\/\/api.w.org\/{rel}","templated":true}]}}