{"id":677091,"date":"2026-01-20T16:23:52","date_gmt":"2026-01-20T16:23:52","guid":{"rendered":"https:\/\/www.europesays.com\/fr\/677091\/"},"modified":"2026-01-20T16:23:52","modified_gmt":"2026-01-20T16:23:52","slug":"il-profite-dune-permission-de-sortie-pour-sevader-de-la-prison-de-nantes-il-est-interpelle","status":"publish","type":"post","link":"https:\/\/www.europesays.com\/fr\/677091\/","title":{"rendered":"Il profite d\u2019une permission de sortie pour s\u2019\u00e9vader de la prison de Nantes : il est interpell\u00e9"},"content":{"rendered":"<tr wp_automatic_readability=\"5.90625\">\n<td valign=\"middle\" align=\"center\" class=\"col-logo\" wp_automatic_readability=\"5\">\n    <img decoding=\"async\" src=\"https:\/\/maville.com\/design\/images\/logo-of-monetise.svg?version=20130627\" alt=\"logo Ouest-France\" height=\"66\"\/><\/p>\n<p>Contenu r\u00e9serv\u00e9 aux abonn\u00e9s<\/p>\n<\/td>\n<td class=\"col-titre\">\n\t\t\tMardi 20 janvier 2026 14:57<br \/>\n\t\t\t<a class=\"icon-bulle sizeL count\" href=\"#ancreAvis\"><br \/>\n\t&#8230;<br \/>\n<\/a><\/td>\n<\/tr>\n<p>\t\t<a class=\"mavillebox2 elmt-photo\" href=\"https:\/\/maville.com\/photosmvi\/2026\/01\/20\/P35700308D7152910G.jpg\" title=\" Un homme d\u2019une trentaine d\u2019ann\u00e9es a \u00e9t\u00e9 interpell\u00e9, lundi 19\u00a0janvier 2026 en fin d\u2019apr\u00e8s-midi \u00e0 Saint-Malo (Ille-et-Vilaine). Il s\u2019\u00e9tait \u00e9vad\u00e9 apr\u00e8s une permission de sortie en mai\u00a02025 de la maison d\u2019arr\u00eat de Nantes (Loire-Atlantique).  \u00a9  Vincent Michel \/ Archives Ouest-France  \" rel=\"galerie_actu noopener\" target=\"_blank\"><br \/>\n\t<img decoding=\"async\" src=\"https:\/\/www.europesays.com\/fr\/wp-content\/uploads\/2026\/01\/P35700308D7152910G_crop_640-330_.jpg\" alt=\"photo  un homme d\u2019une trentaine d\u2019ann\u00e9es a \u00e9t\u00e9 interpell\u00e9, lundi 19\u00a0janvier 2026 en fin d\u2019apr\u00e8s-midi \u00e0 saint-malo (ille-et-vilaine). il s\u2019\u00e9tait \u00e9vad\u00e9 apr\u00e8s une permission de sortie en mai\u00a02025 de la maison d\u2019arr\u00eat de nantes (loire-atlantique).  \u00a9  vincent michel \/ archives ouest-france \"\/><br \/>\n\t1<br \/>\n<\/a><\/p>\n<p class=\"elmt-legende\"> Un homme d\u2019une trentaine d\u2019ann\u00e9es a \u00e9t\u00e9 interpell\u00e9, lundi 19\u00a0janvier 2026 en fin d\u2019apr\u00e8s-midi \u00e0 Saint-Malo (Ille-et-Vilaine). Il s\u2019\u00e9tait \u00e9vad\u00e9 apr\u00e8s une permission de sortie en mai\u00a02025 de la maison d\u2019arr\u00eat de Nantes (Loire-Atlantique).  \u00a9  Vincent Michel \/ Archives Ouest-France  <\/p>\n<p>\t\tUn homme d\u2019une trentaine d\u2019ann\u00e9es a \u00e9t\u00e9 interpell\u00e9, lundi 19\u00a0janvier 2026 en fin d\u2019apr\u00e8s-midi \u00e0 Saint-Malo (Ille-et-Vilaine). Il s\u2019\u00e9tait \u00e9vad\u00e9 apr\u00e8s une permission de sortie en mai\u00a02025 de la maison d\u2019arr\u00eat de Nantes (Loire-Atlantique).<\/p>\n<p><b>Cet article est r\u00e9serv\u00e9 aux abonn\u00e9s<\/b><\/p>\n<p>Pour un acc\u00e8s imm\u00e9diat, abonnez-vous<\/p>\n<p><b>1\u00e8re semaine offerte<\/b><\/p>\n<p>\t\tOuest-France<\/p>\n<p>Retrouvez d&rsquo;autres actus sur les communes de :<\/p>\n<p>\t\t&#13;<\/p>\n","protected":false},"excerpt":{"rendered":"Contenu r\u00e9serv\u00e9 aux abonn\u00e9s Mardi 20 janvier 2026 14:57 &#8230; 1 Un homme d\u2019une trentaine d\u2019ann\u00e9es a \u00e9t\u00e9&hellip;\n","protected":false},"author":2,"featured_media":677092,"comment_status":"","ping_status":"","sticky":false,"template":"","format":"standard","meta":{"footnotes":""},"categories":[2818],"tags":[15765,1111,11,1777,674,77555,1011,27,9817,2561,766,12,2636,77554,806,22549,25,3728,3686],"class_list":{"0":"post-677091","1":"post","2":"type-post","3":"status-publish","4":"format-standard","5":"has-post-thumbnail","7":"category-nantes","8":"tag-15765","9":"tag-actu","10":"tag-actualites","11":"tag-eu","12":"tag-europe","13":"tag-evader","14":"tag-fr","15":"tag-france","16":"tag-interpelle","17":"tag-mois","18":"tag-nantes","19":"tag-news","20":"tag-pays-de-la-loire","21":"tag-permission","22":"tag-prison","23":"tag-profite","24":"tag-republique-francaise","25":"tag-saint-malo","26":"tag-sortie"},"share_on_mastodon":{"url":"https:\/\/pubeurope.com\/@fr\/115928358225004889","error":""},"_links":{"self":[{"href":"https:\/\/www.europesays.com\/fr\/wp-json\/wp\/v2\/posts\/677091","targetHints":{"allow":["GET"]}}],"collection":[{"href":"https:\/\/www.europesays.com\/fr\/wp-json\/wp\/v2\/posts"}],"about":[{"href":"https:\/\/www.europesays.com\/fr\/wp-json\/wp\/v2\/types\/post"}],"author":[{"embeddable":true,"href":"https:\/\/www.europesays.com\/fr\/wp-json\/wp\/v2\/users\/2"}],"replies":[{"embeddable":true,"href":"https:\/\/www.europesays.com\/fr\/wp-json\/wp\/v2\/comments?post=677091"}],"version-history":[{"count":0,"href":"https:\/\/www.europesays.com\/fr\/wp-json\/wp\/v2\/posts\/677091\/revisions"}],"wp:featuredmedia":[{"embeddable":true,"href":"https:\/\/www.europesays.com\/fr\/wp-json\/wp\/v2\/media\/677092"}],"wp:attachment":[{"href":"https:\/\/www.europesays.com\/fr\/wp-json\/wp\/v2\/media?parent=677091"}],"wp:term":[{"taxonomy":"category","embeddable":true,"href":"https:\/\/www.europesays.com\/fr\/wp-json\/wp\/v2\/categories?post=677091"},{"taxonomy":"post_tag","embeddable":true,"href":"https:\/\/www.europesays.com\/fr\/wp-json\/wp\/v2\/tags?post=677091"}],"curies":[{"name":"wp","href":"https:\/\/api.w.org\/{rel}","templated":true}]}}